{"id":7972,"date":"2020-02-14T22:54:32","date_gmt":"2020-02-15T01:54:32","guid":{"rendered":"http:\/\/ultimato.com.br\/sites\/jovem\/?p=7972"},"modified":"2021-10-26T11:49:59","modified_gmt":"2021-10-26T14:49:59","slug":"a-expectativa-de-deus-com-seus-filhos","status":"publish","type":"post","link":"https:\/\/ultimato.com.br\/sites\/jovem\/2020\/02\/14\/a-expectativa-de-deus-com-seus-filhos\/","title":{"rendered":"A expectativa de Deus com seus filhos"},"content":{"rendered":"<div>\n<p><em><em><em>Por Gabriel Louback<\/em><\/em><\/em><\/p>\n<\/div>\n<div>\n<p><img loading=\"lazy\" decoding=\"async\" class=\"alignright size-medium wp-image-7973\" src=\"http:\/\/ultimato.com.br\/sites\/jovem\/files\/2020\/02\/UltJovem_14_02_20_pai-200x300.jpg\" alt=\"\" width=\"200\" height=\"300\" srcset=\"https:\/\/ultimato.com.br\/sites\/jovem\/files\/2020\/02\/UltJovem_14_02_20_pai-200x300.jpg 200w, https:\/\/ultimato.com.br\/sites\/jovem\/files\/2020\/02\/UltJovem_14_02_20_pai.jpg 368w\" sizes=\"auto, (max-width: 200px) 100vw, 200px\" \/>De manh\u00e3, enquanto caminho pelo corredor para pegar minha filha no ber\u00e7o, a expectativa cresce dentro de mim. Sei que, assim que abrir as cortinas, verei os olhos dela, sorrindo para mim, esperando por mim; j\u00e1 em p\u00e9, levantando os bra\u00e7os para ser erguida no ar e receber meu abra\u00e7o.Mal posso esperar pela hora de encontr\u00e1-la, de v\u00ea-la acordada, esperando por mim para que comecemos juntos o nosso dia.<\/p>\n<p>A paternidade \u00e9 incr\u00edvel, pois invariavelmente nos leva a pensarmos em nosso Pai.<\/p>\n<p>Fiquei, ent\u00e3o, pensando em Deus vendo o dia amanhecer, observando com expectativa a gente acordar. Imaginei-O aguardando pelo momento em que abriremos nossos olhos, em que despertaremos para um novo dia e, ent\u00e3o, olharemos para Ele, erguendo nossos bra\u00e7os e dando um abra\u00e7o em forma de bom dia, quando contaremos para Ele sobre nossa manh\u00e3, o dia que come\u00e7a e como foi nossa noite.<\/p>\n<p>Se eu tenho essa expectativa com minha filha, por que Deus tamb\u00e9m n\u00e3o teria com os Seus filhos?<\/p>\n<p>Ent\u00e3o, fiquei pensando em quantas e quantas vezes eu mesmo n\u00e3o fa\u00e7o isso de manh\u00e3, com Ele. Quantas vezes levanto e nem dou bom dia, ou nem lembro de que fui dormir enquanto Ele me olhava e cuidava de mim. De quantas vezes acordei, peguei o celular antes de levantar, vi as mensagens no WhatsApp e Telegram, vi as not\u00edcias, chequei o Twitter e os likes no Instagram. E, quando enfim me levantei, quantas vezes passei o dia todo sem nem pensar Nele, quanto mais conversar ou olhar para Ele; fosse o m\u00ednimo para falar com Ele, falar de mim, clamar por algu\u00e9m, v\u00ea-Lo nos olhos de quem sofre ou algu\u00e9m cruza o meu caminho no meu dia.<\/p>\n<p>Penso e digo isso n\u00e3o com peso ou cobran\u00e7a; apenas como um reflexo da minha experi\u00eancia e expectativa com minha filha, e pensando em como nosso Pai tem prazer em se relacionar conosco, em ouvir de n\u00f3s, saber com nossas palavras como estamos nos sentindo, nem que seja um pensamento traduzido em gemidos inexprim\u00edveis; como Ele \u00e9 <b>realmente<\/b>\u00a0nosso Pai, e\u00a0<b>realmente<\/b> nos trata como filhos, n\u00e3o apenas formalmente, mas quer e busca ter uma rela\u00e7\u00e3o de paternidade conosco&#8230; como Ele\u00a0nos espera sempre de bra\u00e7os abertos pelo momento em que correremos para seu abra\u00e7o.<\/p>\n<p><em>&#8220;Ent\u00e3o voltou para a casa de seu pai. Quando ele ainda estava longe, seu pai o viu. Cheio de compaix\u00e3o, correu para o filho, o abra\u00e7ou e o beijou.&#8221;<\/em> &#8211; Lucas 15:20<\/p>\n<\/div>\n<div><\/div>\n<ul>\n<li><strong>Gabriel Louback<\/strong> \u00e9 jornalista e storyteller, contando hist\u00f3rias por meio de textos ou roteiros de v\u00eddeo, trazendo esperan\u00e7a e apontando a presen\u00e7a do reino nos lugares mais inusitados e inesperados.<\/li>\n<\/ul>\n","protected":false},"excerpt":{"rendered":"<p>Por Gabriel Louback De manh\u00e3, enquanto caminho pelo corredor para pegar minha filha no ber\u00e7o, a expectativa cresce dentro de mim. Sei que, assim que abrir as cortinas, verei os olhos dela, sorrindo para mim, esperando por mim; j\u00e1 em p\u00e9, levantando os bra\u00e7os para ser erguida no ar e receber meu abra\u00e7o.Mal posso esperar [&hellip;]<\/p>\n","protected":false},"author":19,"featured_media":0,"comment_status":"open","ping_status":"open","sticky":false,"template":"","format":"standard","meta":{"ngg_post_thumbnail":0,"footnotes":""},"categories":[6054],"tags":[37938,124,4067,15595],"class_list":["post-7972","post","type-post","status-publish","format-standard","hentry","category-textos","tag-gabriel-louback","tag-oracao","tag-pai","tag-paternidade"],"_links":{"self":[{"href":"https:\/\/ultimato.com.br\/sites\/jovem\/wp-json\/wp\/v2\/posts\/7972","targetHints":{"allow":["GET"]}}],"collection":[{"href":"https:\/\/ultimato.com.br\/sites\/jovem\/wp-json\/wp\/v2\/posts"}],"about":[{"href":"https:\/\/ultimato.com.br\/sites\/jovem\/wp-json\/wp\/v2\/types\/post"}],"author":[{"embeddable":true,"href":"https:\/\/ultimato.com.br\/sites\/jovem\/wp-json\/wp\/v2\/users\/19"}],"replies":[{"embeddable":true,"href":"https:\/\/ultimato.com.br\/sites\/jovem\/wp-json\/wp\/v2\/comments?post=7972"}],"version-history":[{"count":4,"href":"https:\/\/ultimato.com.br\/sites\/jovem\/wp-json\/wp\/v2\/posts\/7972\/revisions"}],"predecessor-version":[{"id":8799,"href":"https:\/\/ultimato.com.br\/sites\/jovem\/wp-json\/wp\/v2\/posts\/7972\/revisions\/8799"}],"wp:attachment":[{"href":"https:\/\/ultimato.com.br\/sites\/jovem\/wp-json\/wp\/v2\/media?parent=7972"}],"wp:term":[{"taxonomy":"category","embeddable":true,"href":"https:\/\/ultimato.com.br\/sites\/jovem\/wp-json\/wp\/v2\/categories?post=7972"},{"taxonomy":"post_tag","embeddable":true,"href":"https:\/\/ultimato.com.br\/sites\/jovem\/wp-json\/wp\/v2\/tags?post=7972"}],"curies":[{"name":"wp","href":"https:\/\/api.w.org\/{rel}","templated":true}]}}