{"id":794,"date":"2011-06-24T14:50:30","date_gmt":"2011-06-24T17:50:30","guid":{"rendered":"http:\/\/ultimato.com.br\/sites\/jovem\/?p=794"},"modified":"2011-06-24T14:51:40","modified_gmt":"2011-06-24T17:51:40","slug":"semana-de-reflexao-teologica-em-sao-paulo","status":"publish","type":"post","link":"https:\/\/ultimato.com.br\/sites\/jovem\/2011\/06\/24\/semana-de-reflexao-teologica-em-sao-paulo\/","title":{"rendered":"Semana de Reflex\u00e3o Teol\u00f3gica em S\u00e3o Paulo"},"content":{"rendered":"<p>Mora em S\u00e3o Paulo? Ent\u00e3o reserve\u00a0as noites entre os dias 4 e 8 de Julho para a\u00a0<strong>Semana de Reflex\u00e3o Teol\u00f3gica<\/strong> 2011 da ABU-SP. O evento tem como temas &#8220;S\u00f3 se vive uma vida!&#8221;.\u00a0Ariovaldo Ramos e Gedeon Alencar s\u00e3o os palestrantes escalados, enquanto as rodas de di\u00e1logo ter\u00e3o participa\u00e7\u00e3o especial de\u00a0Aline Cavalcanti (Obreira ABU SP),\u00a0Br\u00e1ulio Craveiro Junior (ex-presidente da ABUB),\u00a0Bruno Barreto,\u00a0Caio Mar\u00e7al (Secret\u00e1rio de Mobiliza\u00e7\u00e3o &#8211; Rede FALE),\u00a0David Kurka (ABU Campinas),\u00a0Raquel Arouca (A Rocha Brasil),\u00a0Giovanna Amaral (Sec. Comunica\u00e7\u00e3o ABUB) e\u00a0Gustavo da Hora (ABU SP).<\/p>\n<p>Veja mais informa\u00e7\u00f5es:<\/p>\n<p><a href=\"http:\/\/ultimato.com.br\/sites\/jovem\/files\/2011\/06\/srt_2011_04_corrigido.jpg\" class=\"lightview\" data-lightview-group=\"group-794\" data-lightview-options=\"skin: 'dark', controls: 'relative', padding: '10', shadow: { color: '#000000', opacity: 0.08, blur: 3 }\" data-lightview-title=\"srt_2011_04_corrigido\"><img loading=\"lazy\" decoding=\"async\" class=\"alignleft size-full wp-image-795\" title=\"srt_2011_04_corrigido\" src=\"http:\/\/ultimato.com.br\/sites\/jovem\/files\/2011\/06\/srt_2011_04_corrigido.jpg\" alt=\"\" width=\"576\" height=\"426\" srcset=\"https:\/\/ultimato.com.br\/sites\/jovem\/files\/2011\/06\/srt_2011_04_corrigido.jpg 1200w, https:\/\/ultimato.com.br\/sites\/jovem\/files\/2011\/06\/srt_2011_04_corrigido-300x221.jpg 300w, https:\/\/ultimato.com.br\/sites\/jovem\/files\/2011\/06\/srt_2011_04_corrigido-1024x756.jpg 1024w, https:\/\/ultimato.com.br\/sites\/jovem\/files\/2011\/06\/srt_2011_04_corrigido-150x110.jpg 150w\" sizes=\"auto, (max-width: 576px) 100vw, 576px\" \/><\/a><\/p>\n","protected":false},"excerpt":{"rendered":"<p>Mora em S\u00e3o Paulo? Ent\u00e3o reserve\u00a0as noites entre os dias 4 e 8 de Julho para a\u00a0Semana de Reflex\u00e3o Teol\u00f3gica 2011 da ABU-SP. O evento tem como temas &#8220;S\u00f3 se vive uma vida!&#8221;.\u00a0Ariovaldo Ramos e Gedeon Alencar s\u00e3o os palestrantes escalados, enquanto as rodas de di\u00e1logo ter\u00e3o participa\u00e7\u00e3o especial de\u00a0Aline Cavalcanti (Obreira ABU SP),\u00a0Br\u00e1ulio Craveiro [&hellip;]<\/p>\n","protected":false},"author":19,"featured_media":0,"comment_status":"open","ping_status":"open","sticky":false,"template":"","format":"standard","meta":{"ngg_post_thumbnail":0,"footnotes":""},"categories":[9],"tags":[],"class_list":["post-794","post","type-post","status-publish","format-standard","hentry","category-sem-categoria"],"_links":{"self":[{"href":"https:\/\/ultimato.com.br\/sites\/jovem\/wp-json\/wp\/v2\/posts\/794","targetHints":{"allow":["GET"]}}],"collection":[{"href":"https:\/\/ultimato.com.br\/sites\/jovem\/wp-json\/wp\/v2\/posts"}],"about":[{"href":"https:\/\/ultimato.com.br\/sites\/jovem\/wp-json\/wp\/v2\/types\/post"}],"author":[{"embeddable":true,"href":"https:\/\/ultimato.com.br\/sites\/jovem\/wp-json\/wp\/v2\/users\/19"}],"replies":[{"embeddable":true,"href":"https:\/\/ultimato.com.br\/sites\/jovem\/wp-json\/wp\/v2\/comments?post=794"}],"version-history":[{"count":4,"href":"https:\/\/ultimato.com.br\/sites\/jovem\/wp-json\/wp\/v2\/posts\/794\/revisions"}],"predecessor-version":[{"id":799,"href":"https:\/\/ultimato.com.br\/sites\/jovem\/wp-json\/wp\/v2\/posts\/794\/revisions\/799"}],"wp:attachment":[{"href":"https:\/\/ultimato.com.br\/sites\/jovem\/wp-json\/wp\/v2\/media?parent=794"}],"wp:term":[{"taxonomy":"category","embeddable":true,"href":"https:\/\/ultimato.com.br\/sites\/jovem\/wp-json\/wp\/v2\/categories?post=794"},{"taxonomy":"post_tag","embeddable":true,"href":"https:\/\/ultimato.com.br\/sites\/jovem\/wp-json\/wp\/v2\/tags?post=794"}],"curies":[{"name":"wp","href":"https:\/\/api.w.org\/{rel}","templated":true}]}}