{"id":784,"date":"2011-06-21T17:40:59","date_gmt":"2011-06-21T20:40:59","guid":{"rendered":"http:\/\/ultimato.com.br\/sites\/jovem\/?p=784"},"modified":"2011-06-21T17:44:48","modified_gmt":"2011-06-21T20:44:48","slug":"lembrancas-de-uma-caminhada","status":"publish","type":"post","link":"https:\/\/ultimato.com.br\/sites\/jovem\/2011\/06\/21\/lembrancas-de-uma-caminhada\/","title":{"rendered":"Lembran\u00e7as de uma caminhada"},"content":{"rendered":"<p><a href=\"http:\/\/ultimato.com.br\/sites\/jovem\/files\/2011\/06\/21_06_blogjovem_saudade.jpg\" class=\"lightview\" data-lightview-group=\"group-784\" data-lightview-options=\"skin: 'dark', controls: 'relative', padding: '10', shadow: { color: '#000000', opacity: 0.08, blur: 3 }\" data-lightview-title=\"21_06_blogjovem_saudade\"><img loading=\"lazy\" decoding=\"async\" class=\"size-medium wp-image-785 alignright\" title=\"21_06_blogjovem_saudade\" src=\"http:\/\/ultimato.com.br\/sites\/jovem\/files\/2011\/06\/21_06_blogjovem_saudade-227x300.jpg\" alt=\"\" width=\"227\" height=\"300\" srcset=\"https:\/\/ultimato.com.br\/sites\/jovem\/files\/2011\/06\/21_06_blogjovem_saudade-227x300.jpg 227w, https:\/\/ultimato.com.br\/sites\/jovem\/files\/2011\/06\/21_06_blogjovem_saudade-113x150.jpg 113w, https:\/\/ultimato.com.br\/sites\/jovem\/files\/2011\/06\/21_06_blogjovem_saudade.jpg 250w\" sizes=\"auto, (max-width: 227px) 100vw, 227px\" \/><\/a>Hoje particularmente acordei com doces lembran\u00e7as e muita saudade. Saudade do cheiro do mar, das ondas batendo, dos bons dias de surfe com os amigos, do feij\u00e3o preto com macarr\u00e3o da mam\u00e3e e, principalmente, das amizades conquistadas durante todos esses anos de caminhada. O grande ap\u00f3stolo Paulo tamb\u00e9m teve uma longa e tensa jornada&#8230; quais seriam as doces lembran\u00e7as carregadas em seu cora\u00e7\u00e3o? Em suas cartas, h\u00e1 logo no in\u00edcio um trecho que nos d\u00e1 uma pista importante:<\/p>\n<p>\u201cAntes de tudo, sou grato a Deus, mediante Jesus Cristo, por todos voc\u00eas, porque em todo o mundo est\u00e1 sendo anunciada a f\u00e9 que voc\u00eas tem\u201d. Rm 1.8<br \/>\n\u201cSempre dou gra\u00e7as a meu Deus por voc\u00eas, por causa da gra\u00e7a que lhes foi dada por ele em Cristo Jesus\u201d. 1 Cor 1.4<\/p>\n<p><!--more-->As lembran\u00e7as sempre estar\u00e3o em nosso pensamento, mesmo em meio as dificuldades e desafios. Creio ser o maior desafio o fato de, de tempos em tempos, sermos levados a diferentes lugares, seja para estudar ou trabalhar \u2013 mas com um prop\u00f3sito maior: o de servir ao Reino.<\/p>\n<p>Hoje estou enfrentando um novo desafio e algumas coisas est\u00e3o fazendo muita falta. As ruas montanhosas, a entrada da Universidade com suas quatro pilastras, a reta com aquela linda lagoa, as noites de suco, o discipulado com os BG, os encontros no cal\u00e7ad\u00e3o. Vi\u00e7osa marcou minha vida e minist\u00e9rio. Desafios, aprendizado, tristeza, alegria, estudo, ensino, boas risadas e amizades que ficar\u00e3o para sempre.<\/p>\n<p>O ap\u00f3stolo Paulo, de maneira singela, separava em suas cartas esse espa\u00e7o t\u00e3o especial, que era dedicado aos companheiros de luta de perto e de longe. N\u00e3o sei quantos desafios ainda enfrentarei ou quantas mudan\u00e7as, mas em minhas cartas sempre haver\u00e1 um espa\u00e7o dedicado aos amigos. Me lembro dos rostos, dos sorrisos, e isso me traz ao cora\u00e7\u00e3o a esperan\u00e7a de um dia estar novamente com cada um deles, do mesmo jeitinho que ansiava o ap\u00f3stolo Paulo.<\/p>\n<p>Amigos de longe e de perto, quero dizer que sou grato pela vida de voc\u00eas, e tamb\u00e9m sou grato, desde agora, pela vida daqueles que ainda hei de conhecer. Fiquem firmes, seguros de que as mudan\u00e7as s\u00e3o necess\u00e1rias, e nunca se esque\u00e7am das doces e ternas lembran\u00e7as de uma jornada que ainda tem muita estrada pela frente. \u201cSem mais, irm\u00e3os, despe\u00e7o-me de voc\u00eas! Procurem aperfei\u00e7oar-se, exortem-se mutuamente, tenham um s\u00f3 pensamento, vivam em paz. E o Deus de amor e paz estar\u00e1 entre voc\u00eas\u201d. 2 Cor 13.11.<\/p>\n<p>__________<\/p>\n<p><strong>Jeverton \u201cMagr\u00e3o\u201d Ledo<\/strong> \u00e9 autor de \u201cMinha Escolha Profissional \u2014 o que Deus tem a ver com isso?\u201d (Editora Vida). jeverton.ledo@gmail.com<\/p>\n","protected":false},"excerpt":{"rendered":"<p>Hoje particularmente acordei com doces lembran\u00e7as e muita saudade. Saudade do cheiro do mar, das ondas batendo, dos bons dias de surfe com os amigos, do feij\u00e3o preto com macarr\u00e3o da mam\u00e3e e, principalmente, das amizades conquistadas durante todos esses anos de caminhada. O grande ap\u00f3stolo Paulo tamb\u00e9m teve uma longa e tensa jornada&#8230; quais [&hellip;]<\/p>\n","protected":false},"author":19,"featured_media":0,"comment_status":"open","ping_status":"open","sticky":false,"template":"","format":"standard","meta":{"ngg_post_thumbnail":0,"footnotes":""},"categories":[5151,9,6054,6093],"tags":[],"class_list":["post-784","post","type-post","status-publish","format-standard","hentry","category-outros-papos","category-sem-categoria","category-textos","category-viagens"],"_links":{"self":[{"href":"https:\/\/ultimato.com.br\/sites\/jovem\/wp-json\/wp\/v2\/posts\/784","targetHints":{"allow":["GET"]}}],"collection":[{"href":"https:\/\/ultimato.com.br\/sites\/jovem\/wp-json\/wp\/v2\/posts"}],"about":[{"href":"https:\/\/ultimato.com.br\/sites\/jovem\/wp-json\/wp\/v2\/types\/post"}],"author":[{"embeddable":true,"href":"https:\/\/ultimato.com.br\/sites\/jovem\/wp-json\/wp\/v2\/users\/19"}],"replies":[{"embeddable":true,"href":"https:\/\/ultimato.com.br\/sites\/jovem\/wp-json\/wp\/v2\/comments?post=784"}],"version-history":[{"count":6,"href":"https:\/\/ultimato.com.br\/sites\/jovem\/wp-json\/wp\/v2\/posts\/784\/revisions"}],"predecessor-version":[{"id":791,"href":"https:\/\/ultimato.com.br\/sites\/jovem\/wp-json\/wp\/v2\/posts\/784\/revisions\/791"}],"wp:attachment":[{"href":"https:\/\/ultimato.com.br\/sites\/jovem\/wp-json\/wp\/v2\/media?parent=784"}],"wp:term":[{"taxonomy":"category","embeddable":true,"href":"https:\/\/ultimato.com.br\/sites\/jovem\/wp-json\/wp\/v2\/categories?post=784"},{"taxonomy":"post_tag","embeddable":true,"href":"https:\/\/ultimato.com.br\/sites\/jovem\/wp-json\/wp\/v2\/tags?post=784"}],"curies":[{"name":"wp","href":"https:\/\/api.w.org\/{rel}","templated":true}]}}