{"id":7798,"date":"2019-11-14T20:55:56","date_gmt":"2019-11-14T23:55:56","guid":{"rendered":"http:\/\/ultimato.com.br\/sites\/jovem\/?p=7798"},"modified":"2019-11-22T08:53:04","modified_gmt":"2019-11-22T11:53:04","slug":"uma-palavra-para-quem-esta-cansado","status":"publish","type":"post","link":"https:\/\/ultimato.com.br\/sites\/jovem\/2019\/11\/14\/uma-palavra-para-quem-esta-cansado\/","title":{"rendered":"Uma palavra para quem est\u00e1 cansado"},"content":{"rendered":"<p><em>Por Jean Francesco<\/em><\/p>\n<div>\n<p><span style=\"color: #ff6600;\"><em><span lang=\"PT-BR\"><img loading=\"lazy\" decoding=\"async\" class=\"alignright size-medium wp-image-7799\" src=\"http:\/\/ultimato.com.br\/sites\/jovem\/files\/2019\/11\/UltJovem_19_11_19_cansaco-300x225.jpg\" alt=\"\" width=\"300\" height=\"225\" srcset=\"https:\/\/ultimato.com.br\/sites\/jovem\/files\/2019\/11\/UltJovem_19_11_19_cansaco-300x225.jpg 300w, https:\/\/ultimato.com.br\/sites\/jovem\/files\/2019\/11\/UltJovem_19_11_19_cansaco.jpg 404w\" sizes=\"auto, (max-width: 300px) 100vw, 300px\" \/>\u201c<\/span><span lang=\"PT-BR\">Vinde a mim, todos os que estais cansados e sobrecarregados, e eu vos aliviarei. Tomai sobre v\u00f3s o meu jugo e aprendei de mim, porque sou manso e humilde de cora\u00e7\u00e3o; e achareis descanso para a vossa alma. Porque o meu jugo \u00e9 suave, e o meu fardo \u00e9 leve.<\/span><span lang=\"PT-BR\">\u201d&nbsp;<\/span> Matheus<span lang=\"PT-BR\">&nbsp;11.28-30<\/span>&nbsp;<\/em><\/span><\/p>\n<\/div>\n<div>\n<p><span lang=\"PT-BR\">Voc\u00ea se sentiu cansado em algum momento deste ano e pensou: preciso tirar f\u00e9rias e descansar um pouco? Voc\u00ea conseguiu descansar um pouco e tirou alguns dias de folga? Voc\u00ea j\u00e1 passou pela experi\u00eancia de ter tirado alguns dias de f\u00e9rias e logo depois que voltou para casa j\u00e1 estava se sentindo cansado de novo?&nbsp;<\/span><span lang=\"PT-BR\">Moral da hist\u00f3ria: descansar o corpo \u00e9 bom, mas n\u00e3o \u00e9 o suficiente. Parece que precisamos de algo mais; algo que v\u00e1 al\u00e9m de descanso corporal, praia ou f\u00e9rias. Precisamos de algo mais profundo. Precisamos de outro tipo de descanso, um que n\u00e3o tenha prazo de validade. Um descanso que permane\u00e7a independentemente das circunst\u00e2ncias.&nbsp;<\/span><\/p>\n<\/div>\n<div>\n<p><span lang=\"PT-BR\">Ser\u00e1 que esse tipo de descanso \u00e9 real? \u00c9 precisamente sobre isso que Jesus est\u00e1 se referindo na passagem acima. Esse descanso existe, mas funciona de dentro para fora e n\u00e3o de fora para dentro. O descanso de Jesus come\u00e7a da alma e depois flui para o corpo. Por isso, enquanto estivermos interessados em apenas relaxar o corpo permanecemos sobrecarregados de corpo e alma. Somente quando come\u00e7amos a buscar refrig\u00e9rio para a alma em primeiro lugar nos sentiremos t\u00e3o aliviados por dentro que esse descanso interno nos ajudar\u00e1 a lidar com todos os tipos de fardos externos.<\/span><\/p>\n<\/div>\n<div>\n<p><span lang=\"PT-BR\">Para entender melhor esse assunto, sugiro que reflitamos sobre tr\u00eas perguntas: 1. O que \u00e9 o descanso de Jesus? 2. Como podemos aproveita-lo? 3. Por que ele est\u00e1 oferecendo para n\u00f3s?<\/span><\/p>\n<\/div>\n<p><!--more--><\/p>\n<div>\n<p><strong><span lang=\"PT-BR\">1. O que \u00e9 o descanso de Jesus?<\/span>&nbsp;<\/strong><\/p>\n<\/div>\n<div>\n<p><span lang=\"PT-BR\">O&nbsp;<\/span><span lang=\"PT-BR\">descanso de Jesus \u00e9 um convite, uma promessa e&nbsp;<\/span><span lang=\"PT-BR\">d<\/span><span lang=\"PT-BR\">e<\/span><span lang=\"PT-BR\">&nbsp;natureza eminentemente e<\/span><span lang=\"PT-BR\">spiritual. Jesus diz: \u201cVe<\/span><span lang=\"PT-BR\">nham<\/span><span lang=\"PT-BR\">.\u201d Jesus promete: \u201cEu&nbsp;<\/span><span lang=\"PT-BR\">darei a voc\u00eas<\/span><span lang=\"PT-BR\">\u201d, e ent\u00e3o explica: \u201cVoc\u00ea<\/span><span lang=\"PT-BR\">s<\/span><span lang=\"PT-BR\">&nbsp;encontrar<\/span><span lang=\"PT-BR\">\u00e3o<\/span><span lang=\"PT-BR\">&nbsp;descanso para suas almas\u201d. Vamos mergulhar em cada uma dessas frases mais profundamente.<\/span><\/p>\n<\/div>\n<div>\n<p><span lang=\"PT-BR\">Convite. Jesus est\u00e1 nos desafiando a ir at\u00e9 ele como somos e como estamos \u2013 isto \u00e9, com todos os nossos fardos inclusos! A li\u00e7\u00e3o \u00e9 a seguinte: n\u00e3o tente consertar seus problemas para depois decidir ir at\u00e9 ele. N\u00e3o, o convite \u00e9 o de irmos at\u00e9 ele na esperan\u00e7a de que ele tem aquilo que realmente precisamos.<\/span><\/p>\n<\/div>\n<div>\n<p><span lang=\"PT-BR\">Promessa. O convite de Cristo \u00e9 uma promessa<\/span><span lang=\"PT-BR\">&nbsp;c<\/span><span lang=\"PT-BR\">ondicional. N\u00e3o \u00e9 para todos sem exce\u00e7\u00e3o<\/span><span lang=\"PT-BR\">.&nbsp;<\/span><span lang=\"PT-BR\">A promessa dele \u00e9 para aqueles que v<\/span><span lang=\"PT-BR\">\u00e3o&nbsp;<\/span><span lang=\"PT-BR\">a<\/span><span lang=\"PT-BR\">t\u00e9&nbsp;<\/span><span lang=\"PT-BR\">ele e confiam que somente nele h\u00e1 descanso&nbsp;<\/span><span lang=\"PT-BR\">verdadeiro&nbsp;<\/span><span lang=\"PT-BR\">\u2013 e talvez seja por isso que o nosso mundo esteja t\u00e3o perdido e sobrecarregado.<\/span><\/p>\n<\/div>\n<div>\n<p><span lang=\"PT-BR\">Espiritual. O descanso de Jesus tamb\u00e9m \u00e9 um tipo de descanso espiritual. Jesus n\u00e3o est\u00e1 te prometendo uma vida f\u00e1cil, sem fardos ou \u00e0 prova de sofrimento. O que ele est\u00e1 prometendo \u00e9 al\u00edvio espiritual para nossas almas em meio \u00e0 canseira da vida. Em outras palavras, o descanso de Jesus \u00e9 um&nbsp;<\/span><span lang=\"PT-BR\"><em>Sabbath<\/em>,&nbsp;<\/span><span lang=\"PT-BR\">mas muito melhor do que aquilo que os judeus experimentavam religiosamente uma vez por semana. O<em> Sabbath<\/em> de Jesus \u00e9 ele mesmo, \u00e9 a sua presen\u00e7a viva dentro de n\u00f3s que traz a paz de volta aos nossos cora\u00e7\u00f5es para vivermos um dia de cada vez. Voc\u00ea desfruta esse descanso?<\/span><\/p>\n<\/div>\n<div>\n<p><strong><span lang=\"PT-BR\">2. Como podemos aproveita-lo?<\/span>&nbsp;<\/strong><\/p>\n<\/div>\n<div>\n<p><span lang=\"PT-BR\">Como podemos desfrutar do descanso de Jesus aqui e agora? Duas coisas: 1. Devemos tomar seu jugo sobre n\u00f3s; e 2. Com os nossos pesco\u00e7os em seu jugo, devemos aprender com ele como viver. Encontraremos descanso para nossas almas \u00e0 medida qu<\/span><span lang=\"PT-BR\">e<\/span><span lang=\"PT-BR\">&nbsp;cumprirmos a esses dois comandos.<\/span><\/p>\n<\/div>\n<div>\n<p><span lang=\"PT-BR\">O que significa tomar o jugo?&nbsp;<\/span><span lang=\"PT-BR\">Jugo \u00e9 um instrumento de madeira que \u00e9 colocado em dois animais a fim de puxarem juntos uma carro\u00e7a.&nbsp;<\/span><span lang=\"PT-BR\">No tempo de Jesus, jugo&nbsp;<\/span><span lang=\"PT-BR\">tamb\u00e9m&nbsp;<\/span><span lang=\"PT-BR\">representava figurativamente o ensinamento&nbsp;<\/span><span lang=\"PT-BR\">\u2013 o fardo \u2013&nbsp;<\/span><span lang=\"PT-BR\">de&nbsp;<\/span><span lang=\"PT-BR\">um mestre. T<\/span><span lang=\"PT-BR\">omar o jugo d<\/span><span lang=\"PT-BR\">os mestres e rabinos&nbsp;<\/span><span lang=\"PT-BR\">era uma esp\u00e9cie de compromisso de&nbsp;<\/span><span lang=\"PT-BR\">receber e viver atrelado \u00e0&nbsp;<\/span><span lang=\"PT-BR\">doutrina e palavras de<\/span><span lang=\"PT-BR\">les por toda a vida<\/span><span lang=\"PT-BR\">. No primeiro s\u00e9culo, significava andar atr\u00e1s de um mestre e ouvir seus ensinamentos todos os dias. Havia at\u00e9 um ditado que dizia: \u201co verdadeiro disc\u00edpulo \u00e9 aquele que termina o dia coberto da areia que saiu das sand\u00e1lias de seu mestre\u201d. Em outras palavras, tomar o jugo de Cristo \u00e9 decidir ser disc\u00edpulo dele. Portanto, o descanso de Cristo \u00e9 algo que desfrut\u00e1mos n\u00e3o como um passe de m\u00e1gica<\/span><span lang=\"PT-BR\">&nbsp;ou como uma realidade imediata. Nada disso, \u00e9 um processo. \u00c9 um descanso que recebemos \u00e0 medida que caminhamos com ele. \u00c9 um verdadeiro paradoxo, pois quanto mais cansados de andar com ele ficamos, mais aliviados e felizes ele nos promete que estaremos!<\/span><\/p>\n<\/div>\n<div>\n<p><span lang=\"PT-BR\">O que temos que aprender com ele? A primeira coisa que precisamos entender \u00e9 que descanso n\u00e3o \u00e9 algo que aprendemos&nbsp;<\/span><span lang=\"PT-BR\"><em>de<\/em>&nbsp;<\/span><span lang=\"PT-BR\">Jesus, mas&nbsp;<\/span><span lang=\"PT-BR\"><em>com<\/em>&nbsp;<\/span><span lang=\"PT-BR\">ele \u00e0 medida que colocamos nossos pesco\u00e7os em seu jugo. Descanso vem atrav\u00e9s de relacionamento, n\u00e3o apenas de uma troca de informa\u00e7\u00f5es. Por exemplo, fazendeiros tinham o h\u00e1bito de colocar bois&nbsp;<\/span><span lang=\"PT-BR\">chucros<\/span><span lang=\"PT-BR\">&nbsp;(n\u00e3o domados) com bois mansos (j\u00e1 treinados). A ideia era que ao juntar esses dois animais num mesmo jugo o mais&nbsp;<\/span><span lang=\"PT-BR\">chucro<\/span><span lang=\"PT-BR\">&nbsp;aprendesse a ser manso pela conviv\u00eancia com o boi manso. Quem voc\u00ea acha que Jesus e n\u00f3s somos nessa hist\u00f3ria? Ele \u00e9 o boi manso e n\u00f3s somos todos bois&nbsp;<\/span><span lang=\"PT-BR\">chucros<\/span><span lang=\"PT-BR\">! Ele \u00e9 o manso, relaxado, alegre; n\u00f3s somos os indom\u00e1veis e perturbados. Ter esse verdadeiro descanso \u00e9 a mesma coisa que desenvolver mansid\u00e3o. E somente Jesus \u00e9 descanso e mansid\u00e3o em carne e osso.&nbsp;<\/span><span lang=\"PT-BR\">Portanto, descanso n\u00e3o \u00e9 algo que aprendemos a partir de uma aula de Jesus, mas na conviv\u00eancia com ele.<\/span><span lang=\"PT-BR\">&nbsp;Descansamos \u00e0 medida que descansamos com ele; nos tornamos mansos \u00e0 medida que nos adaptamos ao seu jeito calmo de lidar com a vida.<\/span><\/p>\n<\/div>\n<div>\n<p><strong><span lang=\"PT-BR\">3. Por que ele est\u00e1 oferecendo&nbsp;<\/span><span lang=\"PT-BR\">seu descanso&nbsp;<\/span><span lang=\"PT-BR\">para n\u00f3s?<\/span>&nbsp;<\/strong><\/p>\n<\/div>\n<div>\n<p><span lang=\"PT-BR\">Jesus est\u00e1 oferecendo seu&nbsp;<\/span><em><span lang=\"PT-BR\">Sabbath<\/span><\/em><span lang=\"PT-BR\">&nbsp;por duas raz\u00f5es. A primeira \u00e9 porque ele \u00e9 manso e humilde de cora\u00e7\u00e3o.&nbsp;<\/span><span lang=\"PT-BR\">Em outras palavras, Jesus oferece o que ele \u00e9. A&nbsp;<\/span><span lang=\"PT-BR\">melhor&nbsp;<\/span><span lang=\"PT-BR\">evid\u00eancia de uma alma&nbsp;<\/span><span lang=\"PT-BR\">tranquila&nbsp;<\/span><span lang=\"PT-BR\">\u00e9 gentileza e humildade. Este princ\u00edpio&nbsp;<\/span><span lang=\"PT-BR\">de dar o que se \u00e9 est\u00e1&nbsp;<\/span><span lang=\"PT-BR\">espalhado por toda a Escritura, particularmente nos Evangelhos<\/span><span lang=\"PT-BR\">.&nbsp;<\/span><span lang=\"PT-BR\">Jesus \u00e9 a \u00e1gua da vida, o p\u00e3o da vida, o&nbsp;<\/span><em><span lang=\"PT-BR\">Sabbath<\/span><\/em><span lang=\"PT-BR\">, o caminho, a verdade, o Emanuel, o Cordeiro de Deus, a alegria do homem, a luz do mundo, o Le\u00e3o de Jud\u00e1 e assim por diante.&nbsp;<\/span><\/p>\n<\/div>\n<div>\n<p><span lang=\"PT-BR\">Por que Jesus se apresenta dessa maneira?<\/span><span lang=\"PT-BR\">&nbsp;Ele quer nos ensinar que o<\/span><span lang=\"PT-BR\">&nbsp;melhor que&nbsp;<\/span><span lang=\"PT-BR\">ele&nbsp;<\/span><span lang=\"PT-BR\">pode&nbsp;<\/span><span lang=\"PT-BR\">n<\/span><span lang=\"PT-BR\">o<\/span><span lang=\"PT-BR\">s o<\/span><span lang=\"PT-BR\">ferecer \u00e9&nbsp;<\/span><span lang=\"PT-BR\">ele&nbsp;<\/span><span lang=\"PT-BR\">mesmo.<\/span><span lang=\"PT-BR\">&nbsp;Quando nos sentimos sedentos, ele nos lembra que ele \u00e9 a \u00e1gua da vida. Quando nos sentimos famintos, ele nos lembra que ele \u00e9 o P\u00e3o da vida. Quando nos sentimos cansados, ele nos lembra que \u00e9 o&nbsp;<\/span><em><span lang=\"PT-BR\">Sabbath<\/span><\/em><span lang=\"PT-BR\">. Quando nos sentimos perdidos, ele nos lembra que ele \u00e9 o caminho. Quando nos sentimos confusos, ele nos lembra que ele \u00e9 a verdade. Quando nos sentimos sozinhos, ele nos lembra que \u00e9 Emmanuel: Deus conosco! Quando nos sentimos culpados, ele nos lembra que \u00e9 o cordeiro de Deus que remove o pecado do mundo. Quando nos sentimos tristes, ele nos lembra que \u00e9 a alegria dos homens. Quando nos sentimos em trevas, ele nos lembra que \u00e9 a luz deste mundo. O que Cristo nos oferece, ele \u00e9 de forma mais perfeita.<\/span><\/p>\n<\/div>\n<div>\n<p><span lang=\"PT-BR\">Jesus tamb\u00e9m est\u00e1 oferecendo seu descanso porque seu jugo \u00e9 suave e seu fardo \u00e9 leve. Ao usar a met\u00e1fora do jugo, Jesus n\u00e3o est\u00e1 prometendo tirar nossos fardos, nem mesmo sugerindo que ele os levar\u00e1 em nosso lugar. Antes, Jesus est\u00e1 se comprometendo a<em>&nbsp;<\/em><\/span><span lang=\"PT-BR\"><em>compartilhar<\/em>&nbsp;<\/span><span lang=\"PT-BR\">nossos fardos. O fardo permanece, mas agora Jesus o leva junto conosco. E \u00e9 exatamente por isso que o fardo \u00e9 leve. N\u00f3s o seguimos n\u00e3o por causa do nosso poder, mas porque Jesus nos d\u00e1 for\u00e7a para segui-lo. O fardo \u00e9 leve porque Jesus \u00e9 forte.<\/span><\/p>\n<\/div>\n<div>\n<p><span lang=\"PT-BR\">A vida \u00e9 muito melhor quando Jesus carrega esses fardos conosco. Ele est\u00e1 prometendo que nossos fardos ser\u00e3o leves. Isso \u00e9 uma boa not\u00edcia para voc\u00ea? Eu posso te dar uma ainda melhor. Na cruz do calv\u00e1rio Jesus foi forte o suficiente para carregar o nosso fardo mais pesado em seus ombros: nossos pecados. Jesus carregou todos os pecados do mundo em um \u00fanico dia&nbsp;<\/span><span lang=\"PT-BR\">\u2013&nbsp;<\/span><span lang=\"PT-BR\">na verdade, em poucas horas! E por causa de sua ressurrei\u00e7\u00e3o, todos os nossos fardos&nbsp;<\/span><span lang=\"PT-BR\">mais pesados&nbsp;<\/span><span lang=\"PT-BR\">est\u00e3o agora<\/span><span lang=\"PT-BR\">&nbsp;<\/span><span lang=\"PT-BR\">em seus ombros<\/span><span lang=\"PT-BR\">.<\/span><\/p>\n<\/div>\n<div>\n<p><span lang=\"PT-BR\">Voc\u00ea est\u00e1 realmente precisando de des<\/span><span lang=\"PT-BR\">canso? Espero ter deixado claro que&nbsp;<\/span><span lang=\"PT-BR\">Jesus n\u00e3o est\u00e1 prometendo tirar&nbsp;<\/span><span lang=\"PT-BR\">todos os&nbsp;<\/span><span lang=\"PT-BR\">fardos agora,&nbsp;<\/span><span lang=\"PT-BR\">mas&nbsp;<\/span><span lang=\"PT-BR\">ele est\u00e1&nbsp;<\/span><span lang=\"PT-BR\">nos&nbsp;<\/span><span lang=\"PT-BR\">assegurando que se ficarmos no jugo com ele, esses fardos ser\u00e3o mais f\u00e1ceis de suportar. E isso \u00e9 s\u00f3 o come\u00e7o da hist\u00f3ria daqueles que andam com Cristo, pois ele nos prometeu muito mais. Temos tamb\u00e9m a maravilhosa promessa de que um dia n\u00e3o haver\u00e1 mais fardos, pois \u201c<\/span><span lang=\"PT-BR\">Ele enxugar\u00e1 dos seus olhos toda l\u00e1grima. N\u00e3o haver\u00e1 mais morte, nem tristeza, nem choro, nem dor, pois a antiga ordem j\u00e1 passou\u201d (Apocalipse 21:4).<\/span><\/p>\n<\/div>\n<ul>\n<li><b>Jean Francesco<\/b>&nbsp;\u00e9 pastor presbiteriano, autor do livro \u201cO Significado do Namoro\u201d e doutorando em Teologia pelo Calvin Theological Seminary.<\/li>\n<\/ul>\n<hr>\n<p><a href=\"https:\/\/www.ultimato.com.br\/revista\/380\" target=\"_blank\" rel=\"noopener noreferrer\"><img loading=\"lazy\" decoding=\"async\" class=\"alignleft wp-image-7820\" src=\"http:\/\/ultimato.com.br\/sites\/jovem\/files\/2019\/11\/ULT_380-228x300.jpg\" alt=\"\" width=\"152\" height=\"200\" srcset=\"https:\/\/ultimato.com.br\/sites\/jovem\/files\/2019\/11\/ULT_380-228x300.jpg 228w, https:\/\/ultimato.com.br\/sites\/jovem\/files\/2019\/11\/ULT_380.jpg 400w\" sizes=\"auto, (max-width: 152px) 100vw, 152px\" \/><\/a><a href=\"https:\/\/www.ultimato.com.br\/revista\/380\" target=\"_blank\" rel=\"noopener noreferrer\"><strong>CANSADOS DE QU\u00ca?<\/strong><\/a><\/p>\n<p>Um dos primeiros, sen\u00e3o o primeiro, sintoma f\u00edsico-emocional mencionado na B\u00edblia \u00e9 o cansa\u00e7o, a fadiga (Gn3.17).<\/p>\n<p>N\u00e3o \u00e9 \u00e0 toa que estamos exaustos. Invariavelmente n\u00e3o sabemos identificar as raz\u00f5es, mas sabemos que estamos cansados.<\/p>\n<p>Cansados de qu\u00ea? \u00c9 essa pergunta que a edi\u00e7\u00e3o 380 da revista <strong>Ultimato<\/strong>, a \u00faltima de 2019, quer ajudar o leitor a responder. E tem muito mais.<br \/>\n<a href=\"https:\/\/www.ultimato.com.br\/revista\/380\" target=\"_blank\" rel=\"noopener noreferrer\">O conte\u00fado est\u00e1 dispon\u00edvel&nbsp;online<\/a>.<\/p>\n<p>&nbsp;<\/p>\n","protected":false},"excerpt":{"rendered":"<p>Por Jean Francesco \u201cVinde a mim, todos os que estais cansados e sobrecarregados, e eu vos aliviarei. Tomai sobre v\u00f3s o meu jugo e aprendei de mim, porque sou manso e humilde de cora\u00e7\u00e3o; e achareis descanso para a vossa alma. Porque o meu jugo \u00e9 suave, e o meu fardo \u00e9 leve.\u201d&nbsp; Matheus&nbsp;11.28-30&nbsp; Voc\u00ea [&hellip;]<\/p>\n","protected":false},"author":19,"featured_media":0,"comment_status":"open","ping_status":"open","sticky":false,"template":"","format":"standard","meta":{"ngg_post_thumbnail":0,"footnotes":""},"categories":[6054],"tags":[32597,31328],"class_list":["post-7798","post","type-post","status-publish","format-standard","hentry","category-textos","tag-cansaco","tag-jean-francesco"],"_links":{"self":[{"href":"https:\/\/ultimato.com.br\/sites\/jovem\/wp-json\/wp\/v2\/posts\/7798","targetHints":{"allow":["GET"]}}],"collection":[{"href":"https:\/\/ultimato.com.br\/sites\/jovem\/wp-json\/wp\/v2\/posts"}],"about":[{"href":"https:\/\/ultimato.com.br\/sites\/jovem\/wp-json\/wp\/v2\/types\/post"}],"author":[{"embeddable":true,"href":"https:\/\/ultimato.com.br\/sites\/jovem\/wp-json\/wp\/v2\/users\/19"}],"replies":[{"embeddable":true,"href":"https:\/\/ultimato.com.br\/sites\/jovem\/wp-json\/wp\/v2\/comments?post=7798"}],"version-history":[{"count":7,"href":"https:\/\/ultimato.com.br\/sites\/jovem\/wp-json\/wp\/v2\/posts\/7798\/revisions"}],"predecessor-version":[{"id":7822,"href":"https:\/\/ultimato.com.br\/sites\/jovem\/wp-json\/wp\/v2\/posts\/7798\/revisions\/7822"}],"wp:attachment":[{"href":"https:\/\/ultimato.com.br\/sites\/jovem\/wp-json\/wp\/v2\/media?parent=7798"}],"wp:term":[{"taxonomy":"category","embeddable":true,"href":"https:\/\/ultimato.com.br\/sites\/jovem\/wp-json\/wp\/v2\/categories?post=7798"},{"taxonomy":"post_tag","embeddable":true,"href":"https:\/\/ultimato.com.br\/sites\/jovem\/wp-json\/wp\/v2\/tags?post=7798"}],"curies":[{"name":"wp","href":"https:\/\/api.w.org\/{rel}","templated":true}]}}