{"id":7789,"date":"2019-11-06T12:05:24","date_gmt":"2019-11-06T15:05:24","guid":{"rendered":"http:\/\/ultimato.com.br\/sites\/jovem\/?p=7789"},"modified":"2019-11-06T12:05:24","modified_gmt":"2019-11-06T15:05:24","slug":"juntemos-nossas-luzes-para-afastar-a-escuridao","status":"publish","type":"post","link":"https:\/\/ultimato.com.br\/sites\/jovem\/2019\/11\/06\/juntemos-nossas-luzes-para-afastar-a-escuridao\/","title":{"rendered":"Juntemos nossas luzes para afastar a escurid\u00e3o"},"content":{"rendered":"<p><em>Por Renan Vin\u00edcius<\/em><\/p>\n<p><img loading=\"lazy\" decoding=\"async\" class=\"alignright wp-image-7790 size-medium\" src=\"http:\/\/ultimato.com.br\/sites\/jovem\/files\/2019\/11\/UltJovem_06_11_19_luzes-300x215.jpg\" alt=\"\" width=\"300\" height=\"215\" srcset=\"https:\/\/ultimato.com.br\/sites\/jovem\/files\/2019\/11\/UltJovem_06_11_19_luzes-300x215.jpg 300w, https:\/\/ultimato.com.br\/sites\/jovem\/files\/2019\/11\/UltJovem_06_11_19_luzes.jpg 430w\" sizes=\"auto, (max-width: 300px) 100vw, 300px\" \/>Uma vez li ou ouvi que cada pessoa que conhecemos nos muda de alguma forma. Tamb\u00e9m ouvi dizer que cada pessoa que encontramos est\u00e1 vivenciando uma batalha que n\u00e3o conhecemos e que, por isso, devemos agir com gentileza sempre.<\/p>\n<p>Acrescento que as pessoas com quem convivemos e que acreditamos conhecer tamb\u00e9m carregam uma hist\u00f3ria. Uma parte dela n\u00f3s a conhecemos \u2014 a outra talvez nem a pr\u00f3pria pessoa conhe\u00e7a plenamente.<\/p>\n<p>Nesse sentido, eu diria que tudo aquilo que n\u00e3o conhecemos est\u00e1 imerso na escurid\u00e3o. As hist\u00f3rias, as dores, as alegrias, os sonhos e os planos \u2014 nossos e dos outros. S\u00f3 nos conheceremos e conheceremos os nossos pr\u00f3ximos verdadeiramente quando estivermos dispostos a deixar a luz iluminar tudo aquilo que agora, por conta da escurid\u00e3o, n\u00e3o podemos enxergar.<!--more--><\/p>\n<p>Se uma pessoa carrega dentro de si uma luz, ao me aproximar dela, a sua luz me permitir\u00e1 enxergar coisas que eu ainda n\u00e3o havia visto. Da mesma forma, se eu tamb\u00e9m carrego uma luz, ajudo meu pr\u00f3ximo a enxergar aquilo que ele ainda n\u00e3o tinha visto.<\/p>\n<p>Pouco a pouco, aquilo que estava na escurid\u00e3o vem \u00e0 luz e ent\u00e3o conseguimos ver com maior profundidade. Enxergando, mudamos e os c\u00f4modos que estavam na escurid\u00e3o podem ser transformados (Tg 5:16).<\/p>\n<p>No entanto, precisamos entender primeiro que, assim como o lar do outro tem c\u00f4modos a serem iluminados, nosso lar tamb\u00e9m tem \u2014 e talvez tenha muito mais (Mt 7:3). Por isso, n\u00e3o devemos sair por a\u00ed com refletores querendo iluminar \u00e0 for\u00e7a tudo que encontrarmos pela frente sem pensar nas consequ\u00eancias. Antes de querermos iluminar os quartos da casa alheia, devemos compreender que precisamos iluminar os nossos tamb\u00e9m (Mt 7:5).<\/p>\n<p>Isso, \u00e9 claro, deve ser feito com calma. Cada quarto a ser iluminado reserva uma surpresa. Nesta jornada, precisamos aprender a apreciar cada clarear e nos lembrarmos que, como tudo na vida, isso ocorre em um processo (Fp 1:6).<\/p>\n<p>Quando nos deslumbramos com a luz, podemos nos esquecer de que, quando a luz surge com muita intensidade na escurid\u00e3o, a nossa primeira rea\u00e7\u00e3o \u00e9 fechar os olhos. Aprendamos com a natureza: n\u00e3o passamos da escurid\u00e3o da noite ao sol do meio-dia em cinco segundos (Ec 3:1).<\/p>\n<p>Como diz uma composi\u00e7\u00e3o do Paulo C\u00e9sar Baruk, \u201cbrilhe em n\u00f3s a luz do Deus que escolhe amar, pra compartilhar f\u00e9, esperan\u00e7a e amor\u201d.<\/p>\n<ul>\n<li><strong>Renan Vin\u00edcius, 25 anos<\/strong>. \u00c9 paulista de certid\u00e3o e goiano de cora\u00e7\u00e3o. Doutorando em Engenharia de Computa\u00e7\u00e3o, desenvolve estudos sobre Computa\u00e7\u00e3o Afetiva e tem bastante interesse em fotografia, ilustra\u00e7\u00e3o e comunica\u00e7\u00e3o.<\/li>\n<\/ul>\n","protected":false},"excerpt":{"rendered":"<p>Por Renan Vin\u00edcius Uma vez li ou ouvi que cada pessoa que conhecemos nos muda de alguma forma. Tamb\u00e9m ouvi dizer que cada pessoa que encontramos est\u00e1 vivenciando uma batalha que n\u00e3o conhecemos e que, por isso, devemos agir com gentileza sempre. Acrescento que as pessoas com quem convivemos e que acreditamos conhecer tamb\u00e9m carregam [&hellip;]<\/p>\n","protected":false},"author":19,"featured_media":0,"comment_status":"open","ping_status":"open","sticky":false,"template":"","format":"standard","meta":{"ngg_post_thumbnail":0,"footnotes":""},"categories":[6054],"tags":[15609,40432,9887,31843],"class_list":["post-7789","post","type-post","status-publish","format-standard","hentry","category-textos","tag-compaixao","tag-gentileza","tag-luz","tag-renan-vinicius"],"_links":{"self":[{"href":"https:\/\/ultimato.com.br\/sites\/jovem\/wp-json\/wp\/v2\/posts\/7789","targetHints":{"allow":["GET"]}}],"collection":[{"href":"https:\/\/ultimato.com.br\/sites\/jovem\/wp-json\/wp\/v2\/posts"}],"about":[{"href":"https:\/\/ultimato.com.br\/sites\/jovem\/wp-json\/wp\/v2\/types\/post"}],"author":[{"embeddable":true,"href":"https:\/\/ultimato.com.br\/sites\/jovem\/wp-json\/wp\/v2\/users\/19"}],"replies":[{"embeddable":true,"href":"https:\/\/ultimato.com.br\/sites\/jovem\/wp-json\/wp\/v2\/comments?post=7789"}],"version-history":[{"count":2,"href":"https:\/\/ultimato.com.br\/sites\/jovem\/wp-json\/wp\/v2\/posts\/7789\/revisions"}],"predecessor-version":[{"id":7792,"href":"https:\/\/ultimato.com.br\/sites\/jovem\/wp-json\/wp\/v2\/posts\/7789\/revisions\/7792"}],"wp:attachment":[{"href":"https:\/\/ultimato.com.br\/sites\/jovem\/wp-json\/wp\/v2\/media?parent=7789"}],"wp:term":[{"taxonomy":"category","embeddable":true,"href":"https:\/\/ultimato.com.br\/sites\/jovem\/wp-json\/wp\/v2\/categories?post=7789"},{"taxonomy":"post_tag","embeddable":true,"href":"https:\/\/ultimato.com.br\/sites\/jovem\/wp-json\/wp\/v2\/tags?post=7789"}],"curies":[{"name":"wp","href":"https:\/\/api.w.org\/{rel}","templated":true}]}}