{"id":766,"date":"2011-06-17T18:01:05","date_gmt":"2011-06-17T21:01:05","guid":{"rendered":"http:\/\/ultimato.com.br\/sites\/jovem\/?p=766"},"modified":"2011-06-20T09:33:38","modified_gmt":"2011-06-20T12:33:38","slug":"766","status":"publish","type":"post","link":"https:\/\/ultimato.com.br\/sites\/jovem\/2011\/06\/17\/766\/","title":{"rendered":"Crescendo no contexto de persegui\u00e7\u00e3o"},"content":{"rendered":"<p>A Miss\u00e3o Portas Abertas promove, no pr\u00f3ximo dia 19 de junho, o <a href=\"http:\/\/www.domingodaigrejaperseguida.org.br\/\" target=\"_blank\">Domingo da Igreja Perseguida<\/a>. Esta \u00e9 uma realidade vivida por mais de 100 milh\u00f5es de crist\u00e3os em todo o mundo. N\u00e3o sabemos a quantidade de jovens inclu\u00eddos nesse n\u00famero, mas temos certeza de que n\u00e3o s\u00e3o poucos. No 3\u00ba Congresso Lausanne de Evangeliza\u00e7\u00e3o, Mundial, realizado em Cidade do Cabo, na \u00c1frica do Sul, uma adolescente coreana compartilhou um pouco da sua hist\u00f3ria e comoveu a todos com o testemunho de f\u00e9 frente \u00e0 restri\u00e7\u00e3o religiosa de seu pa\u00eds.<\/p>\n<p>Aproveitamos a proximidade com a data para divulgar essa hist\u00f3ria e incentiv\u00e1-lo a envolver-se com essa causa.<\/p>\n<p><a href=\"http:\/\/ultimato.com.br\/sites\/jovem\/files\/2011\/06\/17_06_jovem_coreana.jpg\" class=\"lightview\" data-lightview-group=\"group-766\" data-lightview-options=\"skin: 'dark', controls: 'relative', padding: '10', shadow: { color: '#000000', opacity: 0.08, blur: 3 }\" data-lightview-title=\"17_06_jovem_coreana\"><img loading=\"lazy\" decoding=\"async\" class=\"alignleft size-medium wp-image-767\" title=\"17_06_jovem_coreana\" src=\"http:\/\/ultimato.com.br\/sites\/jovem\/files\/2011\/06\/17_06_jovem_coreana-300x174.jpg\" alt=\"\" width=\"300\" height=\"174\" srcset=\"https:\/\/ultimato.com.br\/sites\/jovem\/files\/2011\/06\/17_06_jovem_coreana-300x174.jpg 300w, https:\/\/ultimato.com.br\/sites\/jovem\/files\/2011\/06\/17_06_jovem_coreana-150x87.jpg 150w, https:\/\/ultimato.com.br\/sites\/jovem\/files\/2011\/06\/17_06_jovem_coreana.jpg 640w\" sizes=\"auto, (max-width: 300px) 100vw, 300px\" \/><\/a><em>Oi, Meu nome \u00e9 <strong>Giongchu Son<\/strong>. Eu vim para a Coreia do Sul em 2009. No momento, estou cursando o segundo ano do segundo grau. Nasci na cidade de Pyongyang. Sou filha \u00fanica de uma fam\u00edlia muito rica. Meu av\u00f4, que nasceu na China, voluntariou-se como soldado no ex\u00e9rcito chin\u00eas e serviu \u00e0 Coreia do Norte durante a guerra coreana. Durante aquele, tempo ele conheceu minha v\u00f3, que tamb\u00e9m nasceu em Pyongyang, e l\u00e1 se casaram e moraram. Meu av\u00f4 foi um dos primeiros pilotos da for\u00e7a a\u00e9rea da Coreia do Norte, meu pai era assistente de Kim Jong-il, que \u00e9 o l\u00edder da Coreia do Norte, e minha m\u00e3e era professora de ingl\u00eas.<!--more--><\/em><\/p>\n<p><em> <\/em><\/p>\n<p><em> <\/em><\/p>\n<p><em> <\/em><\/p>\n<p><em>Quando eu tinha 6 anos de idade, minha fam\u00edlia foi perseguida politicamente pelo governo norte-coreano, ent\u00e3o todos n\u00f3s fugimos para a China. Assim que chegamos l\u00e1, come\u00e7amos a frequentar uma igreja com um dos meus parentes. Todos n\u00f3s est\u00e1vamos passando por muitas dificuldades, mas Deus alcan\u00e7ou meus pais e eles se tornaram fervorosos na ora\u00e7\u00e3o e nas peti\u00e7\u00f5es com f\u00e9. Por\u00e9m, depois de alguns meses, minha m\u00e3e engravidou e acabou falecendo de leucemia. Mesmo no meio dessa trag\u00e9dia na fam\u00edlia, meu pai come\u00e7ou um estudo b\u00edblico com mission\u00e1rios da Coreia do Sul e dos Estados Unidos. Ele queria ser um mission\u00e1rio de f\u00e9 e vis\u00e3o fortes, ent\u00e3o estudou bastante a palavra de Deus.<\/em><\/p>\n<p><em> <\/em><\/p>\n<p><em> <\/em><\/p>\n<p><em> <\/em><\/p>\n<p><em>Mas em 2001, algu\u00e9m o denunciou e ele foi preso. As autoridades chinesas o mandaram para a Coreia do Norte para cumprir tr\u00eas anos de pris\u00e3o, mas em vez de reclamar ou culpar outros, ele clamou a Deus. Quando acabou de cumprir sua pena ele voltou para a China e come\u00e7ou a juntar B\u00edblias e mais B\u00edblias, e voltou para a Coreia do Norte com a dire\u00e7\u00e3o de Deus para jogar as sementes do Senhor naquela terra sem f\u00e9. Ele rejeitou muitas oportunidades para ir para a Coreia do Sul, e foi para Coreia do Norte, pois era a miss\u00e3o que Deus tinha colocado no seu cora\u00e7\u00e3o. Embora tenha trabalhado duro, acabou sendo descoberto pelo governo e morreu fuzilado publicamente pela acusa\u00e7\u00e3o de trai\u00e7\u00e3o e espionagem em 2006.<\/em><\/p>\n<p><em> <\/em><\/p>\n<p><em> <\/em><\/p>\n<p><em> <\/em><\/p>\n<p><em>Felizmente, em 2001 quando meu pai foi enviado de volta \u00e0 Coreia do Norte pelas autoridades chinesas, eu fui adotada pela fam\u00edlia de um pastor chin\u00eas. Mas meu cora\u00e7\u00e3o estava cheio de maldade e ressentimento. Eu pensava que Deus tinha feito com que minha fam\u00edlia falhasse, pois t\u00ednhamos vivido bem em Pyongyang. Pensava que Deus tinha tirado meus pais de mim e que Ele era a fonte de toda a minha mis\u00e9ria. Mesmo sendo criada na casa de um pastor, eu n\u00e3o assistia aos cultos no domingo, n\u00e3o orava e me mantinha longe da Palavra de Deus. Mais tarde o pastor e sua esposa tiveram que ir para a Am\u00e9rica e eu fui para a Coreia do Sul.<\/em><\/p>\n<p><em> <\/em><\/p>\n<p><em> <\/em><\/p>\n<p><em> <\/em><\/p>\n<p><em>Uma noite, quando eu estava no consulado coreano, eu vi Jesus em sonho. Ele tinha l\u00e1grimas nos olhos e chegou perto de mim e disse: \u201cKiongchu, at\u00e9 quando voc\u00ea vai me fazer esperar? Ande comigo. Tudo o que aconteceu contigo foi porque eu te amo muito\u201d. Depois, eu acordei, ajoelhei-me e orei a Deus com as m\u00e3os postas \u2014 e foi a primeira vez que orei. Naquela noite eu percebi o quanto Deus me ama e se importa comigo.<\/em><\/p>\n<p><em> <\/em><\/p>\n<p><em> <\/em><\/p>\n<p><em> <\/em><\/p>\n<p><em>Deus tem estado sempre comigo. Logo depois da morte da minha m\u00e3e na China, eu fui a um restaurante com meu pai. Quando ele saiu para usar o banheiro, fui raptada por uma senhora chinesa-coreana. Havia tantas crian\u00e7as norte-coreanas na sua casa&#8230; Ela pegava as crian\u00e7as e as vendia como escravas para pessoas no interior. Uma semana antes de nos vender as autoridades chinesas receberam uma den\u00fancia de que as crian\u00e7as norte coreanas estavam l\u00e1 e vieram prender todas. Por\u00e9m, faltava um par de algemas, ent\u00e3o falaram que pela falta das algemas, voltariam no outro dia para me pegar e partiram com as outras crian\u00e7as. Naquela tarde ela saiu e eu a segui. Ela me pediu para esperar um minuto e saiu. Passaram v\u00e1rias horas, mas ela n\u00e3o voltou. Eu estava ainda esperando quando vi meu pai passar na minha frente. Ele tomara o \u00f4nibus errado e descera ali e por isso consegui voltar para casa.<\/em><\/p>\n<p><em> <\/em><\/p>\n<p><em> <\/em><\/p>\n<p><em> <\/em><\/p>\n<p><em>Naquele tempo eu era muito nova e n\u00e3o percebia a forma incr\u00edvel como Deus tinha trabalhado na minha vida. Deus me protegeu e me escondeu num lugar seguro enquanto meu pai estava preso e fora enviado \u00e0 Coreia do Norte. Deus me ajudou a viver e estudar sem preocupa\u00e7\u00e3o durante 11 anos mesmo numa terra t\u00e3o perigosa. Deus me enviou um presente: a fam\u00edlia do pastor. Eu senti falta do amor dos meus pais, mas eu fui muito bem cuidada por eles. Quando eu estava indo para Coreia do Sul, Deus estava comigo e me enviou pessoas boas para que eu pudesse chegar de maneira mais segura ao consulado coreano.<\/em><\/p>\n<p><em> <\/em><\/p>\n<p><em> <\/em><\/p>\n<p><em> <\/em><\/p>\n<p><em>No primeiro dia na Coreia do Sul, orei a Deus assim: \u201cEu entrego tudo e te dou meu cora\u00e7\u00e3o e este corpo. Por favor, usa-me como quiseres\u201d. Aos poucos Deus come\u00e7ou a responder minha ora\u00e7\u00e3o. Na verdade, eu n\u00e3o estava interessada na Coreia do Norte; n\u00e3o me importava com isso, mas Deus me deu oportunidades para ouvir e saber como os norte-coreanos est\u00e3o vivendo e as persegui\u00e7\u00f5es pelas quais est\u00e3o passando. A mensagem mais forte que Deus me deu foi sobre meu pai. Embora ele n\u00e3o pudesse voltar para Coreia do Sul h\u00e1 muitos anos, ele foi usado para o reino de Deus. A raz\u00e3o por que ele voltou \u00e0 Coreia do Norte foi miss\u00f5es, porque Deus ama os coreanos do norte e se importa muito com cada um. Deus me fez orar pela Coreia do Norte e interceder por eles. Deus fez com que me importasse de cora\u00e7\u00e3o com a Coreia do Norte.<\/em><\/p>\n<p><em> <\/em><\/p>\n<p><em> <\/em><\/p>\n<p><em> <\/em><\/p>\n<p><em>Seis anos na Coreia do Norte, onze anos na China e um tempo agora na Coreia do Sul&#8230; tudo que estudei e experimentei quero dar a Deus para ser usado no seu reino. Claro, neste mundo h\u00e1 muitas tenta\u00e7\u00f5es. Quando eu cheguei na Coreia do Sul, eu queria ficar com meus amigos aos domingos, ficar em casa e dormir bastante. Queria namorar e usar meu dinheiro para comprar roupas bonitas em vez de dar ofertas. Mas quero ser uma serva de Deus, esvaziar-me dos meus desejos e jogar fora a minha arrog\u00e2ncia.<\/em><\/p>\n<p><em> <\/em><\/p>\n<p><em> <\/em><\/p>\n<p><em> <\/em><\/p>\n<p><em>Finalmente, quero dizer que Deus ama muito a Coreia do Norte e chora por esse povo. Pe\u00e7o suas ora\u00e7\u00f5es por eles. Eu pe\u00e7o, de verdade, a todos aqui que tenham o mesmo cora\u00e7\u00e3o de Deus e comecem a orar por essa na\u00e7\u00e3o mais do que nunca.<\/em><\/p>\n<p><em> <\/em><\/p>\n<p><em> <\/em><\/p>\n<p><em> <\/em><\/p>\n<p><em>Obrigada.<\/em><\/p>\n<p>Vivemos num pa\u00eds que goza de liberdade religiosa, mas algumas pessoas podem nos perseguir de maneira velada pela f\u00e9 em Cristo &#8211; e pelo comportamento que buscamos ter baseado no nosso Modelo. Isso j\u00e1 aconteceu com voc\u00ea? <strong>Compartilhe a sua hist\u00f3ria conosco tamb\u00e9m. <\/strong><em><br \/>\n<\/em><\/p>\n","protected":false},"excerpt":{"rendered":"<p>A Miss\u00e3o Portas Abertas promove, no pr\u00f3ximo dia 19 de junho, o Domingo da Igreja Perseguida. Esta \u00e9 uma realidade vivida por mais de 100 milh\u00f5es de crist\u00e3os em todo o mundo. N\u00e3o sabemos a quantidade de jovens inclu\u00eddos nesse n\u00famero, mas temos certeza de que n\u00e3o s\u00e3o poucos. No 3\u00ba Congresso Lausanne de Evangeliza\u00e7\u00e3o, [&hellip;]<\/p>\n","protected":false},"author":19,"featured_media":0,"comment_status":"open","ping_status":"open","sticky":false,"template":"","format":"standard","meta":{"ngg_post_thumbnail":0,"footnotes":""},"categories":[8040],"tags":[],"class_list":["post-766","post","type-post","status-publish","format-standard","hentry","category-bios"],"_links":{"self":[{"href":"https:\/\/ultimato.com.br\/sites\/jovem\/wp-json\/wp\/v2\/posts\/766","targetHints":{"allow":["GET"]}}],"collection":[{"href":"https:\/\/ultimato.com.br\/sites\/jovem\/wp-json\/wp\/v2\/posts"}],"about":[{"href":"https:\/\/ultimato.com.br\/sites\/jovem\/wp-json\/wp\/v2\/types\/post"}],"author":[{"embeddable":true,"href":"https:\/\/ultimato.com.br\/sites\/jovem\/wp-json\/wp\/v2\/users\/19"}],"replies":[{"embeddable":true,"href":"https:\/\/ultimato.com.br\/sites\/jovem\/wp-json\/wp\/v2\/comments?post=766"}],"version-history":[{"count":4,"href":"https:\/\/ultimato.com.br\/sites\/jovem\/wp-json\/wp\/v2\/posts\/766\/revisions"}],"predecessor-version":[{"id":774,"href":"https:\/\/ultimato.com.br\/sites\/jovem\/wp-json\/wp\/v2\/posts\/766\/revisions\/774"}],"wp:attachment":[{"href":"https:\/\/ultimato.com.br\/sites\/jovem\/wp-json\/wp\/v2\/media?parent=766"}],"wp:term":[{"taxonomy":"category","embeddable":true,"href":"https:\/\/ultimato.com.br\/sites\/jovem\/wp-json\/wp\/v2\/categories?post=766"},{"taxonomy":"post_tag","embeddable":true,"href":"https:\/\/ultimato.com.br\/sites\/jovem\/wp-json\/wp\/v2\/tags?post=766"}],"curies":[{"name":"wp","href":"https:\/\/api.w.org\/{rel}","templated":true}]}}