{"id":7593,"date":"2019-08-09T23:05:05","date_gmt":"2019-08-10T02:05:05","guid":{"rendered":"http:\/\/ultimato.com.br\/sites\/jovem\/?p=7593"},"modified":"2019-08-09T23:05:05","modified_gmt":"2019-08-10T02:05:05","slug":"as-tragedias-do-dia-dos-pais","status":"publish","type":"post","link":"https:\/\/ultimato.com.br\/sites\/jovem\/2019\/08\/09\/as-tragedias-do-dia-dos-pais\/","title":{"rendered":"As trag\u00e9dias do dia dos pais"},"content":{"rendered":"<p><em>Por Maur\u00edcio Avoletta J\u00fanior<\/em><\/p>\n<blockquote><p>Quando eu era menino, falava como menino, sentia como menino, discorria como menino, mas, logo que cheguei a ser homem, acabei com as coisas de menino. (1 Cor\u00edntios 13:11)<\/p><\/blockquote>\n<p><img loading=\"lazy\" decoding=\"async\" class=\"alignright wp-image-7595 size-medium\" src=\"http:\/\/ultimato.com.br\/sites\/jovem\/files\/2019\/08\/UltJovem_09_08_19_pais-200x300.jpg\" alt=\"\" width=\"200\" height=\"300\" srcset=\"https:\/\/ultimato.com.br\/sites\/jovem\/files\/2019\/08\/UltJovem_09_08_19_pais-200x300.jpg 200w, https:\/\/ultimato.com.br\/sites\/jovem\/files\/2019\/08\/UltJovem_09_08_19_pais.jpg 346w\" sizes=\"auto, (max-width: 200px) 100vw, 200px\" \/>Embora pare\u00e7a simples escrever sobre o dia dos pais, \u00e9 justamente essa simplicidade que complica as coisas. Como escrever sobre esse dia sem incorrer no grande risco de ser clich\u00ea e permanecer na categoria do \u201cmais do mesmo\u201d? Por causa dessa dificuldade, fui fazer uma breve pesquisa. O que acabei achando foram textos e mais textos lotados de clich\u00eas piegas. N\u00e3o me entenda mal, n\u00e3o sou avesso \u00e0 clich\u00eas. Pelo contr\u00e1rio, eu mesmo tornei-me adepto de uma por\u00e7\u00e3o de clich\u00eas dos quais jurei nunca nem chegar perto. Por\u00e9m, em alguns casos, o clich\u00ea pode atrapalhar naquilo que pretendemos dizer.<\/p>\n<p>Durante essa breve pesquisa, deparei-me com um texto que falava a respeito da origem do dia dos pais. Segundo o autor, existem duas origens para essa data, uma boa e outra ruim. A boa \u00e9 tr\u00e1gica, a ruim tamb\u00e9m. A primeira gira em torno de diversos acidentes no in\u00edcio do s\u00e9culo passado, l\u00e1 nos Estados Unidos, envolvendo homens que, em sua grande maioria, eram pais de fam\u00edlia. Esses acidentes foram gerando uma como\u00e7\u00e3o popular e, diante da trag\u00e9dia de lares destru\u00eddos, as pessoas foram, com o tempo, reservando uma data para relembrarem a mem\u00f3ria desses diversos pais. Em 1972, o ent\u00e3o presidente dos EUA, Richard Nixon, assinou uma lei que decretava que, em todo terceiro domingo de junho, seria comemorado nacionalmente o dia dos pais.<\/p>\n<p>A segunda origem refere-se \u00e0 comemora\u00e7\u00e3o da data no Brasil. Aqui ela n\u00e3o est\u00e1 alinhada a diversos acidentes, mortes e trag\u00e9dias. N\u00e3o. A data no Brasil \u00e9 tr\u00e1gica porque surgiu puramente como uma jogada de marketing para vender mais produtos. Pelo menos pensaram numa desculpa para justificar esta data, que n\u00e3o apenas por gan\u00e2ncia. A data \u00e9 comumente atribu\u00edda \u00e0 figura de S\u00e3o Joaquim que, segundo a tradi\u00e7\u00e3o Cat\u00f3lico Romana, \u00e9 considerado o pai da virgem Maria, ou seja, uma esp\u00e9cie de patriarca crist\u00e3o. Ainda que ambas as hist\u00f3rias tenham uma origem tr\u00e1gica, mesmo que por motivos distintos, elas acabam evidenciando uma mesma verdade. Uma \u00f3bvia verdade, mas que hoje em dia, por uma s\u00e9rie de fatores, temos esquecido. A verdade que <strong>o homem, como criatura de Deus, possu\u00ed um papel na cria\u00e7\u00e3o que n\u00e3o pode ser substitu\u00eddo<\/strong>.<!--more--><\/p>\n<p>Um dos acidentes que geraram essa data, l\u00e1 nos Estados Unidos, foi uma explos\u00e3o numa mina de carv\u00e3o em Monongah, na Virg\u00ednia, em que 250 dos mortos eram pais. 250 fam\u00edlias foram desfeitas e, no m\u00ednimo, 250 filhos tornaram-se \u00f3rf\u00e3os. Toda morte \u00e9 uma trag\u00e9dia, independentemente do motivo. A morte precoce \u00e9 uma interfer\u00eancia pecaminosa no plano da cria\u00e7\u00e3o divina. Esse acidente evidenciou a falta que um homem faz no seio de uma casa. Hoje em dia, infelizmente, <strong>essa falta ainda \u00e9 sentida, por\u00e9m n\u00e3o \u00e9 resultante de nenhuma morte ou trag\u00e9dia f\u00edsica, mas moral<\/strong>.<\/p>\n<p>No livro <em>O Significado do Casamento<\/em>, o pastor presbiteriano Tim Keller, ao falar sobre a verdadeira masculinidade, diz que, hoje em dia, a maioria dos homens acreditam que, num relacionamento perfeito &#8211; como se isso existisse -, n\u00e3o \u00e9 preciso que nenhum dos dois mude, pois ambos se completam. Ou seja, os homens n\u00e3o querem um relacionamento em que um ir\u00e1 crescer com o outro, mas apenas uma forte amizade onde eles poder\u00e3o fazer muito sexo, e evitar maiores problemas.<\/p>\n<p>Os homens n\u00e3o s\u00e3o mais homens. Quando fa\u00e7o essa afirma\u00e7\u00e3o, n\u00e3o pense que estou querendo dizer que ser homem \u00e9 sin\u00f4nimo de ser um brutamontes, um brucutu, um lenhador sem sentimentos e que n\u00e3o toma banho. N\u00e3o. Isso, na verdade, \u00e9 uma pervers\u00e3o da vis\u00e3o crist\u00e3 de masculinidade, tanto quanto a feminiliza\u00e7\u00e3o do homem. <strong>H\u00e1 um equil\u00edbrio que est\u00e1 perdido hoje em dia e que \u00e9 preciso recuper\u00e1-lo<\/strong>. <strong>N\u00f3s, homens, n\u00e3o somos mais homens, mas eternas crian\u00e7as. <\/strong>Ou queremos ser o monumento inabal\u00e1vel, ou o castelinho de areia facilmente levado por qualquer sopro.<\/p>\n<p>Aqueles acidentes nos Estados Unidos foram uma trag\u00e9dia por dois motivos. O primeiro se d\u00e1 pelo fato de que vidas humanas foram perdidas e, como seres humanos \u2013 e principalmente como crist\u00e3os! \u2013, devemos ter em mente que todas as vidas importam. O segundo porque diversos filhos perderam seus referenciais de pai e mulheres perderam seus maridos. Fam\u00edlias foram destro\u00e7adas e isso \u00e9 profundamente triste.<\/p>\n<p>Comumente ouvimos diversos jovens e adolescentes reclamando de seus pais, e isso \u00e9 normal. Por\u00e9m, existe uma const\u00e2ncia maior de filhos que n\u00e3o reclamam mais de seus pais, pois estes permitem que os filhos fa\u00e7am tudo o que quiserem. Eles pensam que est\u00e3o dando liberdade para seus filhos, quando, na verdade, os est\u00e3o prendendo neles mesmos. \u00c9 urgente retomarmos \u00e0 figura de autoridade dos pais e, principalmente, \u00e9 urgente que o homem volte ao seu lugar e assuma seu papel. <strong>\u00c9 necess\u00e1rio que n\u00f3s, homens, deixemos de ser meninos<\/strong>.<\/p>\n<p>O dia dos pais \u00e9 um dia em que os filhos comemoram a presen\u00e7a dos pais em suas vidas. Infelizmente, muitos filhos v\u00e3o apenas comemorar a presen\u00e7a de alguma figura paterna ou, infelizmente, nem ir\u00e3o comemorar. <strong>Em alguns casos, a falta de comemora\u00e7\u00e3o se d\u00e1 pela morte, em outros, pela omiss\u00e3o, outros, pela falta de masculinidade<\/strong>.<\/p>\n<p>Se voc\u00ea, assim como eu, \u00e9 apenas filho e ainda n\u00e3o comemora o dia dos pais como um pai, honre a vida ou a mem\u00f3ria de seu pai, ou de quem o criou, sendo um homem. Buscando ser um pequeno Cristo, um Cristinho. Seja um homem de verdade e imite a Cristo. Se voc\u00ea \u00e9 pai, fa\u00e7a o mesmo. N\u00e3o h\u00e1 segredos. N\u00e3o h\u00e1 t\u00e9cnicas inovadoras. N\u00e3o h\u00e1 macetes. Sejam como Cristo e Cristo ser\u00e1 evidenciado em voc\u00eas. Sejam como Cristo e ser\u00e3o \u00f3timos filhos e, tamb\u00e9m, \u00f3timos pais. Sejamos como Cristo. Sejamos Cristo.<\/p>\n<ul>\n<li><strong>Maur\u00edcio Avoletta Junior, 24 anos<\/strong>. Congrega na Igreja Batista Fonte de Sicar (SP). Formado em Teologia pela Mackenzie, estudante de filosofia e literatura (por conta pr\u00f3pria); apaixonado por livros, cinema e m\u00fasica; escravo de Cristo, um pessimista em potencial e um futuro \u201cseja o que Deus quiser\u201d.<\/li>\n<\/ul>\n","protected":false},"excerpt":{"rendered":"<p>Por Maur\u00edcio Avoletta J\u00fanior Quando eu era menino, falava como menino, sentia como menino, discorria como menino, mas, logo que cheguei a ser homem, acabei com as coisas de menino. (1 Cor\u00edntios 13:11) Embora pare\u00e7a simples escrever sobre o dia dos pais, \u00e9 justamente essa simplicidade que complica as coisas. Como escrever sobre esse dia [&hellip;]<\/p>\n","protected":false},"author":19,"featured_media":0,"comment_status":"open","ping_status":"open","sticky":false,"template":"","format":"standard","meta":{"ngg_post_thumbnail":0,"footnotes":""},"categories":[6054],"tags":[4068,40412,31893,15595],"class_list":["post-7593","post","type-post","status-publish","format-standard","hentry","category-textos","tag-dia-dos-pais","tag-masculinidade","tag-mauricio-avoletta-junior","tag-paternidade"],"_links":{"self":[{"href":"https:\/\/ultimato.com.br\/sites\/jovem\/wp-json\/wp\/v2\/posts\/7593","targetHints":{"allow":["GET"]}}],"collection":[{"href":"https:\/\/ultimato.com.br\/sites\/jovem\/wp-json\/wp\/v2\/posts"}],"about":[{"href":"https:\/\/ultimato.com.br\/sites\/jovem\/wp-json\/wp\/v2\/types\/post"}],"author":[{"embeddable":true,"href":"https:\/\/ultimato.com.br\/sites\/jovem\/wp-json\/wp\/v2\/users\/19"}],"replies":[{"embeddable":true,"href":"https:\/\/ultimato.com.br\/sites\/jovem\/wp-json\/wp\/v2\/comments?post=7593"}],"version-history":[{"count":2,"href":"https:\/\/ultimato.com.br\/sites\/jovem\/wp-json\/wp\/v2\/posts\/7593\/revisions"}],"predecessor-version":[{"id":7596,"href":"https:\/\/ultimato.com.br\/sites\/jovem\/wp-json\/wp\/v2\/posts\/7593\/revisions\/7596"}],"wp:attachment":[{"href":"https:\/\/ultimato.com.br\/sites\/jovem\/wp-json\/wp\/v2\/media?parent=7593"}],"wp:term":[{"taxonomy":"category","embeddable":true,"href":"https:\/\/ultimato.com.br\/sites\/jovem\/wp-json\/wp\/v2\/categories?post=7593"},{"taxonomy":"post_tag","embeddable":true,"href":"https:\/\/ultimato.com.br\/sites\/jovem\/wp-json\/wp\/v2\/tags?post=7593"}],"curies":[{"name":"wp","href":"https:\/\/api.w.org\/{rel}","templated":true}]}}