{"id":7587,"date":"2019-08-06T21:49:50","date_gmt":"2019-08-07T00:49:50","guid":{"rendered":"http:\/\/ultimato.com.br\/sites\/jovem\/?p=7587"},"modified":"2019-08-06T21:49:50","modified_gmt":"2019-08-07T00:49:50","slug":"divida-a-corrida-pois-e-muita-coisa-para-pouco-voce","status":"publish","type":"post","link":"https:\/\/ultimato.com.br\/sites\/jovem\/2019\/08\/06\/divida-a-corrida-pois-e-muita-coisa-para-pouco-voce\/","title":{"rendered":"Divida a corrida, pois \u00e9 muita coisa para pouco voc\u00ea"},"content":{"rendered":"<p><em>Por Gabriela Prillip<\/em><\/p>\n<div dir=\"auto\"><img loading=\"lazy\" decoding=\"async\" class=\"alignright wp-image-7588 size-medium\" src=\"http:\/\/ultimato.com.br\/sites\/jovem\/files\/2019\/08\/UltJovem_06_08_19_peso-300x200.jpg\" alt=\"\" width=\"300\" height=\"200\" srcset=\"https:\/\/ultimato.com.br\/sites\/jovem\/files\/2019\/08\/UltJovem_06_08_19_peso-300x200.jpg 300w, https:\/\/ultimato.com.br\/sites\/jovem\/files\/2019\/08\/UltJovem_06_08_19_peso.jpg 517w\" sizes=\"auto, (max-width: 300px) 100vw, 300px\" \/>O que mais ouvimos ultimamente, em qualquer c\u00edrculo de amigos, \u00e9 que viver est\u00e1 cada vez mais dif\u00edcil e at\u00e9 doloroso. <strong>A gente parece n\u00e3o dar mais conta das mil coisas que se prop\u00f4s a fazer<\/strong>.Tem aquela conversa do whats que j\u00e1 est\u00e1 h\u00e1 uma semana sem resposta e outra pessoa esperando um texto que voc\u00ea prometeu enviar tem dez dias. Fora isso ainda tem todas as demandas pra acontecer no trabalho e aquele relat\u00f3rio pra reuni\u00e3o de amanh\u00e3 que voc\u00ea vai levar tr\u00eas dias pra terminar e ainda nem come\u00e7ou e mais as mil coisas dos cinco minist\u00e9rios da igreja pra resolver. A inscri\u00e7\u00e3o do curso que precisava ter pagado ontem pra n\u00e3o perder a vaga. Ah, e aquela treta com a amiga que voc\u00ea guardou por muito tempo, que ainda machuca, mas ningu\u00e9m tem coragem de falar sobre.<\/p>\n<p><strong>Muita coisa pra pouco voc\u00ea.<\/strong> E realmente, se a gente parar pra tentar olhar nossa vida, por um minuto que seja, por inteiro, pirar \u00e9 muito f\u00e1cil.<\/p>\n<p>Primeiro porque a gente acha que tem que dar conta de tudo o tempo todo, e que, como se vive s\u00f3 uma vez, precisamos fazer tudo, e n\u00e3o s\u00f3 isso, <strong>mas fazer tudo ao m\u00e1ximo<\/strong>. Nenhuma oportunidade pode escapar ou passar sem pelo menos um teste m\u00ednimo pra gente sentir qual \u00e9 e fazer todos os planos pra decidir o que vai ser.<\/p>\n<p>E se for assim, realmente, viver \u00e9 bem dif\u00edcil, e isso porque <strong>talvez a gente esteja olhando pelo \u00e2ngulo errado<\/strong>. Se a gente quiser lutar todas as batalhas e resolver a vida sempre pelos nossos planejamentos e for\u00e7as, realmente, n\u00e3o d\u00e1 nem pra come\u00e7ar e a vontade \u00e9 parar por aqui mesmo.<\/p>\n<p>Mas se a gente lembrar bem, <strong>esse (e outros) s\u00e3o fardos muito pesados pra serem carregados sozinhos<\/strong>. Tem muita coisa nessa bagagem que n\u00e3o precisa ser levada, mas tamb\u00e9m algo muito mais importante: nunca pediram pra que esse trabalho fosse s\u00f3 seu. Muito pelo contr\u00e1rio, existem pelo menos tr\u00eas pessoas do nosso lado que todos os dias pedem pra gente entregar todo esse peso pra que eles nos ensinem realmente o que \u00e9 viver.<\/p>\n<p>Esses pequenos atos de coragem e entrega que v\u00e3o totalmente contra a cultura do \u201cfa\u00e7a tudo enquanto eles dormem\u201d e que tudo depende apenas de voc\u00ea e do seu sucesso pra chegar onde voc\u00ea quer, mas talvez n\u00e3o onde deveria. Eles apontam pro \u00fanico caminho poss\u00edvel: <strong>um caminho onde o fardo \u00e9 leve e nosso trabalho \u00e9 descansar<\/strong> pedindo cada vez mais sabedoria para contar os dias at\u00e9 que alcancemos cora\u00e7\u00f5es s\u00e1bios. Essa deve ser nossa \u00fanica luta di\u00e1ria: descansar na gra\u00e7a de um Pai de amor.<\/p>\n<ul>\n<li><b>Gabriela Prillip<\/b>, 25 anos. \u00c9 marketeira, estudante de ci\u00eancias do consumo, tentando lidar com a vida adulta escrevendo. Congrega no Projeto 242.<\/li>\n<\/ul>\n<\/div>\n<p><!--more--><\/p>\n","protected":false},"excerpt":{"rendered":"<p>Por Gabriela Prillip O que mais ouvimos ultimamente, em qualquer c\u00edrculo de amigos, \u00e9 que viver est\u00e1 cada vez mais dif\u00edcil e at\u00e9 doloroso. A gente parece n\u00e3o dar mais conta das mil coisas que se prop\u00f4s a fazer.Tem aquela conversa do whats que j\u00e1 est\u00e1 h\u00e1 uma semana sem resposta e outra pessoa esperando [&hellip;]<\/p>\n","protected":false},"author":19,"featured_media":0,"comment_status":"open","ping_status":"open","sticky":false,"template":"","format":"standard","meta":{"ngg_post_thumbnail":0,"footnotes":""},"categories":[6054],"tags":[40409,40411,40410,28732],"class_list":["post-7587","post","type-post","status-publish","format-standard","hentry","category-textos","tag-dividir","tag-fardo","tag-gabriela-prillip","tag-peso"],"_links":{"self":[{"href":"https:\/\/ultimato.com.br\/sites\/jovem\/wp-json\/wp\/v2\/posts\/7587","targetHints":{"allow":["GET"]}}],"collection":[{"href":"https:\/\/ultimato.com.br\/sites\/jovem\/wp-json\/wp\/v2\/posts"}],"about":[{"href":"https:\/\/ultimato.com.br\/sites\/jovem\/wp-json\/wp\/v2\/types\/post"}],"author":[{"embeddable":true,"href":"https:\/\/ultimato.com.br\/sites\/jovem\/wp-json\/wp\/v2\/users\/19"}],"replies":[{"embeddable":true,"href":"https:\/\/ultimato.com.br\/sites\/jovem\/wp-json\/wp\/v2\/comments?post=7587"}],"version-history":[{"count":3,"href":"https:\/\/ultimato.com.br\/sites\/jovem\/wp-json\/wp\/v2\/posts\/7587\/revisions"}],"predecessor-version":[{"id":7591,"href":"https:\/\/ultimato.com.br\/sites\/jovem\/wp-json\/wp\/v2\/posts\/7587\/revisions\/7591"}],"wp:attachment":[{"href":"https:\/\/ultimato.com.br\/sites\/jovem\/wp-json\/wp\/v2\/media?parent=7587"}],"wp:term":[{"taxonomy":"category","embeddable":true,"href":"https:\/\/ultimato.com.br\/sites\/jovem\/wp-json\/wp\/v2\/categories?post=7587"},{"taxonomy":"post_tag","embeddable":true,"href":"https:\/\/ultimato.com.br\/sites\/jovem\/wp-json\/wp\/v2\/tags?post=7587"}],"curies":[{"name":"wp","href":"https:\/\/api.w.org\/{rel}","templated":true}]}}