{"id":757,"date":"2011-06-15T14:18:43","date_gmt":"2011-06-15T17:18:43","guid":{"rendered":"http:\/\/ultimato.com.br\/sites\/jovem\/?p=757"},"modified":"2011-06-15T14:20:09","modified_gmt":"2011-06-15T17:20:09","slug":"tipo-assim-o-que-vou-ser-quando-crescer","status":"publish","type":"post","link":"https:\/\/ultimato.com.br\/sites\/jovem\/2011\/06\/15\/tipo-assim-o-que-vou-ser-quando-crescer\/","title":{"rendered":"Tipo assim, o que vou ser quando crescer?"},"content":{"rendered":"<p><a href=\"http:\/\/ultimato.com.br\/sites\/jovem\/files\/2011\/06\/boy.jpg\" class=\"lightview\" data-lightview-group=\"group-757\" data-lightview-options=\"skin: 'dark', controls: 'relative', padding: '10', shadow: { color: '#000000', opacity: 0.08, blur: 3 }\" data-lightview-title=\"boy\"><img loading=\"lazy\" decoding=\"async\" class=\"alignleft size-full wp-image-758\" title=\"boy\" src=\"http:\/\/ultimato.com.br\/sites\/jovem\/files\/2011\/06\/boy.jpg\" alt=\"\" width=\"216\" height=\"280\" srcset=\"https:\/\/ultimato.com.br\/sites\/jovem\/files\/2011\/06\/boy.jpg 270w, https:\/\/ultimato.com.br\/sites\/jovem\/files\/2011\/06\/boy-231x300.jpg 231w, https:\/\/ultimato.com.br\/sites\/jovem\/files\/2011\/06\/boy-115x150.jpg 115w\" sizes=\"auto, (max-width: 216px) 100vw, 216px\" \/><\/a>Na hora de escolher uma carreira, o seu jeito de ser e a sua personalidade s\u00e3o aspectos a serem levados em conta, mas n\u00e3o podem ser fatores determinantes na quest\u00e3o. Escolhas existem porque somos livres e temos a capacidade de pensar no que queremos. Quanto \u00e0 carreira, n\u00e3o \u00e9 diferente: \u201cAs abelhas sempre construir\u00e3o colmeias, as formigas os formigueiros, as aranhas, as teias, e o homem n\u00e3o: o Alexandre ser\u00e1 analista de sistemas, a Vilma psic\u00f3loga, o Gustavo arquiteto etc\u201d.*<\/p>\n<p>Realmente n\u00e3o acredito que haja tipos de personalidade que correspondam a tipos de profiss\u00e3o. Nada na vida \u00e9 estagnado. Temos interesses diversos, al\u00e9m de muitas potencialidades, algumas das quais ainda n\u00e3o exploradas. Por isso, n\u00e3o deixe de escolher uma profiss\u00e3o apenas porque voc\u00ea acha que n\u00e3o re\u00fane as caracter\u00edsticas necess\u00e1rias para exerc\u00ea-la. Mois\u00e9s antes de aceitar a miss\u00e3o hesitou. <!--more-->Na \u00e9poca, ele cuidava de um rebanho de ovelhas e tinha 80 anos quando passou por uma marcante experi\u00eancia com Deus. Sua miss\u00e3o era libertar o povo de um longo cativeiro. Sua primeira impress\u00e3o foi \u201cEstou fora, isso n\u00e3o \u00e9 para mim mesmo\u201d. Mois\u00e9s n\u00e3o esperava uma manobra radical em sua vida: Deus transforma o assustado Mois\u00e9s em um verdadeiro l\u00edder.<\/p>\n<p>J\u00e1 passou por alguma manobra radical em sua vida? N\u00e3o tente se esconder atr\u00e1s de desculpas, confie e caminhe. Cumpra tarefas em \u00e1reas que voc\u00ea n\u00e3o tem muita experi\u00eancia. Pense que a pergunta a ser feita n\u00e3o \u00e9 \u201cQue carreira combina mais comigo?\u201d, mas sim, \u201cDe que forma posso contribuir?\u201d.<\/p>\n<p>Nota<\/p>\n<p>*BOCK, Ana Merc\u00eas Bahia, FURTADO, Odair e TEIXEIRA, Maria de Lourdes Trassi. Psicologias: Uma introdu\u00e7\u00e3o ao estudo de psicologia. S\u00e3o Paulo : Saraiva, 2003. p.317.<\/p>\n<p><strong>Jeverton \u201cMagr\u00e3o\u201d Ledo<\/strong> \u00e9 autor de \u201cMinha Escolha Profissional \u2014 o que Deus tem a ver com isso?\u201d (Editora Vida). jeverton.ledo@gmail.com<\/p>\n","protected":false},"excerpt":{"rendered":"<p>Na hora de escolher uma carreira, o seu jeito de ser e a sua personalidade s\u00e3o aspectos a serem levados em conta, mas n\u00e3o podem ser fatores determinantes na quest\u00e3o. Escolhas existem porque somos livres e temos a capacidade de pensar no que queremos. Quanto \u00e0 carreira, n\u00e3o \u00e9 diferente: \u201cAs abelhas sempre construir\u00e3o colmeias, [&hellip;]<\/p>\n","protected":false},"author":19,"featured_media":0,"comment_status":"open","ping_status":"open","sticky":false,"template":"","format":"standard","meta":{"ngg_post_thumbnail":0,"footnotes":""},"categories":[8039],"tags":[],"class_list":["post-757","post","type-post","status-publish","format-standard","hentry","category-altas-devocionais"],"_links":{"self":[{"href":"https:\/\/ultimato.com.br\/sites\/jovem\/wp-json\/wp\/v2\/posts\/757","targetHints":{"allow":["GET"]}}],"collection":[{"href":"https:\/\/ultimato.com.br\/sites\/jovem\/wp-json\/wp\/v2\/posts"}],"about":[{"href":"https:\/\/ultimato.com.br\/sites\/jovem\/wp-json\/wp\/v2\/types\/post"}],"author":[{"embeddable":true,"href":"https:\/\/ultimato.com.br\/sites\/jovem\/wp-json\/wp\/v2\/users\/19"}],"replies":[{"embeddable":true,"href":"https:\/\/ultimato.com.br\/sites\/jovem\/wp-json\/wp\/v2\/comments?post=757"}],"version-history":[{"count":3,"href":"https:\/\/ultimato.com.br\/sites\/jovem\/wp-json\/wp\/v2\/posts\/757\/revisions"}],"predecessor-version":[{"id":761,"href":"https:\/\/ultimato.com.br\/sites\/jovem\/wp-json\/wp\/v2\/posts\/757\/revisions\/761"}],"wp:attachment":[{"href":"https:\/\/ultimato.com.br\/sites\/jovem\/wp-json\/wp\/v2\/media?parent=757"}],"wp:term":[{"taxonomy":"category","embeddable":true,"href":"https:\/\/ultimato.com.br\/sites\/jovem\/wp-json\/wp\/v2\/categories?post=757"},{"taxonomy":"post_tag","embeddable":true,"href":"https:\/\/ultimato.com.br\/sites\/jovem\/wp-json\/wp\/v2\/tags?post=757"}],"curies":[{"name":"wp","href":"https:\/\/api.w.org\/{rel}","templated":true}]}}