{"id":7561,"date":"2019-07-23T21:03:44","date_gmt":"2019-07-24T00:03:44","guid":{"rendered":"http:\/\/ultimato.com.br\/sites\/jovem\/?p=7561"},"modified":"2019-07-24T11:32:50","modified_gmt":"2019-07-24T14:32:50","slug":"calando-a-voz-mentirosa-do-medo","status":"publish","type":"post","link":"https:\/\/ultimato.com.br\/sites\/jovem\/2019\/07\/23\/calando-a-voz-mentirosa-do-medo\/","title":{"rendered":"Calando a voz mentirosa do medo"},"content":{"rendered":"<p><em>Por Ion\u00e1 Nunes<\/em><\/p>\n<p><img loading=\"lazy\" decoding=\"async\" class=\"alignright wp-image-7562 size-medium\" src=\"http:\/\/ultimato.com.br\/sites\/jovem\/files\/2019\/07\/UltJovem_23_07_19_medo-300x192.jpg\" alt=\"\" width=\"300\" height=\"192\" srcset=\"https:\/\/ultimato.com.br\/sites\/jovem\/files\/2019\/07\/UltJovem_23_07_19_medo-300x192.jpg 300w, https:\/\/ultimato.com.br\/sites\/jovem\/files\/2019\/07\/UltJovem_23_07_19_medo.jpg 482w\" sizes=\"auto, (max-width: 300px) 100vw, 300px\" \/>Roo as unhas, perco o sono, n\u00e3o consigo me concentrar. O est\u00f4mago sofre com as consequ\u00eancias e a minha alma se p\u00f5e a chorar. Um choro mudo, caracterizado por gritos inaud\u00edveis enquanto rolo de um lado para o outro na cama. 0h, 1h, 4h e o sono foge de mim como a esperan\u00e7a escapule pelas m\u00e3os.<\/p>\n<p>Os gemidos s\u00e3o como raios solares t\u00edmidos detidos pela pestana da janela, berro por socorro mentalmente e deixo as l\u00e1grimas desenharem a urg\u00eancia emergente do meu clamor. Eu sou como uma marionete sendo manipulada de um lado pelo medo e do outro pela ansiedade. Enquanto eles brigam pra saber quem vai ter controle total sobre mim, sou retalhada ao meio.<\/p>\n<p>Dia desses tive uma dor de dente insuport\u00e1vel que me levou a manifestar um dos comportamentos mais irracionais da minha vida. Eu soquei o colch\u00e3o, bati propositalmente a cabe\u00e7a na porta do guarda-roupa, pressionei o lugar da dor com for\u00e7a, caminhei de um lado para o outro no meu quarto, bati a porta, tomei cinco comprimidos diferentes, chutei a televis\u00e3o e chorei enquanto esperneava sozinha, extravasando o que estava sentindo. E de quebra pensei em coisas terr\u00edveis.<\/p>\n<p>Foi uma confus\u00e3o danada. Enquanto pedia ao Senhor para que acabasse com a dor mentalmente, pensamentos furiosos circulavam pela minha cabe\u00e7a. Queria que minha emerg\u00eancia fosse atendida com urg\u00eancia e n\u00e3o recebia resposta. O medo e a ansiedade nos cegam, nos induzem a focar na dor e a agir como animais irracionais.<!--more--><\/p>\n<p>O medo \u00e9 uma vozinha mentirosa que usa nossas inseguran\u00e7as e preocupa\u00e7\u00f5es como alto-falante para nos controlar. Essa voz ganha corpo \u00e0 medida que tomamos sua fala como verdade. Somos n\u00f3s que fazemos nascer pele sobre seus ossos, que permitimos que ela cres\u00e7a e se desenvolva, pois o medo se alimenta das nossas fraquezas e traumas.<\/p>\n<p>O medo \u00e9 um sanguessuga que absorve nosso tempo, energia e alegria todas as vezes que abrimos a porta do nosso cora\u00e7\u00e3o e deixamos sua voz ecoar. Ele planta d\u00favida para colher desespero. \u00c9 como uma daquelas pessoas que, na primeira oportunidade, usa nossa fragilidade contra n\u00f3s mesmos. \u00c9 um parasita em busca de hospedeiro. \u00c9 capataz que exerce sua fun\u00e7\u00e3o pelo prazer de nos escravizar e menosprezar.<\/p>\n<p>Os comprimidos baixam a minha press\u00e3o, as m\u00e3os come\u00e7am a tremer e uma sonol\u00eancia domina meu corpo. A fala fica em <em>slow motion<\/em> e me sinto insegura. O que fazer? Chamo por minha m\u00e3e e pe\u00e7o ajuda. Ela prontamente se oferece para comprar rem\u00e9dio e me levar a urg\u00eancia. \u00c9 isso que os pais fazem, criam um ambiente seguro para o qual a gente pode correr sempre que estamos em apuros.<\/p>\n<p>Sou uma mulher, mas isso n\u00e3o significa que n\u00e3o fico fr\u00e1gil e que n\u00e3o preciso de algu\u00e9m. A dor \u00e9 did\u00e1tica e me lembrou que depend\u00eancia n\u00e3o \u00e9 opcional, n\u00e3o \u00e9 um bot\u00e3o que posso apertar quando quero, mas \u00e9 um estilo de vida. A dor \u00e9 did\u00e1tica porque me faz voltar ao centro da vontade de Deus e me lembra do quanto eu preciso Dele.<\/p>\n<ul>\n<li><b>Ion\u00e1 Nunes,\u00a0<\/b><strong>24 anos<\/strong>. \u00c9 jornalista e congrega na Igreja Crist\u00e3 Evang\u00e9lica.<\/li>\n<\/ul>\n","protected":false},"excerpt":{"rendered":"<p>Por Ion\u00e1 Nunes Roo as unhas, perco o sono, n\u00e3o consigo me concentrar. O est\u00f4mago sofre com as consequ\u00eancias e a minha alma se p\u00f5e a chorar. Um choro mudo, caracterizado por gritos inaud\u00edveis enquanto rolo de um lado para o outro na cama. 0h, 1h, 4h e o sono foge de mim como a [&hellip;]<\/p>\n","protected":false},"author":19,"featured_media":0,"comment_status":"open","ping_status":"open","sticky":false,"template":"","format":"standard","meta":{"ngg_post_thumbnail":0,"footnotes":""},"categories":[6054],"tags":[8431,39961,16537],"class_list":["post-7561","post","type-post","status-publish","format-standard","hentry","category-textos","tag-ansiedade","tag-iona-nunes","tag-medo"],"_links":{"self":[{"href":"https:\/\/ultimato.com.br\/sites\/jovem\/wp-json\/wp\/v2\/posts\/7561","targetHints":{"allow":["GET"]}}],"collection":[{"href":"https:\/\/ultimato.com.br\/sites\/jovem\/wp-json\/wp\/v2\/posts"}],"about":[{"href":"https:\/\/ultimato.com.br\/sites\/jovem\/wp-json\/wp\/v2\/types\/post"}],"author":[{"embeddable":true,"href":"https:\/\/ultimato.com.br\/sites\/jovem\/wp-json\/wp\/v2\/users\/19"}],"replies":[{"embeddable":true,"href":"https:\/\/ultimato.com.br\/sites\/jovem\/wp-json\/wp\/v2\/comments?post=7561"}],"version-history":[{"count":4,"href":"https:\/\/ultimato.com.br\/sites\/jovem\/wp-json\/wp\/v2\/posts\/7561\/revisions"}],"predecessor-version":[{"id":7566,"href":"https:\/\/ultimato.com.br\/sites\/jovem\/wp-json\/wp\/v2\/posts\/7561\/revisions\/7566"}],"wp:attachment":[{"href":"https:\/\/ultimato.com.br\/sites\/jovem\/wp-json\/wp\/v2\/media?parent=7561"}],"wp:term":[{"taxonomy":"category","embeddable":true,"href":"https:\/\/ultimato.com.br\/sites\/jovem\/wp-json\/wp\/v2\/categories?post=7561"},{"taxonomy":"post_tag","embeddable":true,"href":"https:\/\/ultimato.com.br\/sites\/jovem\/wp-json\/wp\/v2\/tags?post=7561"}],"curies":[{"name":"wp","href":"https:\/\/api.w.org\/{rel}","templated":true}]}}