{"id":7436,"date":"2019-05-25T10:55:09","date_gmt":"2019-05-25T13:55:09","guid":{"rendered":"http:\/\/ultimato.com.br\/sites\/jovem\/?p=7436"},"modified":"2019-05-26T19:07:47","modified_gmt":"2019-05-26T22:07:47","slug":"boto-fe-no-primeiro-ep-da-aninha-e-voce","status":"publish","type":"post","link":"https:\/\/ultimato.com.br\/sites\/jovem\/2019\/05\/25\/boto-fe-no-primeiro-ep-da-aninha-e-voce\/","title":{"rendered":"Boto f\u00e9 no primeiro EP da Aninha. E voc\u00ea?"},"content":{"rendered":"<p><em>Por Phelipe Reis<\/em><\/p>\n<div id=\"attachment_7438\" style=\"width: 210px\" class=\"wp-caption alignright\"><img loading=\"lazy\" decoding=\"async\" aria-describedby=\"caption-attachment-7438\" class=\"wp-image-7438 size-medium\" src=\"http:\/\/ultimato.com.br\/sites\/jovem\/files\/UltJovem_25_05_19_Ana-200x300.jpg\" alt=\"\" width=\"200\" height=\"300\" srcset=\"https:\/\/ultimato.com.br\/sites\/jovem\/files\/UltJovem_25_05_19_Ana-200x300.jpg 200w, https:\/\/ultimato.com.br\/sites\/jovem\/files\/UltJovem_25_05_19_Ana-768x1152.jpg 768w, https:\/\/ultimato.com.br\/sites\/jovem\/files\/UltJovem_25_05_19_Ana-683x1024.jpg 683w, https:\/\/ultimato.com.br\/sites\/jovem\/files\/UltJovem_25_05_19_Ana-732x1098.jpg 732w, https:\/\/ultimato.com.br\/sites\/jovem\/files\/UltJovem_25_05_19_Ana-1140x1710.jpg 1140w, https:\/\/ultimato.com.br\/sites\/jovem\/files\/UltJovem_25_05_19_Ana.jpg 1296w\" sizes=\"auto, (max-width: 200px) 100vw, 200px\" \/><p id=\"caption-attachment-7438\" class=\"wp-caption-text\">Foto: Filipe Cabral<\/p><\/div>\n<p>Gente valente me inspira. Gente talentosa mais ainda! E a Ana Heloysa \u2013 ou Aninha, como \u00e9 conhecida por muitos \u2013 \u00e9 desse tipo de gente. Formada em psicologia, dona um sorriso largo e cativante, dada a uma boa conversa, a jovem nordestina canta e comp\u00f5e com uma sensibilidade peculiar, de quem n\u00e3o encara a arte e a m\u00fasica como um trampolim para a fama, mas como <strong>uma forma de expressar a bondade das coisas que Deus nos d\u00e1 e a beleza do pr\u00f3prio Deus<\/strong>.<\/p>\n<p>Conheci a Ana pessoalmente durante o Encontro Vocare 2018, em Maring\u00e1, Paran\u00e1. Era o meu quarto ano participando do evento e me surpreendi quando ouvi uma mo\u00e7a, at\u00e9 ent\u00e3o desconhecida para mim, cantando a tal m\u00fasica tema do encontro. Logo me chamou aten\u00e7\u00e3o, porque a m\u00fasica dela n\u00e3o vinha embalada naquele r\u00f3tulo da ind\u00fastria musical gospel, superficialmente adornada com os clich\u00eas e repeti\u00e7\u00f5es vazias de sempre. A m\u00fasica da Ana, <strong><a href=\"https:\/\/www.youtube.com\/watch?v=E1p9HzhClkw\">O Caminho e o Guia<\/a><\/strong>, tem uma melodia ritmada, com uma letra simples, mas profunda, interpretada com uma voz suave, afina\u00e7\u00e3o \u00edmpar, presen\u00e7a de palco humilde e segura, sem performances mirabolantes.<\/p>\n<p>Al\u00e9m da autenticidade dela como artista, me chamou a aten\u00e7\u00e3o ver uma <strong>cantora do nordeste<\/strong> no palco de um evento cujo p\u00fablico \u00e9 majoritariamente do sul e sudeste. Eu, sendo do interior do Amazonas, sempre buscava encontrar durante o Vocare os \u201cvizinhos\u201d do norte e nordeste, por isso, logo que tive uma oportunidade, puxei conversa para conhecer melhor a jovem potiguar e saber do trabalho dela. Falamos sobre o processo de composi\u00e7\u00e3o de \u201cO Caminho e o Guia\u201d, o cen\u00e1rio da arte e da m\u00fasica crist\u00e3, livros sobre o assunto e ritmos regionais. Foi uma conversa descontra\u00edda e proveitosa.<!--more--><\/p>\n<p>Ao t\u00e9rmino do evento, fui ao stand da editora Ultimato, abri uma das caixas e peguei um livro \u201c<strong>Ser Evang\u00e9lico, Sem Deixar de Ser Brasileiro<\/strong>\u201d, de Gerson Borges. Sa\u00ed correndo em dire\u00e7\u00e3o ao \u00f4nibus; muitas caravanas estavam retornando para suas cidades. Encontrei o \u00f4nibus no qual Ana estava e lhe entreguei o presente, carregado de dois significados: uma lembran\u00e7a pelo prazer de t\u00ea-la conhecido e um incentivo para que ela continuasse fazendo m\u00fasica, desenvolvendo ainda mais o dom que Deus deu a ela.<\/p>\n<p>O tempo passou, fui acompanhando a Ana pelas redes sociais, e eis que certo dia me deparo com um v\u00eddeo no Facebook anunciando o <a href=\"https:\/\/www.catarse.me\/epdeaninha\"><strong>projeto de financiamento coletivo para a grava\u00e7\u00e3o do primeiro EP <\/strong>de Aninha<\/a>. Uau! Que menina corajosa! Eu preciso participar disso, pensei. Nem todo mundo que tem, talento tem a coragem de \u201cmeter a cara\u201d em um projeto que pode dar muito certo ou tudo errado. Mas Ana tem talento e coragem. E eu sei que a fonte disso tudo \u2013 da m\u00fasica, da inspira\u00e7\u00e3o, do talento e da coragem dela \u2013 \u00e9 o profundo e verdadeiro relacionamento que ela tem com Jesus. Por isso, eu boto f\u00e9 no primeiro EP de Aninha. E voc\u00ea, vai perder esse privil\u00e9gio? Corre que falta pouco tempo para alcan\u00e7ar o alvo necess\u00e1rio para a grava\u00e7\u00e3o.<\/p>\n<p>E para voc\u00ea, Aninha, aos 45 minutos do segundo tempo quando o medo do projeto n\u00e3o dar certo pode tentar bater \u00e0 porta, deixo a m\u00fasica do Marcos: <a href=\"https:\/\/www.youtube.com\/watch?v=QGNsLtOa3Uo\">\u201c<strong>O medo se vai, quando ou\u00e7o a voz do alto a me dizer: S\u00ca VALENTE!<\/strong>\u201d<\/a>.<\/p>\n<p><iframe loading=\"lazy\" src=\"https:\/\/www.youtube.com\/embed\/E1p9HzhClkw\" width=\"560\" height=\"315\" frameborder=\"0\" allowfullscreen=\"allowfullscreen\"><\/iframe><\/p>\n<ul>\n<li><strong>Phelipe Reis<\/strong> \u00e9 amazonense, jornalista e mission\u00e1rio. Marido de Lu\u00edze e pai da Elis e do Joaquim.<\/li>\n<\/ul>\n<p>&nbsp;<\/p>\n","protected":false},"excerpt":{"rendered":"<p>Por Phelipe Reis Gente valente me inspira. Gente talentosa mais ainda! E a Ana Heloysa \u2013 ou Aninha, como \u00e9 conhecida por muitos \u2013 \u00e9 desse tipo de gente. Formada em psicologia, dona um sorriso largo e cativante, dada a uma boa conversa, a jovem nordestina canta e comp\u00f5e com uma sensibilidade peculiar, de quem [&hellip;]<\/p>\n","protected":false},"author":19,"featured_media":0,"comment_status":"open","ping_status":"open","sticky":false,"template":"","format":"standard","meta":{"ngg_post_thumbnail":0,"footnotes":""},"categories":[10182],"tags":[40382,33,11415,11404,18,36365],"class_list":["post-7436","post","type-post","status-publish","format-standard","hentry","category-boto-fe","tag-ana-heloysa","tag-arte","tag-ep","tag-financiamento-coletivo","tag-musica","tag-phelipe-reis"],"_links":{"self":[{"href":"https:\/\/ultimato.com.br\/sites\/jovem\/wp-json\/wp\/v2\/posts\/7436","targetHints":{"allow":["GET"]}}],"collection":[{"href":"https:\/\/ultimato.com.br\/sites\/jovem\/wp-json\/wp\/v2\/posts"}],"about":[{"href":"https:\/\/ultimato.com.br\/sites\/jovem\/wp-json\/wp\/v2\/types\/post"}],"author":[{"embeddable":true,"href":"https:\/\/ultimato.com.br\/sites\/jovem\/wp-json\/wp\/v2\/users\/19"}],"replies":[{"embeddable":true,"href":"https:\/\/ultimato.com.br\/sites\/jovem\/wp-json\/wp\/v2\/comments?post=7436"}],"version-history":[{"count":4,"href":"https:\/\/ultimato.com.br\/sites\/jovem\/wp-json\/wp\/v2\/posts\/7436\/revisions"}],"predecessor-version":[{"id":7441,"href":"https:\/\/ultimato.com.br\/sites\/jovem\/wp-json\/wp\/v2\/posts\/7436\/revisions\/7441"}],"wp:attachment":[{"href":"https:\/\/ultimato.com.br\/sites\/jovem\/wp-json\/wp\/v2\/media?parent=7436"}],"wp:term":[{"taxonomy":"category","embeddable":true,"href":"https:\/\/ultimato.com.br\/sites\/jovem\/wp-json\/wp\/v2\/categories?post=7436"},{"taxonomy":"post_tag","embeddable":true,"href":"https:\/\/ultimato.com.br\/sites\/jovem\/wp-json\/wp\/v2\/tags?post=7436"}],"curies":[{"name":"wp","href":"https:\/\/api.w.org\/{rel}","templated":true}]}}