{"id":743,"date":"2011-09-07T10:00:38","date_gmt":"2011-09-07T13:00:38","guid":{"rendered":"http:\/\/ultimato.com.br\/sites\/jovem\/?p=743"},"modified":"2011-09-05T10:37:40","modified_gmt":"2011-09-05T13:37:40","slug":"peregrino","status":"publish","type":"post","link":"https:\/\/ultimato.com.br\/sites\/jovem\/2011\/09\/07\/peregrino\/","title":{"rendered":"Peregrino"},"content":{"rendered":"<p style=\"text-align: left;\"><a href=\"http:\/\/ultimato.com.br\/sites\/jovem\/files\/2011\/06\/peregrino.jpg\" class=\"lightview\" data-lightview-group=\"group-743\" data-lightview-options=\"skin: 'dark', controls: 'relative', padding: '10', shadow: { color: '#000000', opacity: 0.08, blur: 3 }\" data-lightview-title=\"peregrino\"><img loading=\"lazy\" decoding=\"async\" class=\"alignright size-full wp-image-744\" title=\"peregrino\" src=\"http:\/\/ultimato.com.br\/sites\/jovem\/files\/2011\/06\/peregrino.jpg\" alt=\"\" width=\"256\" height=\"172\" srcset=\"https:\/\/ultimato.com.br\/sites\/jovem\/files\/2011\/06\/peregrino.jpg 320w, https:\/\/ultimato.com.br\/sites\/jovem\/files\/2011\/06\/peregrino-300x201.jpg 300w, https:\/\/ultimato.com.br\/sites\/jovem\/files\/2011\/06\/peregrino-150x100.jpg 150w\" sizes=\"auto, (max-width: 256px) 100vw, 256px\" \/><\/a>O rel\u00f3gio r\u00edgido repousa na estante<br \/>\nNo lugar que lhe cabe, uma caixa de instantes<br \/>\nOnde me encaixo.<br \/>\n\u00c9 pr\u00f3prio cada qual ter um lugar.<br \/>\n(Inclusive o pardal acomoda-se em fenos<br \/>\nCom seus filhos pequenos;<br \/>\nE a andorinha achou seu ninho).<!--more--><br \/>\nTudo que tenho \u00e9 um sil\u00eancio de altar,<br \/>\nOlhos de mar,<br \/>\nTelhas de estrelas,<br \/>\nDeus em entrelinhas,<br \/>\nErva daninha<br \/>\nE um longo lugar.<\/p>\n<p style=\"text-align: left;\">__________<\/p>\n<p><strong><a href=\"http:\/\/twitter.com\/#!\/poemasemfoco\" target=\"_blank\">Sandro Pinto<\/a><\/strong> \u00e9 graduado\u00a0em Astronomia e F\u00edsica pela Univerdade Federal do Rio de Janeiro (UFRJ) e poeta por voca\u00e7\u00e3o.\u00a0Visite seu blog,\u00a0<a href=\"http:\/\/poemasemfoco.wordpress.com\/\" target=\"_blank\">Poema sem foco<\/a><\/p>\n","protected":false},"excerpt":{"rendered":"<p>O rel\u00f3gio r\u00edgido repousa na estante No lugar que lhe cabe, uma caixa de instantes Onde me encaixo. \u00c9 pr\u00f3prio cada qual ter um lugar. (Inclusive o pardal acomoda-se em fenos Com seus filhos pequenos; E a andorinha achou seu ninho).<\/p>\n","protected":false},"author":19,"featured_media":0,"comment_status":"open","ping_status":"open","sticky":false,"template":"","format":"standard","meta":{"ngg_post_thumbnail":0,"footnotes":""},"categories":[6054],"tags":[],"class_list":["post-743","post","type-post","status-publish","format-standard","hentry","category-textos"],"_links":{"self":[{"href":"https:\/\/ultimato.com.br\/sites\/jovem\/wp-json\/wp\/v2\/posts\/743","targetHints":{"allow":["GET"]}}],"collection":[{"href":"https:\/\/ultimato.com.br\/sites\/jovem\/wp-json\/wp\/v2\/posts"}],"about":[{"href":"https:\/\/ultimato.com.br\/sites\/jovem\/wp-json\/wp\/v2\/types\/post"}],"author":[{"embeddable":true,"href":"https:\/\/ultimato.com.br\/sites\/jovem\/wp-json\/wp\/v2\/users\/19"}],"replies":[{"embeddable":true,"href":"https:\/\/ultimato.com.br\/sites\/jovem\/wp-json\/wp\/v2\/comments?post=743"}],"version-history":[{"count":4,"href":"https:\/\/ultimato.com.br\/sites\/jovem\/wp-json\/wp\/v2\/posts\/743\/revisions"}],"predecessor-version":[{"id":1091,"href":"https:\/\/ultimato.com.br\/sites\/jovem\/wp-json\/wp\/v2\/posts\/743\/revisions\/1091"}],"wp:attachment":[{"href":"https:\/\/ultimato.com.br\/sites\/jovem\/wp-json\/wp\/v2\/media?parent=743"}],"wp:term":[{"taxonomy":"category","embeddable":true,"href":"https:\/\/ultimato.com.br\/sites\/jovem\/wp-json\/wp\/v2\/categories?post=743"},{"taxonomy":"post_tag","embeddable":true,"href":"https:\/\/ultimato.com.br\/sites\/jovem\/wp-json\/wp\/v2\/tags?post=743"}],"curies":[{"name":"wp","href":"https:\/\/api.w.org\/{rel}","templated":true}]}}