{"id":7422,"date":"2019-05-14T17:12:53","date_gmt":"2019-05-14T20:12:53","guid":{"rendered":"http:\/\/ultimato.com.br\/sites\/jovem\/?p=7422"},"modified":"2019-05-14T17:12:53","modified_gmt":"2019-05-14T20:12:53","slug":"jovem-deus-tem-um-proposito-maior","status":"publish","type":"post","link":"https:\/\/ultimato.com.br\/sites\/jovem\/2019\/05\/14\/jovem-deus-tem-um-proposito-maior\/","title":{"rendered":"Jovem, Deus tem um prop\u00f3sito maior pra voc\u00ea"},"content":{"rendered":"<p>Jovem crist\u00e3o,<\/p>\n<p><img loading=\"lazy\" decoding=\"async\" class=\"alignright size-medium wp-image-7424\" src=\"http:\/\/ultimato.com.br\/sites\/jovem\/files\/Ult_Jovem_14_05_19_proposito-300x169.jpg\" alt=\"\" width=\"300\" height=\"169\" srcset=\"https:\/\/ultimato.com.br\/sites\/jovem\/files\/Ult_Jovem_14_05_19_proposito-300x169.jpg 300w, https:\/\/ultimato.com.br\/sites\/jovem\/files\/Ult_Jovem_14_05_19_proposito.jpg 384w\" sizes=\"auto, (max-width: 300px) 100vw, 300px\" \/>Eu sei que a vida \u00e9 um caminho aberto pra voc\u00ea. Sei tamb\u00e9m que voc\u00ea tem a\u00ed dentro uma vibra\u00e7\u00e3o, uma <strong>expectativa boa sobre seu futuro<\/strong>. Isso \u00e9 bom! Curta isso. Faz parte do pacote de uma juventude sadia. Sei que junto com isso tem um frio na barriga, aquela inseguran\u00e7a sobre o desconhecido, sobre o que vir\u00e1. Eu sei. Faz parte tamb\u00e9m e \u00e9 bom! Essa apreens\u00e3o d\u00e1 uma boa medida de prud\u00eancia.<\/p>\n<p>Sei tamb\u00e9m que voc\u00ea consegue visualizar alguns caminhos pra sua vida profissional, pessoal, amorosa. S\u00e3o simples imagens do futuro desejado. Te digo com experi\u00eancia, s\u00e3o imagens poderosas que podem te encher de expectativa, te impulsionar. Mas elas tamb\u00e9m podem te frustrar l\u00e1 na frente, pois podem simplesmente n\u00e3o acontecer como foram imaginadas, e <strong>isso pode te desanimar<\/strong>.<\/p>\n<p>Essas vis\u00f5es, essas expectativas de futuro, s\u00e3o inevit\u00e1veis e fazem parte de um <strong>processo de amadurecimento saud\u00e1vel<\/strong>. Por\u00e9m, como voc\u00ea \u00e9 crist\u00e3o, preciso te dizer; Deus tamb\u00e9m tem os caminhos dele pra voc\u00ea. Ao te chamar, ele tamb\u00e9m preparou rotas com um prop\u00f3sito pra sua vida. Um prop\u00f3sito no Reino dele.<\/p>\n<p>Lembra quando a professora da igreja te ensinou sobre Jos\u00e9 do Egito? Aquele adolescente cheio de sonhos e grandes expectativas? Lembra dele? Ele tamb\u00e9m via um caminho bacana pra sua vida. Ele tamb\u00e9m percebia suas habilidades naturais pra lideran\u00e7a. Provavelmente, ele tamb\u00e9m tinha essas imagens sobre sua vida adulta, como l\u00edder de seus irm\u00e3os, de sua fam\u00edlia. Mas, o fato era que <strong>Deus tinha feito planos pra ele<\/strong>.<!--more--><\/p>\n<p>Jos\u00e9, como um jovem de Deus, trilhou o caminho que o Senhor planejou. Jos\u00e9 descobriu, na pr\u00e1tica, que<strong> muitas vezes n\u00e3o guiamos nossa vida, mas somos levados por ela<\/strong>. Muitas vezes n\u00e3o nadamos na dire\u00e7\u00e3o que desejamos, mas somos arrastados pela forte correnteza da vontade de Deus. Por que? Porque Deus tinha planos pra Jos\u00e9. Porque Deus tinha um prop\u00f3sito pra ele.<\/p>\n<p>E preciso te dizer: <strong>Deus tamb\u00e9m tem um prop\u00f3sito pra voc\u00ea<\/strong>. Voc\u00ea pode e deve ter seus sonhos, mas se voc\u00ea \u00e9 de Cristo, o Pai tem os sonhos dele pra voc\u00ea. Em alguns momentos, voc\u00ea n\u00e3o vai gostar e vai se debater. Eu sei. J\u00e1 fiz isso. Voc\u00ea vai tentar fazer algo do seu jeito. Em outros momentos, voc\u00ea vai cansar e se deixar levar. Mas saiba: Ele te guiar\u00e1.<\/p>\n<p>Apesar de ser levado pelas correntes de Deus, Jos\u00e9 tamb\u00e9m aprendeu r\u00e1pido (e eu espero que voc\u00ea tamb\u00e9m aprenda) que ele tinha liberdade pra fazer muitas coisas. E<strong> ele foi o melhor jovem que podia ter sido<\/strong>. Como escravo, ele foi o melhor e se tornou l\u00edder. Ao ser preso injustamente, ele se tornou um l\u00edder na pris\u00e3o e ao ser chamado por Fara\u00f3, se tornou administrador de todo Egito.<\/p>\n<p>Ou seja, ele fez o que foi colocado em suas m\u00e3os da melhor forma que podia. Ele foi zeloso. Ele correspondeu \u00e0s expectativas do dono das mar\u00e9s de sua vida. <strong>Ele correspondeu ao chamado de Deus<\/strong>.<\/p>\n<p>Sinceramente, eu espero isso pra voc\u00ea. Que voc\u00ea n\u00e3o se deixe abater nem pela inveja, nem pelo po\u00e7o sombrio, nem pela injusti\u00e7a alheia, nem pela masmorra. Pelo contr\u00e1rio, desejo e espero <strong>que os cen\u00e1rios ruins te forjem, te tornem algu\u00e9m forte e melhor, pra Gl\u00f3ria de Deus<\/strong>.<\/p>\n<p>Por fim, espero do fundo do meu cora\u00e7\u00e3o de crente, que voc\u00ea tenha a mesma experi\u00eancia de Jos\u00e9 ao reencontrar seus irm\u00e3os. Que voc\u00ea consiga perceber, assim como Jos\u00e9, que tudo sempre teve <strong>um prop\u00f3sito muito maior do que voc\u00ea<\/strong>. Que voc\u00ea consiga ver que foi usado como uma santa ferramenta na m\u00e3o de Deus e perceba que os caminhos Dele para sua vida foram muito melhores do que aqueles que voc\u00ea havia planejado. Que voc\u00ea perceba-se amado. Que perceba-se um agente do amor de Deus. Deixe Ele guiar sua vida.<\/p>\n<p>Em Cristo Jesus e para Ele,<br \/>\nLucas Pedro<\/p>\n<ul>\n<li><strong>Lucas Pedro<\/strong> \u00e9 autor do blog <a href=\"https:\/\/www.transformai-vos.org\/\" target=\"_blank\" rel=\"noopener noreferrer\">Transformai-vos<\/a>. Atua na \u00e1rea de Comunica\u00e7\u00e3o e Web Design e ministra oficinas em diversas igrejas no Brasil.<\/li>\n<\/ul>\n","protected":false},"excerpt":{"rendered":"<p>Jovem crist\u00e3o, Eu sei que a vida \u00e9 um caminho aberto pra voc\u00ea. Sei tamb\u00e9m que voc\u00ea tem a\u00ed dentro uma vibra\u00e7\u00e3o, uma expectativa boa sobre seu futuro. Isso \u00e9 bom! Curta isso. Faz parte do pacote de uma juventude sadia. Sei que junto com isso tem um frio na barriga, aquela inseguran\u00e7a sobre o [&hellip;]<\/p>\n","protected":false},"author":19,"featured_media":0,"comment_status":"open","ping_status":"open","sticky":false,"template":"","format":"standard","meta":{"ngg_post_thumbnail":0,"footnotes":""},"categories":[6054],"tags":[5329,5674,40381,40379,31895],"class_list":["post-7422","post","type-post","status-publish","format-standard","hentry","category-textos","tag-carta","tag-jovem","tag-jovem-cristao","tag-lucas-pedro","tag-proposito"],"_links":{"self":[{"href":"https:\/\/ultimato.com.br\/sites\/jovem\/wp-json\/wp\/v2\/posts\/7422","targetHints":{"allow":["GET"]}}],"collection":[{"href":"https:\/\/ultimato.com.br\/sites\/jovem\/wp-json\/wp\/v2\/posts"}],"about":[{"href":"https:\/\/ultimato.com.br\/sites\/jovem\/wp-json\/wp\/v2\/types\/post"}],"author":[{"embeddable":true,"href":"https:\/\/ultimato.com.br\/sites\/jovem\/wp-json\/wp\/v2\/users\/19"}],"replies":[{"embeddable":true,"href":"https:\/\/ultimato.com.br\/sites\/jovem\/wp-json\/wp\/v2\/comments?post=7422"}],"version-history":[{"count":2,"href":"https:\/\/ultimato.com.br\/sites\/jovem\/wp-json\/wp\/v2\/posts\/7422\/revisions"}],"predecessor-version":[{"id":7425,"href":"https:\/\/ultimato.com.br\/sites\/jovem\/wp-json\/wp\/v2\/posts\/7422\/revisions\/7425"}],"wp:attachment":[{"href":"https:\/\/ultimato.com.br\/sites\/jovem\/wp-json\/wp\/v2\/media?parent=7422"}],"wp:term":[{"taxonomy":"category","embeddable":true,"href":"https:\/\/ultimato.com.br\/sites\/jovem\/wp-json\/wp\/v2\/categories?post=7422"},{"taxonomy":"post_tag","embeddable":true,"href":"https:\/\/ultimato.com.br\/sites\/jovem\/wp-json\/wp\/v2\/tags?post=7422"}],"curies":[{"name":"wp","href":"https:\/\/api.w.org\/{rel}","templated":true}]}}