{"id":7415,"date":"2019-05-10T12:27:10","date_gmt":"2019-05-10T15:27:10","guid":{"rendered":"http:\/\/ultimato.com.br\/sites\/jovem\/?p=7415"},"modified":"2019-05-10T14:28:55","modified_gmt":"2019-05-10T17:28:55","slug":"aos-filhos-de-maes-nao-exemplares","status":"publish","type":"post","link":"https:\/\/ultimato.com.br\/sites\/jovem\/2019\/05\/10\/aos-filhos-de-maes-nao-exemplares\/","title":{"rendered":"Aos filhos de m\u00e3es n\u00e3o exemplares"},"content":{"rendered":"<p><i><span style=\"font-weight: 400;\">Por Amanda Almeida<\/span><\/i><\/p>\n<p><span style=\"font-weight: 400;\"><img loading=\"lazy\" decoding=\"async\" class=\"alignright size-medium wp-image-7416\" src=\"http:\/\/ultimato.com.br\/sites\/jovem\/files\/Ult_Jovem_10_05_19_maes-178x300.jpg\" alt=\"\" width=\"178\" height=\"300\" srcset=\"https:\/\/ultimato.com.br\/sites\/jovem\/files\/Ult_Jovem_10_05_19_maes-178x300.jpg 178w, https:\/\/ultimato.com.br\/sites\/jovem\/files\/Ult_Jovem_10_05_19_maes.jpg 325w\" sizes=\"auto, (max-width: 178px) 100vw, 178px\" \/>Quanto mais conhe\u00e7o gente, e as diferentes hist\u00f3rias que as pessoas carregam consigo, mais vejo o qu\u00e3o diversas nossas viv\u00eancias familiares podem ser. <strong>Fam\u00edlia \u00e9 tudo igual, mas ao mesmo tempo t\u00e3o diferente.<\/strong><\/span><\/p>\n<p><span style=\"font-weight: 400;\">Sei de hist\u00f3rias de amor incondicional entre m\u00e3es e filhos. Geralmente \u00e9 sobre elas que falamos nas datas comemorativas. Dos sacrif\u00edcios, da doa\u00e7\u00e3o, do cuidado. <\/span><\/p>\n<p><span style=\"font-weight: 400;\">Mas sei tamb\u00e9m de hist\u00f3rias de quem foi abandonado pela m\u00e3e e criado s\u00f3 pelo pai. Sei de gente que, mesmo morando a vida inteira com a m\u00e3e, n\u00e3o sente que possa confiar nela. Sei de gente que ficou profundamente machucado porque a m\u00e3e passava a m\u00e3o na cabe\u00e7a de um filho em detrimento dos outros. <\/span><\/p>\n<p><span style=\"font-weight: 400;\">E sei que voc\u00ea tamb\u00e9m conhece v\u00e1rias outras <strong>hist\u00f3rias maternas que n\u00e3o entrariam num comercial de dia das m\u00e3es<\/strong>. Talvez seja at\u00e9 protagonista de uma delas. <\/span><\/p>\n<p><span style=\"font-weight: 400;\">Pensar nas m\u00e3es da B\u00edblia \u00e9 pensar em Maria, que esteve disposta a enfrentar os julgamentos que receberia por engravidar de Jesus antes de se casar, e pensar em tantas outras mulheres que clamavam por um filho, em gesta\u00e7\u00f5es t\u00e3o desejadas, como os casos de Ana, Lia, Sara, Isabel. <\/span><\/p>\n<p><span style=\"font-weight: 400;\">Mas \u00e9 tamb\u00e9m pensar que existem os casos de m\u00e3es como Jezabel, que tinha o cora\u00e7\u00e3o perverso (I Re 21.7:25), e como Atalia, que usurpou o trono do rei de Jud\u00e1 (II Re 11:11). N\u00e3o \u00e9 \u00e0 toa que em Salmo 27:10 est\u00e1 escrito que &#8220;mesmo que meu pai e minha m\u00e3e me abandonem, o Senhor me acolher\u00e1&#8221;. Hist\u00f3rias assim acontecem. <strong>E Deus sabe, Deus v\u00ea. Deus acolhe seus filhos.<\/strong><\/span><!--more--><\/p>\n<p><span style=\"font-weight: 400;\">Dia desses ouvi uma mo\u00e7a falando sobre como, quando queremos algo, d\u00f3i ver quem j\u00e1 tem aquilo n\u00e3o dando o devido valor. Acho que isso se aplica bastante \u00e0s rela\u00e7\u00f5es familiares. Se voc\u00ea tem um bom relacionamento com sua m\u00e3e, valorize-a. Demonstre esse amor, agrade\u00e7a, celebre, e, se poss\u00edvel, <strong>ofere\u00e7a mais lugares \u00e0 mesa pra quem precisar.<\/strong><\/span><\/p>\n<p><span style=\"font-weight: 400;\">E se voc\u00ea, por qualquer motivo que seja, n\u00e3o tem uma boa rela\u00e7\u00e3o com sua m\u00e3e, descanse nessa verdade: \u00a0Deus acolhe seus filhos. Voc\u00ea pode n\u00e3o ser capaz de mudar as a\u00e7\u00f5es e motiva\u00e7\u00f5es de sua m\u00e3e, mas \u00e9 capaz de mudar as suas pr\u00f3prias. <strong>O sacrif\u00edcio de Cristo nos livra do pecado, e assim somos verdadeiramente livres para perdoar.<\/strong> Deus nos ordena a honrar nossos pais, e em muitos casos, essa honra passa pelo perd\u00e3o. <\/span><\/p>\n<p><span style=\"font-weight: 400;\">Mesmo nas rela\u00e7\u00f5es saud\u00e1veis, nenhuma fam\u00edlia vive um comercial de margarina os todos dias. Todos os filhos e todos os pais ter\u00e3o in\u00fameros motivos pra se chatear uns com os outros. <strong>Que a partir de vidas redimidas por Cristo, cada uma dessas rela\u00e7\u00f5es seja marcada pelo perd\u00e3o. <\/strong><\/span><\/p>\n<ul>\n<li><strong>Amanda Almeida,<\/strong> 26 anos. \u00c9 formada em Comunica\u00e7\u00e3o Social e mestre em Estudos de Linguagens.<\/li>\n<\/ul>\n","protected":false},"excerpt":{"rendered":"<p>Por Amanda Almeida Quanto mais conhe\u00e7o gente, e as diferentes hist\u00f3rias que as pessoas carregam consigo, mais vejo o qu\u00e3o diversas nossas viv\u00eancias familiares podem ser. Fam\u00edlia \u00e9 tudo igual, mas ao mesmo tempo t\u00e3o diferente. Sei de hist\u00f3rias de amor incondicional entre m\u00e3es e filhos. Geralmente \u00e9 sobre elas que falamos nas datas comemorativas. [&hellip;]<\/p>\n","protected":false},"author":19,"featured_media":0,"comment_status":"open","ping_status":"open","sticky":false,"template":"","format":"standard","meta":{"ngg_post_thumbnail":0,"footnotes":""},"categories":[6054],"tags":[29818,8441,5732,9503],"class_list":["post-7415","post","type-post","status-publish","format-standard","hentry","category-textos","tag-amanda-almeida","tag-familia","tag-mae","tag-perdao"],"_links":{"self":[{"href":"https:\/\/ultimato.com.br\/sites\/jovem\/wp-json\/wp\/v2\/posts\/7415","targetHints":{"allow":["GET"]}}],"collection":[{"href":"https:\/\/ultimato.com.br\/sites\/jovem\/wp-json\/wp\/v2\/posts"}],"about":[{"href":"https:\/\/ultimato.com.br\/sites\/jovem\/wp-json\/wp\/v2\/types\/post"}],"author":[{"embeddable":true,"href":"https:\/\/ultimato.com.br\/sites\/jovem\/wp-json\/wp\/v2\/users\/19"}],"replies":[{"embeddable":true,"href":"https:\/\/ultimato.com.br\/sites\/jovem\/wp-json\/wp\/v2\/comments?post=7415"}],"version-history":[{"count":5,"href":"https:\/\/ultimato.com.br\/sites\/jovem\/wp-json\/wp\/v2\/posts\/7415\/revisions"}],"predecessor-version":[{"id":7421,"href":"https:\/\/ultimato.com.br\/sites\/jovem\/wp-json\/wp\/v2\/posts\/7415\/revisions\/7421"}],"wp:attachment":[{"href":"https:\/\/ultimato.com.br\/sites\/jovem\/wp-json\/wp\/v2\/media?parent=7415"}],"wp:term":[{"taxonomy":"category","embeddable":true,"href":"https:\/\/ultimato.com.br\/sites\/jovem\/wp-json\/wp\/v2\/categories?post=7415"},{"taxonomy":"post_tag","embeddable":true,"href":"https:\/\/ultimato.com.br\/sites\/jovem\/wp-json\/wp\/v2\/tags?post=7415"}],"curies":[{"name":"wp","href":"https:\/\/api.w.org\/{rel}","templated":true}]}}