{"id":7408,"date":"2019-05-08T11:49:19","date_gmt":"2019-05-08T14:49:19","guid":{"rendered":"http:\/\/ultimato.com.br\/sites\/jovem\/?p=7408"},"modified":"2019-05-08T11:49:32","modified_gmt":"2019-05-08T14:49:32","slug":"experimento-marcos-um-mergulho-no-evangelho-em-90-minutos","status":"publish","type":"post","link":"https:\/\/ultimato.com.br\/sites\/jovem\/2019\/05\/08\/experimento-marcos-um-mergulho-no-evangelho-em-90-minutos\/","title":{"rendered":"Experimento Marcos: um mergulho no evangelho em 90 minutos"},"content":{"rendered":"<p><i><span style=\"font-weight: 400;\">Por Brisa Kelly<\/span><\/i><\/p>\n<p><span style=\"font-weight: 400;\"><img loading=\"lazy\" decoding=\"async\" class=\"alignright size-medium wp-image-7409\" src=\"http:\/\/ultimato.com.br\/sites\/jovem\/files\/Ult_Jovem_08_05_19_marcos-300x200.jpg\" alt=\"\" width=\"300\" height=\"200\" srcset=\"https:\/\/ultimato.com.br\/sites\/jovem\/files\/Ult_Jovem_08_05_19_marcos-300x200.jpg 300w, https:\/\/ultimato.com.br\/sites\/jovem\/files\/Ult_Jovem_08_05_19_marcos-768x512.jpg 768w, https:\/\/ultimato.com.br\/sites\/jovem\/files\/Ult_Jovem_08_05_19_marcos-1024x683.jpg 1024w, https:\/\/ultimato.com.br\/sites\/jovem\/files\/Ult_Jovem_08_05_19_marcos-732x488.jpg 732w, https:\/\/ultimato.com.br\/sites\/jovem\/files\/Ult_Jovem_08_05_19_marcos.jpg 1080w\" sizes=\"auto, (max-width: 300px) 100vw, 300px\" \/>Foi em junho de 2016 que recebi o convite para participar do Experimento Marcos atrav\u00e9s de uma amiga da Alian\u00e7a B\u00edblica Universit\u00e1ria do Brasil (ABUB). O nome de cara me chamou muito a aten\u00e7\u00e3o e ap\u00f3s uma explica\u00e7\u00e3o sobre do que se tratava, decidi participar. Eu nem imaginava a import\u00e2ncia dessa experi\u00eancia que viveria em breve.<\/span><\/p>\n<p><span style=\"font-weight: 400;\">O <\/span><a href=\"http:\/\/experimentomarcos.com.br\"><span style=\"font-weight: 400;\">Experimento Marcos<\/span><\/a><span style=\"font-weight: 400;\"> (ou The Mark Drama, em ingl\u00eas) \u00e9 uma pe\u00e7a teatral que apresenta todo o evangelho de Marcos em 90 minutos. Para esta pe\u00e7a n\u00e3o s\u00e3o necess\u00e1rios equipamentos, figurino ou profissionais. Basta apenas um grupo de 15 pessoas dispostas &#8211; que pode ser formado por integrantes de uma igreja local ou grupo da ABUB, por exemplo &#8211; e uma plateia atenta. Os grupos costumam fazer duas apresenta\u00e7\u00f5es da pe\u00e7a em espa\u00e7os que ficam a crit\u00e9rio dos atores e diretores, mas geralmente opta-se por igrejas, escolas e universidades.<\/span><\/p>\n<p><span style=\"font-weight: 400;\">Participei da pe\u00e7a que aconteceu no Curso de F\u00e9rias da ABUB Nordeste em Aracaju (SE), e para sua realiza\u00e7\u00e3o foram necess\u00e1rias seis semanas dedicadas a um estudo intensivo do livro de Marcos, momento em que tive a oportunidade de me aprofundar neste evangelho, atentando-me para detalhes da narrativa que por vezes passam despercebidos. Al\u00e9m dessas semanas de estudos, tivemos tr\u00eas dias de ensaio igualmente intensos. Durante todo esse per\u00edodo, foram feitas duplas de ora\u00e7\u00e3o para que o grupo intercedesse pela pe\u00e7a e por todos que ouviriam a mensagem.<\/span><!--more--><\/p>\n<p><span style=\"font-weight: 400;\"><img loading=\"lazy\" decoding=\"async\" class=\"alignleft size-medium wp-image-7410\" src=\"http:\/\/ultimato.com.br\/sites\/jovem\/files\/Ult_Jovem_08_05_19_marcos2-300x200.jpg\" alt=\"\" width=\"300\" height=\"200\" srcset=\"https:\/\/ultimato.com.br\/sites\/jovem\/files\/Ult_Jovem_08_05_19_marcos2-300x200.jpg 300w, https:\/\/ultimato.com.br\/sites\/jovem\/files\/Ult_Jovem_08_05_19_marcos2-768x512.jpg 768w, https:\/\/ultimato.com.br\/sites\/jovem\/files\/Ult_Jovem_08_05_19_marcos2-1024x683.jpg 1024w, https:\/\/ultimato.com.br\/sites\/jovem\/files\/Ult_Jovem_08_05_19_marcos2-732x488.jpg 732w, https:\/\/ultimato.com.br\/sites\/jovem\/files\/Ult_Jovem_08_05_19_marcos2.jpg 1080w\" sizes=\"auto, (max-width: 300px) 100vw, 300px\" \/>No decorrer da apresenta\u00e7\u00e3o, as sensa\u00e7\u00f5es que tive foram diversas (a come\u00e7ar pelo frio na barriga). Mais do que algu\u00e9m atuando numa pe\u00e7a, me vi nas narrativas do evangelho, assumindo o papel daqueles personagens t\u00e3o humanos e contradit\u00f3rios. Seja nos disc\u00edpulos, que ora parecem decididos a seguir o Mestre onde for, ora n\u00e3o conseguem dar um passo de f\u00e9; ou nos religiosos, que querem colocar suas tradi\u00e7\u00f5es acima dos mandamentos de Deus.<\/span><\/p>\n<p><span style=\"font-weight: 400;\">O Experimento Marcos foi para mim uma experi\u00eancia para repensar a minha rela\u00e7\u00e3o com Deus e com o pr\u00f3ximo a partir do evangelho onde Cristo \u00e9 o centro de tudo.<\/span><\/p>\n<p><span style=\"font-weight: 400;\">Para al\u00e9m da edifica\u00e7\u00e3o pessoal, como a encena\u00e7\u00e3o apresenta cada evento do evangelho de Marcos de forma viva e poderosa, essas apresenta\u00e7\u00f5es s\u00e3o grandes oportunidades de convidar amigos, fam\u00edlia ou vizinhos que ainda n\u00e3o s\u00e3o crist\u00e3os! H\u00e1 muitas pessoas que n\u00e3o est\u00e3o abertas para uma conversa evangel\u00edstica, mas que iriam assistir \u00e0 pe\u00e7a.<\/span><\/p>\n<p><span style=\"font-weight: 400;\">Vamos compartilhar com todos e todas a verdadeira experi\u00eancia com Jesus?<\/span><\/p>\n<p><span style=\"font-weight: 400;\">Quer saber mais? Acesse o <\/span><a href=\"http:\/\/experimentomarcos.com.br\"><span style=\"font-weight: 400;\">site do Experimento Marcos<\/span><\/a><span style=\"font-weight: 400;\"> ou envie um e-mail para: <\/span><span style=\"font-weight: 400;\">contato@experimentomarcos.com.br<\/span><\/p>\n<ul>\n<li><b>Brisa Kelly, 24 anos<\/b><span style=\"font-weight: 400;\">. \u00c9 formada em administra\u00e7\u00e3o e vive em Mossor\u00f3 (RN). \u00c9 apaixonada por livros, viagens e desenhos.<\/span><\/li>\n<\/ul>\n","protected":false},"excerpt":{"rendered":"<p>Por Brisa Kelly Foi em junho de 2016 que recebi o convite para participar do Experimento Marcos atrav\u00e9s de uma amiga da Alian\u00e7a B\u00edblica Universit\u00e1ria do Brasil (ABUB). O nome de cara me chamou muito a aten\u00e7\u00e3o e ap\u00f3s uma explica\u00e7\u00e3o sobre do que se tratava, decidi participar. Eu nem imaginava a import\u00e2ncia dessa experi\u00eancia [&hellip;]<\/p>\n","protected":false},"author":19,"featured_media":0,"comment_status":"open","ping_status":"open","sticky":false,"template":"","format":"standard","meta":{"ngg_post_thumbnail":0,"footnotes":""},"categories":[6054],"tags":[40377,102,33935,85],"class_list":["post-7408","post","type-post","status-publish","format-standard","hentry","category-textos","tag-brisa-kelly","tag-evangelho","tag-experimento-marcos","tag-teatro"],"_links":{"self":[{"href":"https:\/\/ultimato.com.br\/sites\/jovem\/wp-json\/wp\/v2\/posts\/7408","targetHints":{"allow":["GET"]}}],"collection":[{"href":"https:\/\/ultimato.com.br\/sites\/jovem\/wp-json\/wp\/v2\/posts"}],"about":[{"href":"https:\/\/ultimato.com.br\/sites\/jovem\/wp-json\/wp\/v2\/types\/post"}],"author":[{"embeddable":true,"href":"https:\/\/ultimato.com.br\/sites\/jovem\/wp-json\/wp\/v2\/users\/19"}],"replies":[{"embeddable":true,"href":"https:\/\/ultimato.com.br\/sites\/jovem\/wp-json\/wp\/v2\/comments?post=7408"}],"version-history":[{"count":3,"href":"https:\/\/ultimato.com.br\/sites\/jovem\/wp-json\/wp\/v2\/posts\/7408\/revisions"}],"predecessor-version":[{"id":7413,"href":"https:\/\/ultimato.com.br\/sites\/jovem\/wp-json\/wp\/v2\/posts\/7408\/revisions\/7413"}],"wp:attachment":[{"href":"https:\/\/ultimato.com.br\/sites\/jovem\/wp-json\/wp\/v2\/media?parent=7408"}],"wp:term":[{"taxonomy":"category","embeddable":true,"href":"https:\/\/ultimato.com.br\/sites\/jovem\/wp-json\/wp\/v2\/categories?post=7408"},{"taxonomy":"post_tag","embeddable":true,"href":"https:\/\/ultimato.com.br\/sites\/jovem\/wp-json\/wp\/v2\/tags?post=7408"}],"curies":[{"name":"wp","href":"https:\/\/api.w.org\/{rel}","templated":true}]}}