{"id":7378,"date":"2019-04-25T19:06:45","date_gmt":"2019-04-25T22:06:45","guid":{"rendered":"http:\/\/ultimato.com.br\/sites\/jovem\/?p=7378"},"modified":"2019-05-07T18:16:17","modified_gmt":"2019-05-07T21:16:17","slug":"as-sementes-plantadas-pela-escuta","status":"publish","type":"post","link":"https:\/\/ultimato.com.br\/sites\/jovem\/2019\/04\/25\/as-sementes-plantadas-pela-escuta\/","title":{"rendered":"As sementes plantadas pela escuta"},"content":{"rendered":"<p><i><span style=\"font-weight: 400;\">Por Jeverton \u201cMagr\u00e3o\u201d Ledo<\/span><\/i><\/p>\n<p><span style=\"font-weight: 400;\"><img loading=\"lazy\" decoding=\"async\" class=\"alignright size-medium wp-image-7381\" src=\"http:\/\/ultimato.com.br\/sites\/jovem\/files\/Ult_Jovem_25_04_19_escuta-300x200.jpg\" alt=\"\" width=\"300\" height=\"200\" srcset=\"https:\/\/ultimato.com.br\/sites\/jovem\/files\/Ult_Jovem_25_04_19_escuta-300x200.jpg 300w, https:\/\/ultimato.com.br\/sites\/jovem\/files\/Ult_Jovem_25_04_19_escuta.jpg 690w\" sizes=\"auto, (max-width: 300px) 100vw, 300px\" \/>Pensar em pessoas marcantes que vivem seus momentos no mesmo tempo e espa\u00e7o que voc\u00ea pode parecer tarefa f\u00e1cil, mas n\u00e3o \u00e9. Afinal, os tempos andam complicados, e por vezes o mundo parece estar de ponta cabe\u00e7a.<\/span><\/p>\n<p><span style=\"font-weight: 400;\">Tive e tenho o privil\u00e9gio de j\u00e1 ter convivido e de ainda conviver com pessoas que n\u00e3o apenas passaram por minha vida como um vento, mas que t\u00eam deixado suas marcas, t\u00eam me fortalecido, e me inspirado a buscar servir com o meu melhor a cada dia.<\/span><\/p>\n<p><span style=\"font-weight: 400;\">Tenho alguns nomes em mente, mas me permiti escolher destacar uma pessoa que tem vivido dias marcantes h\u00e1 muitos anos, sem o glamour dos holofotes ou das grandes m\u00eddias.<\/span><\/p>\n<p><span style=\"font-weight: 400;\">Tem constru\u00eddo uma trajet\u00f3ria marcada pelo acolhimento, respeito e humildade. Servindo o outro sem restri\u00e7\u00f5es e pr\u00e9-julgamentos, seguindo o caminho, abrindo m\u00e3o da estrada, do corre corre, e sendo o que deve ser.<\/span><!--more--><\/p>\n<p><span style=\"font-weight: 400;\">Lembro do momento em que nos conhecemos, era um dia frio e os primeiros raios da manh\u00e3 quebravam a n\u00e9voa fria e densa de mais uma noite gelada em uma pequena cidade encravada entre vales e montanhas.<\/span><\/p>\n<p><span style=\"font-weight: 400;\">Era o come\u00e7o de um novo desafio para mim. Recebi um abra\u00e7o, fui conduzido ao meu dormit\u00f3rio e recebi as primeiras orienta\u00e7\u00f5es. \u201cEstou \u00e0 disposi\u00e7\u00e3o\u201d, disse com voz calma e acolhedora. <\/span><\/p>\n<p><span style=\"font-weight: 400;\">Os dias correram, momentos alegres, outros nem tanto. Saudade, questionamentos e dor vieram, e a pessoa estava l\u00e1 ao meu lado.<\/span><\/p>\n<p><span style=\"font-weight: 400;\">As aulas com minha inspira\u00e7\u00e3o eram esclarecedoras, as discuss\u00f5es eram interessantes, e as tarefas nos desafiavam a experimentar o novo. Assim fomos lapidando nossa amizade.<\/span><\/p>\n<p><span style=\"font-weight: 400;\">E nessa amizade, uma das coisas mais marcantes eram os aconselhamentos. Me lembro com riqueza de detalhes: sentados frente a frente, eu me sentia livre para expor aquilo que muitas vezes me trazia ang\u00fastia, tristeza, indigna\u00e7\u00e3o\u2026<\/span><\/p>\n<p><span style=\"font-weight: 400;\">Em nenhum momento era interrompido, e no come\u00e7o isso \u00e0s vezes me levava a pensar \u201cestou mesmo sendo ouvido?\u201d. Com o passar do tempo, entendi que a pessoa estava escutando atentamente cada palavra. <\/span><\/p>\n<p><span style=\"font-weight: 400;\">Antes de nosso tempo se findar, ela dizia suas poucas, mas sempre s\u00e1bias palavras. Palavras que me levavam a refletir e encontrar internamente as respostas.<\/span><\/p>\n<p><span style=\"font-weight: 400;\">Saber escutar o outro \u00e9 uma chave que abre nossas portas internas e nos permite partilhar do nosso eu obscuro. Agrade\u00e7o por me ensinar o precioso valor do escutar.<\/span><\/p>\n<p><span style=\"font-weight: 400;\">Nossos caminhos na miss\u00e3o nos levaram a destinos diferentes, mas apesar da dist\u00e2ncia, a amizade se fortalece a cada novo dia.<\/span><\/p>\n<div id=\"attachment_7382\" style=\"width: 310px\" class=\"wp-caption alignright\"><img loading=\"lazy\" decoding=\"async\" aria-describedby=\"caption-attachment-7382\" class=\"wp-image-7382 size-medium\" src=\"http:\/\/ultimato.com.br\/sites\/jovem\/files\/Ult_Jovem_25_04_19_tonica-300x188.jpg\" alt=\"\" width=\"300\" height=\"188\" srcset=\"https:\/\/ultimato.com.br\/sites\/jovem\/files\/Ult_Jovem_25_04_19_tonica-300x188.jpg 300w, https:\/\/ultimato.com.br\/sites\/jovem\/files\/Ult_Jovem_25_04_19_tonica.jpg 696w\" sizes=\"auto, (max-width: 300px) 100vw, 300px\" \/><p id=\"caption-attachment-7382\" class=\"wp-caption-text\">Tonica<\/p><\/div>\n<p><span style=\"font-weight: 400;\">A de\u00e3, professora, conselheira, amiga e madrinha segue me ensinando e inspirando.<\/span><\/p>\n<p><span style=\"font-weight: 400;\">A miss\u00e3o exige comprometimento e esfor\u00e7o, exige de n\u00f3s a pergunta di\u00e1ria de \u201cquem sou eu para impor, exigir, acusar o outro?\u201d.<\/span><\/p>\n<p><span style=\"font-weight: 400;\">Que sigamos firmes, certos que nosso servir n\u00e3o tem sido v\u00e3o, e que as sementes lan\u00e7adas t\u00eam encontrado solos f\u00e9rteis. E aqui fica registrada minha gratid\u00e3o por algu\u00e9m que plantou sementes em minha vida.<\/span><\/p>\n<p><span style=\"font-weight: 400;\">Sou grato por desfrutar da amizade de Antonia Leonora Van der Meer, carinhosamente conhecida por Tonica.<\/span><\/p>\n<p><span style=\"font-weight: 400;\">E ap\u00f3s alguns anos, entramos em contagem regressiva para quando estaremos juntos novamente. E esse encontro ser\u00e1 celebrado com muita alegria. Nos vemos em 3, 2, 1&#8230;<\/span><\/p>\n<ul>\n<li><strong>Jeverton \u201cMagr\u00e3o\u201d Ledo\u00a0<\/strong>\u00e9 um mission\u00e1rio apaixonado pela vida e por quadrinhos. Ele e a esposa moram em Gent, na B\u00e9lgica.<\/li>\n<\/ul>\n","protected":false},"excerpt":{"rendered":"<p>Por Jeverton \u201cMagr\u00e3o\u201d Ledo Pensar em pessoas marcantes que vivem seus momentos no mesmo tempo e espa\u00e7o que voc\u00ea pode parecer tarefa f\u00e1cil, mas n\u00e3o \u00e9. Afinal, os tempos andam complicados, e por vezes o mundo parece estar de ponta cabe\u00e7a. Tive e tenho o privil\u00e9gio de j\u00e1 ter convivido e de ainda conviver com [&hellip;]<\/p>\n","protected":false},"author":19,"featured_media":0,"comment_status":"open","ping_status":"open","sticky":false,"template":"","format":"standard","meta":{"ngg_post_thumbnail":0,"footnotes":""},"categories":[6054],"tags":[40370,26686,22834],"class_list":["post-7378","post","type-post","status-publish","format-standard","hentry","category-textos","tag-escuta","tag-jeverton-magrao-ledo","tag-tonica"],"_links":{"self":[{"href":"https:\/\/ultimato.com.br\/sites\/jovem\/wp-json\/wp\/v2\/posts\/7378","targetHints":{"allow":["GET"]}}],"collection":[{"href":"https:\/\/ultimato.com.br\/sites\/jovem\/wp-json\/wp\/v2\/posts"}],"about":[{"href":"https:\/\/ultimato.com.br\/sites\/jovem\/wp-json\/wp\/v2\/types\/post"}],"author":[{"embeddable":true,"href":"https:\/\/ultimato.com.br\/sites\/jovem\/wp-json\/wp\/v2\/users\/19"}],"replies":[{"embeddable":true,"href":"https:\/\/ultimato.com.br\/sites\/jovem\/wp-json\/wp\/v2\/comments?post=7378"}],"version-history":[{"count":6,"href":"https:\/\/ultimato.com.br\/sites\/jovem\/wp-json\/wp\/v2\/posts\/7378\/revisions"}],"predecessor-version":[{"id":7405,"href":"https:\/\/ultimato.com.br\/sites\/jovem\/wp-json\/wp\/v2\/posts\/7378\/revisions\/7405"}],"wp:attachment":[{"href":"https:\/\/ultimato.com.br\/sites\/jovem\/wp-json\/wp\/v2\/media?parent=7378"}],"wp:term":[{"taxonomy":"category","embeddable":true,"href":"https:\/\/ultimato.com.br\/sites\/jovem\/wp-json\/wp\/v2\/categories?post=7378"},{"taxonomy":"post_tag","embeddable":true,"href":"https:\/\/ultimato.com.br\/sites\/jovem\/wp-json\/wp\/v2\/tags?post=7378"}],"curies":[{"name":"wp","href":"https:\/\/api.w.org\/{rel}","templated":true}]}}