{"id":7360,"date":"2019-04-23T22:05:08","date_gmt":"2019-04-24T01:05:08","guid":{"rendered":"http:\/\/ultimato.com.br\/sites\/jovem\/?p=7360"},"modified":"2019-04-23T22:06:11","modified_gmt":"2019-04-24T01:06:11","slug":"por-um-ministerio-de-jovens-relevante-e-transformador","status":"publish","type":"post","link":"https:\/\/ultimato.com.br\/sites\/jovem\/2019\/04\/23\/por-um-ministerio-de-jovens-relevante-e-transformador\/","title":{"rendered":"Por um Minist\u00e9rio de Jovens relevante e transformador"},"content":{"rendered":"<div dir=\"auto\">\n<p><em><em><em>Por Guilherme Damasceno<\/em><\/em><\/em><\/p>\n<div dir=\"auto\"><\/div>\n<div dir=\"auto\">\n<p><img loading=\"lazy\" decoding=\"async\" class=\"alignright size-medium wp-image-7361\" src=\"http:\/\/ultimato.com.br\/sites\/jovem\/files\/UltJovem_23_04_19_ministerio-300x200.jpg\" alt=\"\" width=\"300\" height=\"200\" srcset=\"https:\/\/ultimato.com.br\/sites\/jovem\/files\/UltJovem_23_04_19_ministerio-300x200.jpg 300w, https:\/\/ultimato.com.br\/sites\/jovem\/files\/UltJovem_23_04_19_ministerio-768x512.jpg 768w, https:\/\/ultimato.com.br\/sites\/jovem\/files\/UltJovem_23_04_19_ministerio-732x488.jpg 732w, https:\/\/ultimato.com.br\/sites\/jovem\/files\/UltJovem_23_04_19_ministerio.jpg 778w\" sizes=\"auto, (max-width: 300px) 100vw, 300px\" \/>Alegria e disposi\u00e7\u00e3o para servir s\u00e3o sinais de um cora\u00e7\u00e3o jovem que n\u00e3o teme o futuro e ousa sonhar. Li com aten\u00e7\u00e3o os recentes artigos que relatam o \u00eaxodo dos jovens crist\u00e3os, condensados pelo Instituto LifeWay Research nos Estados Unidos. O texto &#8220;<a href=\"http:\/\/ultimato.com.br\/sites\/jovem\/2019\/02\/07\/por-que-e-quando-os-jovens-saem-da-igreja\/.\">Porque e quando os jovens saem da igreja<\/a>&#8220;, publicado aqui em Ultimato Jovem, demonstra a necessidade de repensarmos\u00a0 o \u201cmodus operandi\u201d da Igreja na forma\u00e7\u00e3o e acolhimento de pessoas na faixa et\u00e1ria dos 23 aos 30 anos.<\/p>\n<div dir=\"auto\"><\/div>\n<div dir=\"auto\">\n<p>Penso que precisamos tratar com seriedade a quest\u00e3o, a fim de trabalharmos para diminui\u00e7\u00e3o da evas\u00e3o da juventude, claro, confiando na Gra\u00e7a de Deus que \u00e9 o Senhor e Sustentador do seu povo, e, portanto, nos convoca ao seu servi\u00e7o (Lucas 10:2).<\/p>\n<div dir=\"auto\"><\/div>\n<div dir=\"auto\">\n<p>Os motivos pelos quais os jovens se distanciam da igreja ficam evidentes:<\/p>\n<div dir=\"auto\"><\/div>\n<div dir=\"auto\"><strong>1)<\/strong> Evas\u00e3o no in\u00edcio dos estudos universit\u00e1rios ou na inser\u00e7\u00e3o no\u00a0mercado de trabalho;<\/div>\n<\/div>\n<\/div>\n<\/div>\n<\/div>\n<div dir=\"auto\"><strong>2)<\/strong> A percep\u00e7\u00e3o da hipocrisia;<\/div>\n<div dir=\"auto\"><strong>3)<\/strong> Falta de uni\u00e3o entre as pessoas da comunidade crist\u00e3;<\/div>\n<div dir=\"auto\"><strong>4)<\/strong> Posi\u00e7\u00f5es pol\u00edticas divergentes;<\/div>\n<div dir=\"auto\">\n<p><strong>5)<\/strong> A irrelev\u00e2ncia da Igreja e\/ou do Pastor em seu contexto local.<\/p>\n<div dir=\"auto\"><\/div>\n<div dir=\"auto\">\n<p>Pois bem, em primeiro lugar devemos considerar que alguns destes problemas seguem uma l\u00f3gica de idealiza\u00e7\u00e3o e de perfei\u00e7\u00e3o das institui\u00e7\u00f5es e dos processos, como no exemplo da j\u00e1 mencionada hipocrisia. O que aprendi trabalhando com jovens de diferentes realidades e contextos sociais, foi que <strong>para ganhar a confian\u00e7a do trabalho que desenvolvemos precisamos ser\u00a0totalmente transparentes.<\/strong> Transpar\u00eancia \u00e9 a palavra de ordem em nosso pa\u00eds e n\u00e3o poderia ser diferente nas rela\u00e7\u00f5es entre os crist\u00e3os.<\/p>\n<div dir=\"auto\"><\/div>\n<\/div>\n<\/div>\n<p><!--more--><\/p>\n<div dir=\"auto\"><\/div>\n<div dir=\"auto\"><\/div>\n<blockquote>\n<div dir=\"auto\">&#8220;Grandes l\u00edderes s\u00e3o l\u00edderes transparentes. As grandes mudan\u00e7as ocorrem\u00a0quando os l\u00edderes s\u00e3o transparentes. Se os membros da igreja est\u00e3o\u00a0percebendo que existe reten\u00e7\u00e3o de informa\u00e7\u00e3o, o processo de mudan\u00e7a j\u00e1 est\u00e1 correndo risco. Vivemos na era da transpar\u00eancia da Internet. A informa\u00e7\u00e3o est\u00e1\u00a0na ponta dos dedos. Todos esperam estar totalmente informados. A mudan\u00e7a\u00a0pode ser sequestrada em poucos dias, caso haja a suspeita de que a lideran\u00e7a\u00a0n\u00e3o est\u00e1 divulgando todas as informa\u00e7\u00f5es. Embora a divulga\u00e7\u00e3o seja vital para\u00a0todas as gera\u00e7\u00f5es, \u00e9 especialmente importante para a gera\u00e7\u00e3o do mil\u00eanio.\u00a0Esses jovens adultos, nascidos entre 1980 e 2000, s\u00e3o muito sens\u00edveis \u00e0\u00a0quest\u00e3o da transpar\u00eancia. Se voc\u00ea for franco e aberto, eles estar\u00e3o com voc\u00ea\u00a0durante o processo de mudan\u00e7a. Caso contr\u00e1rio, sair\u00e3o imediatamente.&#8221; &#8211; Thom S. Rainer em &#8220;Quem Trocou o Meu P\u00falpito?&#8221; (CPAD, p 104, 105).<\/div>\n<\/blockquote>\n<div dir=\"auto\"><\/div>\n<div dir=\"auto\">\n<div dir=\"auto\">\n<div dir=\"auto\">\n<p>Se desejarmos transformar as realidades, expandir nossos trabalhos,\u00a0 enfatizar a compatibilidade do crescimento qualitativo e potencializarmos um crescimento saud\u00e1vel de nossos minist\u00e9rios, precisamos e devemos ser transparentes em todos os sentidos.<\/p>\n<div dir=\"auto\"><\/div>\n<div dir=\"auto\">\n<p>Devemos demonstrar que os ordenados e tamb\u00e9m os leigos s\u00e3o gente, sujeitos em busca de cada dia se tornarem mais semelhantes com Jesus, nesse caminho comentem erros, e portanto <strong>precisam ter humildade para corrigir desvios e equ\u00edvocos<\/strong>. O que n\u00e3o significa que dever\u00e3o viverem ref\u00e9ns de opini\u00f5es particulares que contrariam ensinamentos b\u00edblicos para agradar ou ceder a press\u00f5es embasadas em opini\u00f5es sect\u00e1rias.<\/p>\n<div dir=\"auto\"><\/div>\n<div dir=\"auto\">Outro ponto importante se traduz no <strong>respeito e toler\u00e2ncia entre aqueles que optaram por posi\u00e7\u00f5es pol\u00edticas diferentes<\/strong>. As Igrejas (denomina\u00e7\u00f5es ou as comunidades aut\u00f4nomas) precisam ter clareza da op\u00e7\u00e3o que desejam assumir, garantindo a liberdade de todos e todas optarem de livre consci\u00eancia qual caminham desejam seguir, sempre pautadas nos valores do Evangelho, que expressam o projeto do Reino de Deus.<\/p>\n<div dir=\"auto\"><\/div>\n<div dir=\"auto\">Com isso n\u00e3o quero dizer que pautas n\u00e3o devem ser defendias ou combatidas, como o combate ao racismo, o rep\u00fadio \u00e0 viol\u00eancia dom\u00e9stica, e a\u00e7\u00f5es concretas tomadas para efetividade destes posicionamentos, mas nenhum membro pode ser constrangido ao apoio a um partido ou sistema pol\u00edtico por imposi\u00e7\u00e3o oficial da Igreja, afinal somos crist\u00e3os protestantes, todos e todas jamais poder\u00e3o ser cerceados do direito de emitir opini\u00f5es. <strong><strong>Unidade na diversidade!<\/strong><\/strong><\/div>\n<\/div>\n<\/div>\n<\/div>\n<div dir=\"auto\">\n<div dir=\"auto\">\n<div dir=\"auto\">\n<div dir=\"auto\"><\/div>\n<div dir=\"auto\">\n<p>O vislumbre que ocorre no acesso ao ensino superior pode, entre muitos fatores, tamb\u00e9m pode estar relacionado a subestima\u00e7\u00e3o da capacidade intelectual da juventude. Em muitas igrejas os eventos e programa\u00e7\u00f5es voltados ao p\u00fablico se assemelham \u00e0 hora do recreio no parquinho. Conte\u00fado raso, desconfigura\u00e7\u00e3o do espa\u00e7o e tempo de adora\u00e7\u00e3o e edifica\u00e7\u00e3o, \u00eanfase no entretenimento e n\u00e3o no fortalecimento da f\u00e9.<\/p>\n<div dir=\"auto\"><\/div>\n<div dir=\"auto\">\n<p>Um dos elementos mais surpreendentes ao trabalhar com jovens \u00e9 justamente descobrir o \u00edmpeto e desejo que t\u00eam em adquirir novos conhecimentos, acompanhado do desejo de testemunhar a f\u00e9 crist\u00e3 em espa\u00e7os p\u00fablicos.<\/p>\n<div dir=\"auto\"><\/div>\n<div dir=\"auto\"><strong>N\u00e3o \u00e9 preciso alterar e\/ou modificar a teologia ou liturgia (conte\u00fado), precisamos apoiar e incentivar a exposi\u00e7\u00e3o coerente, o debate e a reflex\u00e3o em torno de temas atuais, sem temer as pautas \u201cdelicadas\u201d<\/strong>. Nesse sentido tamb\u00e9m, o primeiro emprego e a rotina de trabalho, por vezes desgastantes, poder\u00e3o se\u00a0 tornar um espa\u00e7o para oportunidades missionais, quando recuperamos o sentindo que o protestantismo hist\u00f3rico delegou, e assim a voca\u00e7\u00e3o crist\u00e3 ser\u00e1 exercida pelo jovem profissional visando sempre a gl\u00f3ria de Deus.<\/p>\n<div dir=\"auto\"><\/div>\n<div dir=\"auto\">O elemento da comunh\u00e3o \u00e9 um pilar por vezes menosprezado, todavia num pastorado de proximidade, o modelo que se demostra o mais eficiente para Minist\u00e9rio com Jovens, \u00e9 important\u00edssimo. Com isso afirmo meu rep\u00fadio ao policiamento da vida de qualquer pessoa, e \u00e0 instrumentaliza\u00e7\u00e3o do l\u00edder ou pastor como uma bengala para que o jovem caminhe se apoiando, sem a maturidade necess\u00e1ria para tomada de decis\u00f5es, assumindo sua responsabilidade individual.<\/div>\n<\/div>\n<\/div>\n<\/div>\n<\/div>\n<\/div>\n<\/div>\n<\/div>\n<div dir=\"auto\">\n<div dir=\"auto\">\n<div dir=\"auto\"><\/div>\n<div dir=\"auto\">\n<p>Precisamos nos lembrar do pastorado de Jesus, que partiu e comeu do mesmo p\u00e3o que seus disc\u00edpulos, ouviu os dramas do cotidiano e conviveu oferecendo o suporte e apoio necess\u00e1rios para a forma\u00e7\u00e3o da comunidade (Lucas 24.13-35).<\/p>\n<div dir=\"auto\"><\/div>\n<div dir=\"auto\">\n<p>A relev\u00e2ncia da Igreja e seu testemunho na sociedade \u00e9 objeto de interlocu\u00e7\u00e3o e constru\u00e7\u00e3o do corpo de Cristo. Compreenderemos que a coragem para transformar \u00e9 uma for\u00e7a que nasce na confian\u00e7a da a\u00e7\u00e3o criativa e criadora do Esp\u00edrito Santo, alterando uma realidade de dispers\u00e3o.<\/p>\n<div dir=\"auto\"><\/div>\n<div dir=\"auto\">\n<p><em><em>\u201cDiariamente perseveravam un\u00e2nimes no templo, partiam p\u00e3o de casa em casa e tomavam as suas refei\u00e7\u00f5es com alegria e singeleza de cora\u00e7\u00e3o, louvando a Deus e contando com a simpatia de todo o povo. Enquanto isso, acrescentava-lhes o Senhor, dia a dia, os que iam sendo salvos.\u201d Atos 2.46-47<\/em><\/em>.<\/p>\n<div dir=\"auto\"><\/div>\n<div dir=\"auto\">\n<p>Deste modo fa\u00e7o um convite \u00e0 Igreja: <strong>Ore pela Juventude, apoie seus projetos,\u00a0invista nas novas gera\u00e7\u00f5es. <\/strong>Para que nossos minist\u00e9rios sejam reconhecidos com os tra\u00e7os de acolhimento, relev\u00e2ncia, engajamento e transforma\u00e7\u00e3o.<\/p>\n<div dir=\"auto\"><\/div>\n<div dir=\"auto\">\n<p>N\u00e3o desistiremos, Cristo \u00e9 nossa esperan\u00e7a.<\/p>\n<div dir=\"auto\"><\/div>\n<\/div>\n<\/div>\n<\/div>\n<\/div>\n<\/div>\n<\/div>\n<\/div>\n<ul>\n<li dir=\"auto\"><strong>Guilherme Damasceno, 22<\/strong>. Te\u00f3logo pela Universidade Metodista de S\u00e3o Paulo, cursando Psicologia na UNICID. L\u00edder do Minist\u00e9rio Catedral Jovem na Primeira Igreja Presbiteriana Independente de S\u00e3o Paulo.<\/li>\n<\/ul>\n<\/div>\n","protected":false},"excerpt":{"rendered":"<p>Por Guilherme Damasceno Alegria e disposi\u00e7\u00e3o para servir s\u00e3o sinais de um cora\u00e7\u00e3o jovem que n\u00e3o teme o futuro e ousa sonhar. Li com aten\u00e7\u00e3o os recentes artigos que relatam o \u00eaxodo dos jovens crist\u00e3os, condensados pelo Instituto LifeWay Research nos Estados Unidos. O texto &#8220;Porque e quando os jovens saem da igreja&#8220;, publicado aqui [&hellip;]<\/p>\n","protected":false},"author":19,"featured_media":0,"comment_status":"open","ping_status":"open","sticky":false,"template":"","format":"standard","meta":{"ngg_post_thumbnail":0,"footnotes":""},"categories":[9],"tags":[40369,5675,87],"class_list":["post-7360","post","type-post","status-publish","format-standard","hentry","category-sem-categoria","tag-guilherme-damasceno","tag-jovens","tag-ministerio"],"_links":{"self":[{"href":"https:\/\/ultimato.com.br\/sites\/jovem\/wp-json\/wp\/v2\/posts\/7360","targetHints":{"allow":["GET"]}}],"collection":[{"href":"https:\/\/ultimato.com.br\/sites\/jovem\/wp-json\/wp\/v2\/posts"}],"about":[{"href":"https:\/\/ultimato.com.br\/sites\/jovem\/wp-json\/wp\/v2\/types\/post"}],"author":[{"embeddable":true,"href":"https:\/\/ultimato.com.br\/sites\/jovem\/wp-json\/wp\/v2\/users\/19"}],"replies":[{"embeddable":true,"href":"https:\/\/ultimato.com.br\/sites\/jovem\/wp-json\/wp\/v2\/comments?post=7360"}],"version-history":[{"count":13,"href":"https:\/\/ultimato.com.br\/sites\/jovem\/wp-json\/wp\/v2\/posts\/7360\/revisions"}],"predecessor-version":[{"id":7374,"href":"https:\/\/ultimato.com.br\/sites\/jovem\/wp-json\/wp\/v2\/posts\/7360\/revisions\/7374"}],"wp:attachment":[{"href":"https:\/\/ultimato.com.br\/sites\/jovem\/wp-json\/wp\/v2\/media?parent=7360"}],"wp:term":[{"taxonomy":"category","embeddable":true,"href":"https:\/\/ultimato.com.br\/sites\/jovem\/wp-json\/wp\/v2\/categories?post=7360"},{"taxonomy":"post_tag","embeddable":true,"href":"https:\/\/ultimato.com.br\/sites\/jovem\/wp-json\/wp\/v2\/tags?post=7360"}],"curies":[{"name":"wp","href":"https:\/\/api.w.org\/{rel}","templated":true}]}}