{"id":7324,"date":"2019-03-26T17:35:25","date_gmt":"2019-03-26T20:35:25","guid":{"rendered":"http:\/\/ultimato.com.br\/sites\/jovem\/?p=7324"},"modified":"2019-04-03T13:23:05","modified_gmt":"2019-04-03T16:23:05","slug":"muito-alem-de-chorar-pelo-leite-derramado","status":"publish","type":"post","link":"https:\/\/ultimato.com.br\/sites\/jovem\/2019\/03\/26\/muito-alem-de-chorar-pelo-leite-derramado\/","title":{"rendered":"Muito al\u00e9m de chorar pelo leite derramado"},"content":{"rendered":"<p><i><span style=\"font-weight: 400;\">Por Renan Vin\u00edcius<\/span><\/i><\/p>\n<p><span style=\"font-weight: 400;\"><img loading=\"lazy\" decoding=\"async\" class=\"alignright size-medium wp-image-7326\" src=\"http:\/\/ultimato.com.br\/sites\/jovem\/files\/Ult_Jovem_26_03_19_leite-200x300.jpg\" alt=\"\" width=\"200\" height=\"300\" srcset=\"https:\/\/ultimato.com.br\/sites\/jovem\/files\/Ult_Jovem_26_03_19_leite-200x300.jpg 200w, https:\/\/ultimato.com.br\/sites\/jovem\/files\/Ult_Jovem_26_03_19_leite.jpg 519w\" sizes=\"auto, (max-width: 200px) 100vw, 200px\" \/>Se voc\u00ea nunca colocou leite para ferver, ent\u00e3o voc\u00ea provavelmente n\u00e3o sabe o que \u00e9 um verdadeiro gerenciamento de risco. <\/span><\/p>\n<p><span style=\"font-weight: 400;\">O leite parece inofensivo, mas \u00e9 mestre em pregar pe\u00e7as. Podemos passar uma eternidade observando a leiteira e o l\u00edquido continuar\u00e1 parecendo im\u00f3vel. De repente, vem \u00e0 nossa mente um turbilh\u00e3o de pensamentos sobre coisas que poder\u00edamos estar fazendo naquele momento entediante. Ent\u00e3o, o celular toca, um passarinho pousa no muro pr\u00f3ximo \u00e0 janela, uma not\u00edcia importante aparece na televis\u00e3o.<\/span><\/p>\n<p><span style=\"font-weight: 400;\">Quando nos damos conta, nos distra\u00edmos por um instante. O cheiro de queimado nos lembra que, nesses mil\u00e9simos de segundo, o leite j\u00e1 transbordou. Parece que ele estava ali justamente esperando nossa primeira distra\u00e7\u00e3o. \u201cMas foi t\u00e3o r\u00e1pido!\u201d, pensamos. Agora, no entanto, j\u00e1 n\u00e3o temos muito o que fazer: o leite foi derramado, sujou o fog\u00e3o, talvez at\u00e9 o ch\u00e3o, e o cheiro n\u00e3o est\u00e1 nada bom.<\/span><\/p>\n<p><span style=\"font-weight: 400;\">Talvez a a\u00e7\u00e3o mais s\u00e1bia, neste momento, seja tirar a leiteira e desligar a boca do fog\u00e3o. Depois, \u00e9 claro, limpar toda a sujeira. Podemos, ainda, contrariar o ditado e chorar pelo leite derramado. Faz parte. Quem consegue, afinal, se manter totalmente isento \u00e0s adversidades?<\/span><!--more--><\/p>\n<p><span style=\"font-weight: 400;\">Mal terminamos de lamentar pelo leite derramado e, ent\u00e3o, algu\u00e9m chega e faz aquela cara de reprova\u00e7\u00e3o. Temos uma sa\u00edda: podemos culpar o passarinho, o bendito ser-humano que resolveu mandar uma mensagem no WhatsApp justamente naquela hora ou a televis\u00e3o. <\/span><\/p>\n<p><span style=\"font-weight: 400;\">No entanto, bem l\u00e1 no fundo sabemos que essas s\u00e3o apenas maneiras de nos livrarmos da culpa de termos deixado o leite transbordar.<\/span><\/p>\n<p><span style=\"font-weight: 400;\">Acontece que, se em outro dia houver mais leite para ferver, haver\u00e1 tamb\u00e9m mensagens, passarinhos e not\u00edcias para nos distrair. Enquanto ferver o leite for um desafio, n\u00e3o devemos nos limitar a apontar os erros ou os culpados de uma situa\u00e7\u00e3o espec\u00edfica. <\/span><\/p>\n<p><span style=\"font-weight: 400;\">\u00c9 preciso, na verdade, trabalhar para identificar as situa\u00e7\u00f5es que podem nos levar \u00e0 distra\u00e7\u00e3o. Para isso, podemos precisar da ajuda de outras pessoas.<\/span><\/p>\n<p><span style=\"font-weight: 400;\">Da mesma forma, na pr\u00f3xima vez que algu\u00e9m deixar o leite transbordar, que n\u00e3o nos limitemos a culpar. Estejamos, sim, prontos e dispostos a ajudar. N\u00e3o \u00e9 f\u00e1cil, nem r\u00e1pido, mas o resultado certamente far\u00e1 valer a pena.<\/span><\/p>\n<ul>\n<li><strong>Renan Vin\u00edcius, 25 anos<\/strong>. \u00c9 paulista de certid\u00e3o e goiano de cora\u00e7\u00e3o. Doutorando em Engenharia de Computa\u00e7\u00e3o, desenvolve estudos sobre Computa\u00e7\u00e3o Afetiva e tem bastante interesse em fotografia, ilustra\u00e7\u00e3o e comunica\u00e7\u00e3o.<\/li>\n<\/ul>\n","protected":false},"excerpt":{"rendered":"<p>Por Renan Vin\u00edcius Se voc\u00ea nunca colocou leite para ferver, ent\u00e3o voc\u00ea provavelmente n\u00e3o sabe o que \u00e9 um verdadeiro gerenciamento de risco. O leite parece inofensivo, mas \u00e9 mestre em pregar pe\u00e7as. Podemos passar uma eternidade observando a leiteira e o l\u00edquido continuar\u00e1 parecendo im\u00f3vel. De repente, vem \u00e0 nossa mente um turbilh\u00e3o de [&hellip;]<\/p>\n","protected":false},"author":19,"featured_media":0,"comment_status":"open","ping_status":"open","sticky":false,"template":"","format":"standard","meta":{"ngg_post_thumbnail":0,"footnotes":""},"categories":[6054],"tags":[8373,31843,40361,40362],"class_list":["post-7324","post","type-post","status-publish","format-standard","hentry","category-textos","tag-culpa","tag-renan-vinicius","tag-responsabilidade","tag-suporte"],"_links":{"self":[{"href":"https:\/\/ultimato.com.br\/sites\/jovem\/wp-json\/wp\/v2\/posts\/7324","targetHints":{"allow":["GET"]}}],"collection":[{"href":"https:\/\/ultimato.com.br\/sites\/jovem\/wp-json\/wp\/v2\/posts"}],"about":[{"href":"https:\/\/ultimato.com.br\/sites\/jovem\/wp-json\/wp\/v2\/types\/post"}],"author":[{"embeddable":true,"href":"https:\/\/ultimato.com.br\/sites\/jovem\/wp-json\/wp\/v2\/users\/19"}],"replies":[{"embeddable":true,"href":"https:\/\/ultimato.com.br\/sites\/jovem\/wp-json\/wp\/v2\/comments?post=7324"}],"version-history":[{"count":4,"href":"https:\/\/ultimato.com.br\/sites\/jovem\/wp-json\/wp\/v2\/posts\/7324\/revisions"}],"predecessor-version":[{"id":7335,"href":"https:\/\/ultimato.com.br\/sites\/jovem\/wp-json\/wp\/v2\/posts\/7324\/revisions\/7335"}],"wp:attachment":[{"href":"https:\/\/ultimato.com.br\/sites\/jovem\/wp-json\/wp\/v2\/media?parent=7324"}],"wp:term":[{"taxonomy":"category","embeddable":true,"href":"https:\/\/ultimato.com.br\/sites\/jovem\/wp-json\/wp\/v2\/categories?post=7324"},{"taxonomy":"post_tag","embeddable":true,"href":"https:\/\/ultimato.com.br\/sites\/jovem\/wp-json\/wp\/v2\/tags?post=7324"}],"curies":[{"name":"wp","href":"https:\/\/api.w.org\/{rel}","templated":true}]}}