{"id":7306,"date":"2019-03-15T14:19:28","date_gmt":"2019-03-15T17:19:28","guid":{"rendered":"http:\/\/ultimato.com.br\/sites\/jovem\/?p=7306"},"modified":"2019-03-15T14:19:28","modified_gmt":"2019-03-15T17:19:28","slug":"a-cruz-de-cristo-e-a-tragedia-em-suzano","status":"publish","type":"post","link":"https:\/\/ultimato.com.br\/sites\/jovem\/2019\/03\/15\/a-cruz-de-cristo-e-a-tragedia-em-suzano\/","title":{"rendered":"A cruz de Cristo e a trag\u00e9dia em Suzano"},"content":{"rendered":"<p><em>Por Jean Francesco<\/em><\/p>\n<p><img loading=\"lazy\" decoding=\"async\" class=\"alignright size-medium wp-image-7308\" src=\"http:\/\/ultimato.com.br\/sites\/jovem\/files\/UltJovem_15_03_19_suzano-200x300.jpg\" alt=\"\" width=\"200\" height=\"300\" srcset=\"https:\/\/ultimato.com.br\/sites\/jovem\/files\/UltJovem_15_03_19_suzano-200x300.jpg 200w, https:\/\/ultimato.com.br\/sites\/jovem\/files\/UltJovem_15_03_19_suzano-768x1152.jpg 768w, https:\/\/ultimato.com.br\/sites\/jovem\/files\/UltJovem_15_03_19_suzano-683x1024.jpg 683w, https:\/\/ultimato.com.br\/sites\/jovem\/files\/UltJovem_15_03_19_suzano-732x1098.jpg 732w, https:\/\/ultimato.com.br\/sites\/jovem\/files\/UltJovem_15_03_19_suzano.jpg 800w\" sizes=\"auto, (max-width: 200px) 100vw, 200px\" \/>A cruz de Cristo se transformou num acess\u00f3rio de moda crist\u00e3. Ter uma cruz no peito n\u00e3o causa mais nenhum perigo. \u00c9 uma simbologia lind\u00edssima que foi esvaziada de seu poder. Isso est\u00e1 muito errado.<\/p>\n<p>Desde o in\u00edcio, a cruz foi vista como uma ofensa, um esc\u00e2ndalo, um verdadeiro esc\u00e1rnio p\u00fablico. Por causa disso, ela deveria mudar toda a nossa forma de ver a vida: como enxergamos o sofrimento, a vergonha, a hostilidade, a viol\u00eancia e a crueldade neste mundo. Mas, infelizmente, a cruz n\u00e3o nos escandaliza mais.<\/p>\n<p>A banaliza\u00e7\u00e3o da cruz tem produzido o efeito oposto que ela mesma prop\u00f5e: uma vida confort\u00e1vel. Nos tornamos uma igreja acostumada com a vida confort\u00e1vel. Perdemos de vista que seguir a Jesus \u00e9 algo perigoso. Para os primeiros disc\u00edpulos, ser crist\u00e3o era nada mais nada menos que por em risco a pr\u00f3pria vida.<\/p>\n<p>A trag\u00e9dia de Suzano me fez voltar para o Calv\u00e1rio e me perguntar: quais s\u00e3o as implica\u00e7\u00f5es de acreditarmos num Cristo crucificado? Quanto consolo encontrei tentando responder a essa pergunta! A cruz me fez relembrar que Deus assumiu a vergonha do mundo para si mesmo; que Deus assumiu a viol\u00eancia do mundo para si mesmo; que Deus assumiu a injusti\u00e7a do mundo para si mesmo; que Deus levou em seus ombros os nossos pecados e a morte que os acompanhava de uma vez por todas. Mas a mensagem da cruz n\u00e3o para por aqui, e nem deveria.<!--more--><\/p>\n<p>Abra\u00e7ar a cruz significa crer que os injusti\u00e7ados, hostilizados, desprezados, desesperan\u00e7ados e pobres pecadores como eu podem encontrar um abra\u00e7o divino enquanto olham para o dor de seu Salvador. Nela vemos um Deus-Homem mo\u00eddo e pisoteado de bra\u00e7os abertos para curar a nossa dor, pois ele mesmo j\u00e1 a suportou em nosso lugar. Ele tamb\u00e9m sabe o que \u00e9 sofrer.<\/p>\n<p>Neste momento de tanta dor e indigna\u00e7\u00e3o devido ao jovem que decidiu por fim \u00e0 vida de tantos outros colegas naquela escola em Suzano, meu \u00fanico consolo \u00e9 olhar para a cruz e colocar minha esperan\u00e7a nela; sim, ainda que pare\u00e7a uma ilus\u00e3o, eu creio na cruz de Jesus Cristo. Na paix\u00e3o dele eu consigo enxergar o quanto Deus se importa com os que sofrem na medida em que Ele decide experiment\u00e1-la em carne e osso. Mas Deus n\u00e3o para por aqui.<\/p>\n<p>Ao experimentar a nossa agonia, Cristo a vence. A cruz de Cristo n\u00e3o \u00e9 apenas um exemplo, \u00e9 vit\u00f3ria. Al\u00e9m de consolo, a cruz de Cristo \u00e9 encorajamento, pois assim como a morte n\u00e3o foi a ultima palavra para Cristo, n\u00e3o ser\u00e1 para n\u00f3s. A narrativa da paix\u00e3o me motiva a ter paci\u00eancia de que o terceiro dia est\u00e1 para chegar. Aquilo que a princ\u00edpio parecia uma derrota, se converteu na vit\u00f3ria de Cristo sobre o pecado, a morte e todos os poderes do mal.<\/p>\n<p>Eu creio que a ressurrei\u00e7\u00e3o \u00e9 a \u00faltima palavra. Se n\u00e3o tivesse a cruz, n\u00e3o conseguiria conviver com tamanha dor. E porque tamb\u00e9m tenho a ressurrei\u00e7\u00e3o, recebo for\u00e7as para seguir a diante, olhando para a cruz vazia, certo de que o \u00faltimo domingo est\u00e1 mais perto do que nunca.<\/p>\n<ul>\n<li><b>Jean Francesco<\/b>\u00a0\u00e9 pastor presbiteriano, autor do livro \u201cO Significado do Namoro\u201d e doutorando em Teologia pelo Calvin Theological Seminary.<\/li>\n<\/ul>\n","protected":false},"excerpt":{"rendered":"<p>Por Jean Francesco A cruz de Cristo se transformou num acess\u00f3rio de moda crist\u00e3. Ter uma cruz no peito n\u00e3o causa mais nenhum perigo. \u00c9 uma simbologia lind\u00edssima que foi esvaziada de seu poder. Isso est\u00e1 muito errado. Desde o in\u00edcio, a cruz foi vista como uma ofensa, um esc\u00e2ndalo, um verdadeiro esc\u00e1rnio p\u00fablico. Por [&hellip;]<\/p>\n","protected":false},"author":19,"featured_media":0,"comment_status":"open","ping_status":"open","sticky":false,"template":"","format":"standard","meta":{"ngg_post_thumbnail":0,"footnotes":""},"categories":[6054],"tags":[5416,5506,31328,10560],"class_list":["post-7306","post","type-post","status-publish","format-standard","hentry","category-textos","tag-cruz","tag-esperanca","tag-jean-francesco","tag-redencao"],"_links":{"self":[{"href":"https:\/\/ultimato.com.br\/sites\/jovem\/wp-json\/wp\/v2\/posts\/7306","targetHints":{"allow":["GET"]}}],"collection":[{"href":"https:\/\/ultimato.com.br\/sites\/jovem\/wp-json\/wp\/v2\/posts"}],"about":[{"href":"https:\/\/ultimato.com.br\/sites\/jovem\/wp-json\/wp\/v2\/types\/post"}],"author":[{"embeddable":true,"href":"https:\/\/ultimato.com.br\/sites\/jovem\/wp-json\/wp\/v2\/users\/19"}],"replies":[{"embeddable":true,"href":"https:\/\/ultimato.com.br\/sites\/jovem\/wp-json\/wp\/v2\/comments?post=7306"}],"version-history":[{"count":2,"href":"https:\/\/ultimato.com.br\/sites\/jovem\/wp-json\/wp\/v2\/posts\/7306\/revisions"}],"predecessor-version":[{"id":7309,"href":"https:\/\/ultimato.com.br\/sites\/jovem\/wp-json\/wp\/v2\/posts\/7306\/revisions\/7309"}],"wp:attachment":[{"href":"https:\/\/ultimato.com.br\/sites\/jovem\/wp-json\/wp\/v2\/media?parent=7306"}],"wp:term":[{"taxonomy":"category","embeddable":true,"href":"https:\/\/ultimato.com.br\/sites\/jovem\/wp-json\/wp\/v2\/categories?post=7306"},{"taxonomy":"post_tag","embeddable":true,"href":"https:\/\/ultimato.com.br\/sites\/jovem\/wp-json\/wp\/v2\/tags?post=7306"}],"curies":[{"name":"wp","href":"https:\/\/api.w.org\/{rel}","templated":true}]}}