{"id":710,"date":"2011-06-02T11:23:36","date_gmt":"2011-06-02T14:23:36","guid":{"rendered":"http:\/\/ultimato.com.br\/sites\/jovem\/?p=710"},"modified":"2011-06-02T11:24:03","modified_gmt":"2011-06-02T14:24:03","slug":"musica-pop-cultura-de-massa-e-fe-crista","status":"publish","type":"post","link":"https:\/\/ultimato.com.br\/sites\/jovem\/2011\/06\/02\/musica-pop-cultura-de-massa-e-fe-crista\/","title":{"rendered":"M\u00fasica Pop, Cultura de Massa e F\u00e9 Crist\u00e3"},"content":{"rendered":"<p style=\"text-align: center;\"><a href=\"http:\/\/ultimato.com.br\/sites\/jovem\/files\/2011\/06\/labri.jpg\" class=\"lightview\" data-lightview-group=\"group-710\" data-lightview-options=\"skin: 'dark', controls: 'relative', padding: '10', shadow: { color: '#000000', opacity: 0.08, blur: 3 }\" data-lightview-title=\"labri\"><img loading=\"lazy\" decoding=\"async\" class=\"aligncenter size-full wp-image-711\" title=\"labri\" src=\"http:\/\/ultimato.com.br\/sites\/jovem\/files\/2011\/06\/labri.jpg\" alt=\"\" width=\"373\" height=\"267\" srcset=\"https:\/\/ultimato.com.br\/sites\/jovem\/files\/2011\/06\/labri.jpg 533w, https:\/\/ultimato.com.br\/sites\/jovem\/files\/2011\/06\/labri-300x214.jpg 300w, https:\/\/ultimato.com.br\/sites\/jovem\/files\/2011\/06\/labri-150x107.jpg 150w\" sizes=\"auto, (max-width: 373px) 100vw, 373px\" \/><\/a><\/p>\n<p><!--more-->Convidamos a todos para o Retiro de Junho de 2011 que abordar\u00e1 o tema M\u00fasica Pop, Cultura de Massa &amp; F\u00e9 Crist\u00e3, e ocorrer\u00e1 nos dias 10, 11 e 12\/06\/2011 na Sede do L&#8217;Abri em Belo Horizonte, MG. Na ocasi\u00e3o teremos a participa\u00e7\u00e3o especial de Marcos Almeida, vocalista da banda Palavrantiga.<\/p>\n<p><strong>Tema do Retiro<\/strong><\/p>\n<p>O fen\u00f4meno da m\u00fasica pop \u00e9 reconhecido por muitos como a tend\u00eancia art\u00edstica contempor\u00e2nea de maior express\u00e3o e influ\u00eancia na sociedade ocidental. Desde suas origens remotas nas d\u00e9cadas de 60 e 70 com celebrados representantes, incluindo James Brown e The Beatles, passando por estrelas dos anos 80 e 90 como Michael Jackson e Madona,  o universo pop sempre demonstrou profunda identifica\u00e7\u00e3o com as massas e um forte apelo comercial.<\/p>\n<p>Embora altamente criticados em sua qualidade est\u00e9tica, astros do pop contempor\u00e2neo como Britney Spears, Lady Gaga e Jay Z continuam a exercer por todo o mundo um ineg\u00e1vel poder e influ\u00eancia cultural. Juntos, este pequeno grupo de artistas norte-americanos j\u00e1 vendeu cerca de 300 milh\u00f5es de c\u00f3pias, duas vezes mais que o aclamado quarteto de Liverpool, os Beatles. E a tend\u00eancia do dom\u00ednio pop parece n\u00e3o diminuir em sua influ\u00eancia, revelando um estado de produ\u00e7\u00e3o e &#8220;consumo&#8221; art\u00edsico e cultural que remete simult\u00e2neamente \u00e0 id\u00e9ia do descart\u00e1vel em seus movimentos e express\u00f5es espec\u00edfcas, e do duradouro como condi\u00e7\u00e3o permanente de uma sociedade orientada ao consumo e ao entretenimento de massa.<\/p>\n<p>Quais seriam os fatores de sustenta\u00e7\u00e3o deste fen\u00f4meno recente e onipresente da m\u00fasica pop? Qual a  rela\u00e7\u00e3o entre a ind\u00fastria pop e a sociedade de massa e de consumo, altamente narcisista? Quais as formas e conte\u00fados que identificam o movimento da m\u00fasica pop? At\u00e9 que ponto pode a m\u00fasica pop representar um estilo v\u00e1lido de express\u00e3o cultural em um contexto orientado \u00e0 massifica\u00e7\u00e3o e ao culto \u00e0s celebridades? Exploraremos estas e outras quest\u00f5es de forma conjunta entre os dias 10 e 12 de Maio de 2011 por meio de palestras, filmes e discuss\u00e3o em nossa sede, na cidade de Belo Horizonte, MG. Voc\u00ea \u00e9 o nosso convidado.<\/p>\n<p><strong>Informa\u00e7\u00f5es:<\/strong><\/p>\n<p>(31) 9225-1923 | Vanessa<\/p>\n<p>(31) 2535-8962 | Alessandra ou Guilherme<\/p>\n<p>(31) 8449-2163 | Rodolfo<\/p>\n<p>Entre em contato atrav\u00e9s do email: labri.brasil@gmail.com<\/p>\n<p>Acompanhe as not\u00edcias\/novidades atrav\u00e9s do novo website do L&#8217;Abri http:\/\/www.labribrasil.org\/ e do nosso blog www.labri-brasil.blogspot.com<\/p>\n","protected":false},"excerpt":{"rendered":"","protected":false},"author":19,"featured_media":0,"comment_status":"open","ping_status":"open","sticky":false,"template":"","format":"standard","meta":{"ngg_post_thumbnail":0,"footnotes":""},"categories":[172],"tags":[],"class_list":["post-710","post","type-post","status-publish","format-standard","hentry","category-agenda"],"_links":{"self":[{"href":"https:\/\/ultimato.com.br\/sites\/jovem\/wp-json\/wp\/v2\/posts\/710","targetHints":{"allow":["GET"]}}],"collection":[{"href":"https:\/\/ultimato.com.br\/sites\/jovem\/wp-json\/wp\/v2\/posts"}],"about":[{"href":"https:\/\/ultimato.com.br\/sites\/jovem\/wp-json\/wp\/v2\/types\/post"}],"author":[{"embeddable":true,"href":"https:\/\/ultimato.com.br\/sites\/jovem\/wp-json\/wp\/v2\/users\/19"}],"replies":[{"embeddable":true,"href":"https:\/\/ultimato.com.br\/sites\/jovem\/wp-json\/wp\/v2\/comments?post=710"}],"version-history":[{"count":2,"href":"https:\/\/ultimato.com.br\/sites\/jovem\/wp-json\/wp\/v2\/posts\/710\/revisions"}],"predecessor-version":[{"id":713,"href":"https:\/\/ultimato.com.br\/sites\/jovem\/wp-json\/wp\/v2\/posts\/710\/revisions\/713"}],"wp:attachment":[{"href":"https:\/\/ultimato.com.br\/sites\/jovem\/wp-json\/wp\/v2\/media?parent=710"}],"wp:term":[{"taxonomy":"category","embeddable":true,"href":"https:\/\/ultimato.com.br\/sites\/jovem\/wp-json\/wp\/v2\/categories?post=710"},{"taxonomy":"post_tag","embeddable":true,"href":"https:\/\/ultimato.com.br\/sites\/jovem\/wp-json\/wp\/v2\/tags?post=710"}],"curies":[{"name":"wp","href":"https:\/\/api.w.org\/{rel}","templated":true}]}}