{"id":7053,"date":"2018-10-19T11:51:12","date_gmt":"2018-10-19T14:51:12","guid":{"rendered":"http:\/\/ultimato.com.br\/sites\/jovem\/?p=7053"},"modified":"2018-10-19T11:51:12","modified_gmt":"2018-10-19T14:51:12","slug":"deus-minha-seguranca-esta-em-ti-esta-mesmo","status":"publish","type":"post","link":"https:\/\/ultimato.com.br\/sites\/jovem\/2018\/10\/19\/deus-minha-seguranca-esta-em-ti-esta-mesmo\/","title":{"rendered":"\u201cDeus, minha seguran\u00e7a est\u00e1 em ti\u201d. Est\u00e1 mesmo?"},"content":{"rendered":"<p><em>Por Amanda Almeida<\/em><\/p>\n<p><img loading=\"lazy\" decoding=\"async\" class=\"alignright size-medium wp-image-7054\" src=\"http:\/\/ultimato.com.br\/sites\/jovem\/files\/UltJovem_19_10_18_deuses-300x300.jpg\" alt=\"\" width=\"300\" height=\"300\" srcset=\"https:\/\/ultimato.com.br\/sites\/jovem\/files\/UltJovem_19_10_18_deuses-300x300.jpg 300w, https:\/\/ultimato.com.br\/sites\/jovem\/files\/UltJovem_19_10_18_deuses-150x150.jpg 150w, https:\/\/ultimato.com.br\/sites\/jovem\/files\/UltJovem_19_10_18_deuses.jpg 730w\" sizes=\"auto, (max-width: 300px) 100vw, 300px\" \/>Ontem, depois de dizer \u201cPai, n\u00e3o h\u00e1 nenhum outro deus em quem eu confie al\u00e9m do Senhor\u201d, parei minha ora\u00e7\u00e3o no meio e me perguntei se aquilo era verdade mesmo.<\/p>\n<p>N\u00e3o adoro a outras divindades como as de religi\u00f5es gregas, eg\u00edpcias, africanas e n\u00f3rdicas, nem atribuo caracter\u00edsticas m\u00edsticas ao sol, \u00e0 lua, ao mar. N\u00e3o pe\u00e7o para que nenhum santo interceda por mim, nem me agarro a objetos ou a costumes supersticiosos.<\/p>\n<p>Mas vira e mexe parece que meu cora\u00e7\u00e3o s\u00f3 vai deixar de ficar atribulado se eu tiver certeza de como ser\u00e1 o futuro. Um constante desejo meu \u00e9 o de poder espiar dois meses, dois anos, duas d\u00e9cadas l\u00e1 na frente, e ent\u00e3o poder ficar tranquila ao voltar pra hoje, sabendo como tudo vai desenrolar.<\/p>\n<p>Isso \u00e9 o contr\u00e1rio do que Deus pede que eu exer\u00e7a em f\u00e9, o \u201cfirme fundamento das coisas que se esperam\u201d. Isso \u00e9 confiar nas coisas desse mundo e n\u00e3o em Deus. Jesus mesmo alerta: \u201c<em>N\u00e3o busquem ansiosamente o que h\u00e3o de comer ou beber; n\u00e3o se preocupem com isso. Pois o mundo pag\u00e3o \u00e9 que corre atr\u00e1s dessas coisas; mas o Pai sabe que voc\u00eas precisam delas<\/em>\u201d (Lc 12:29,30).<\/p>\n<p>Seja o que for que v\u00e1 acontecer nesses dois meses, dois anos, duas d\u00e9cadas l\u00e1 na frente, o que preciso \u00e9 caminhar hoje e a cada dia depois desse realmente confiando apenas no Senhor. Ainda que eu fa\u00e7a planos, n\u00e3o \u00e9 com eles que devo contar. E mesmo com o melhor dos planejamentos, ainda n\u00e3o sei como ser\u00e1 o futuro, mas sei que Deus sabe do que preciso, em todas as \u00e1reas da vida.<!--more--><\/p>\n<p>Essas \u201ccoisas dessa terra\u201d n\u00e3o s\u00e3o outro tipo de divindade idolatrada em um sistema religioso, mas deixo de glorificar a Deus quando coloco minha confian\u00e7a nelas tanto quanto se minha esperan\u00e7a estivesse depositada em Baal, por exemplo.<\/p>\n<p>Nosso orgulho e vaidade, nossa carreira e estabilidade financeira, nossos sentimentos, o sonho de uma fam\u00edlia&#8230; tudo isso e muito mais pode se tornar, pegando emprestado o termo de Tim Keller, um deus falso, tomando o lugar de depend\u00eancia e seguran\u00e7a que deve ser s\u00f3 de Deus em nossos cora\u00e7\u00f5es.<\/p>\n<p>&#8220;<em>Observem como crescem os l\u00edrios. Eles n\u00e3o trabalham nem tecem. Contudo, eu lhes digo que nem Salom\u00e3o, em todo o seu esplendor, vestiu-se como um deles. Se Deus veste assim a erva do campo, que hoje existe e amanh\u00e3 \u00e9 lan\u00e7ada ao fogo, quanto mais vestir\u00e1 voc\u00eas, homens de pequena f\u00e9!<\/em>\u201d (Lucas 12:27,28).<\/p>\n<p>Sei que minha f\u00e9 \u00e9 pequena, ainda menor que um gr\u00e3o de mostarda. Mas que, mesmo nessa pequenez, ela esteja firmada somente em Deus. E se a cada dia eu me lembrar de que \u201cn\u00e3o sei como ser\u00e1 o futuro, mas sei que Deus sabe do que preciso\u201d, talvez ela cres\u00e7a um pouquinho.<\/p>\n<ul>\n<li><strong>Amanda Almeida\u00a0<\/strong>tem 25 anos, \u00e9 formada em Comunica\u00e7\u00e3o Social e mestre em Estudos de Linguagens.<\/li>\n<\/ul>\n","protected":false},"excerpt":{"rendered":"<p>Por Amanda Almeida Ontem, depois de dizer \u201cPai, n\u00e3o h\u00e1 nenhum outro deus em quem eu confie al\u00e9m do Senhor\u201d, parei minha ora\u00e7\u00e3o no meio e me perguntei se aquilo era verdade mesmo. N\u00e3o adoro a outras divindades como as de religi\u00f5es gregas, eg\u00edpcias, africanas e n\u00f3rdicas, nem atribuo caracter\u00edsticas m\u00edsticas ao sol, \u00e0 lua, [&hellip;]<\/p>\n","protected":false},"author":19,"featured_media":0,"comment_status":"open","ping_status":"open","sticky":false,"template":"","format":"standard","meta":{"ngg_post_thumbnail":0,"footnotes":""},"categories":[6054],"tags":[29818,23815,40313,5536],"class_list":["post-7053","post","type-post","status-publish","format-standard","hentry","category-textos","tag-amanda-almeida","tag-confianca","tag-deuses","tag-fe"],"_links":{"self":[{"href":"https:\/\/ultimato.com.br\/sites\/jovem\/wp-json\/wp\/v2\/posts\/7053","targetHints":{"allow":["GET"]}}],"collection":[{"href":"https:\/\/ultimato.com.br\/sites\/jovem\/wp-json\/wp\/v2\/posts"}],"about":[{"href":"https:\/\/ultimato.com.br\/sites\/jovem\/wp-json\/wp\/v2\/types\/post"}],"author":[{"embeddable":true,"href":"https:\/\/ultimato.com.br\/sites\/jovem\/wp-json\/wp\/v2\/users\/19"}],"replies":[{"embeddable":true,"href":"https:\/\/ultimato.com.br\/sites\/jovem\/wp-json\/wp\/v2\/comments?post=7053"}],"version-history":[{"count":3,"href":"https:\/\/ultimato.com.br\/sites\/jovem\/wp-json\/wp\/v2\/posts\/7053\/revisions"}],"predecessor-version":[{"id":7057,"href":"https:\/\/ultimato.com.br\/sites\/jovem\/wp-json\/wp\/v2\/posts\/7053\/revisions\/7057"}],"wp:attachment":[{"href":"https:\/\/ultimato.com.br\/sites\/jovem\/wp-json\/wp\/v2\/media?parent=7053"}],"wp:term":[{"taxonomy":"category","embeddable":true,"href":"https:\/\/ultimato.com.br\/sites\/jovem\/wp-json\/wp\/v2\/categories?post=7053"},{"taxonomy":"post_tag","embeddable":true,"href":"https:\/\/ultimato.com.br\/sites\/jovem\/wp-json\/wp\/v2\/tags?post=7053"}],"curies":[{"name":"wp","href":"https:\/\/api.w.org\/{rel}","templated":true}]}}