{"id":701,"date":"2011-05-30T14:38:00","date_gmt":"2011-05-30T17:38:00","guid":{"rendered":"http:\/\/ultimato.com.br\/sites\/jovem\/?p=701"},"modified":"2011-05-30T14:38:33","modified_gmt":"2011-05-30T17:38:33","slug":"701","status":"publish","type":"post","link":"https:\/\/ultimato.com.br\/sites\/jovem\/2011\/05\/30\/701\/","title":{"rendered":"Como foi a Marcha contra explora\u00e7\u00e3o infanto-juvenil em Cuiab\u00e1, MT"},"content":{"rendered":"<p><img loading=\"lazy\" decoding=\"async\" class=\"alignright size-full wp-image-702\" title=\"cuiaba_4\" src=\"http:\/\/ultimato.com.br\/sites\/jovem\/files\/2011\/05\/cuiaba_4.jpg\" alt=\"\" width=\"320\" height=\"240\" srcset=\"https:\/\/ultimato.com.br\/sites\/jovem\/files\/2011\/05\/cuiaba_4.jpg 320w, https:\/\/ultimato.com.br\/sites\/jovem\/files\/2011\/05\/cuiaba_4-300x225.jpg 300w, https:\/\/ultimato.com.br\/sites\/jovem\/files\/2011\/05\/cuiaba_4-150x112.jpg 150w\" sizes=\"auto, (max-width: 320px) 100vw, 320px\" \/><\/p>\n<p>\u00c9 com muita alegria que escrevo as noticias da Marcha contra a explora\u00e7\u00e3o sexual de crian\u00e7as e adolescentes aqui em Cuiab\u00e1.Deus tem nos aben\u00e7oado muito!<\/p>\n<p>Desde o inicio estava um pouco preocupada em rela\u00e7\u00e3o \u00e0 equipe de trabalho. Quem apoiaria? E a ABU (Alian\u00e7a B\u00edblica Universit\u00e1ria) se prontificou. Senti uma mistura de \u00e2nimo, disposi\u00e7\u00e3o e medo porque somos apenas jovens. Ser\u00e1 que dar\u00edamos conta de mais essa responsabilidade?<\/p>\n<p>Estive tamb\u00e9m numa reuni\u00e3o com a JOCUM Cuiab\u00e1 (Jovens com uma Miss\u00e3o). Eles souberam da marcha atrav\u00e9s de uma integrante da ABU e j\u00e1 estavam planejando algo para o dia 18. Fui l\u00e1, apresentei o projeto e eles acharam muito legal. Desde ent\u00e3o temos trabalhado juntos.<!--more--> Al\u00e9m da marcha do dia 18, organizamos um f\u00f3rum. Neste f\u00f3rum discutimos sobre o tema da Explora\u00e7\u00e3o Sexual infanto-juvenil com profissionais (psic\u00f3loga, m\u00e9dica, secret\u00e1ria de assist\u00eancia social do Estado de MT e advogada). Foi muito bom! Isso partiu de um desejo de conhecermos a realidade pra quando chegasse o dia a gente soubesse pelo que est\u00e1vamos manifestando!<\/p>\n<p>A marcha aconteceu na pra\u00e7a da Rep\u00fablica, ela\u00a0fica bem no centro da cidade e \u00e9 bastante movimentada.\u00a0Contamos com a participa\u00e7\u00e3o de minist\u00e9rios de artes, dan\u00e7a, m\u00fasica e teatro&#8230; Ap\u00f3s um depoimento de uma mulher, que infelizmente foi abusada, explicamos a import\u00e2ncia da manifesta\u00e7\u00e3o, da n\u00e3o omiss\u00e3o e de<\/p>\n<p>pois de 15 segundos de silencio pelas crian\u00e7as apagamos as velas juntos! Depois disso, fizemos uma roda ali mesmo na pra\u00e7a e oramos. Foi muito bom!<\/p>\n<p>Foi muito bom ver tudo isso acontecendo depois de tempos de trabalho. A marcha durou cerca de 3 horas e contou com a presen\u00e7a de 100 pessoas.<\/p>\n<p>Nosso pr\u00f3ximo objetivo e o Mutir\u00e3o de Ora\u00e7\u00e3o por Crian\u00e7as e Adolescentes.<\/p>\n<p>Abra\u00e7os fraternos!<\/p>\n<p><em><strong>Luciana Fernandes<\/strong>, de 20 anos, direto de Cuiab\u00e1, MT.<\/em><\/p>\n<p style=\"text-align: center;\"><a href=\"http:\/\/ultimato.com.br\/sites\/jovem\/files\/2011\/05\/cuiaba_3.jpg\" class=\"lightview\" data-lightview-group=\"group-701\" data-lightview-options=\"skin: 'dark', controls: 'relative', padding: '10', shadow: { color: '#000000', opacity: 0.08, blur: 3 }\" data-lightview-title=\"cuiaba_3\"><img loading=\"lazy\" decoding=\"async\" class=\"size-full wp-image-703 aligncenter\" title=\"cuiaba_3\" src=\"http:\/\/ultimato.com.br\/sites\/jovem\/files\/2011\/05\/cuiaba_3.jpg\" alt=\"\" width=\"320\" height=\"214\" srcset=\"https:\/\/ultimato.com.br\/sites\/jovem\/files\/2011\/05\/cuiaba_3.jpg 320w, https:\/\/ultimato.com.br\/sites\/jovem\/files\/2011\/05\/cuiaba_3-300x200.jpg 300w, https:\/\/ultimato.com.br\/sites\/jovem\/files\/2011\/05\/cuiaba_3-150x100.jpg 150w\" sizes=\"auto, (max-width: 320px) 100vw, 320px\" \/><\/a><\/p>\n<p><a href=\"http:\/\/ultimato.com.br\/sites\/jovem\/files\/2011\/05\/cuiaba_2.jpg\" class=\"lightview\" data-lightview-group=\"group-701\" data-lightview-options=\"skin: 'dark', controls: 'relative', padding: '10', shadow: { color: '#000000', opacity: 0.08, blur: 3 }\" data-lightview-title=\"cuiaba_2\"><img loading=\"lazy\" decoding=\"async\" class=\"aligncenter size-full wp-image-704\" title=\"cuiaba_2\" src=\"http:\/\/ultimato.com.br\/sites\/jovem\/files\/2011\/05\/cuiaba_2.jpg\" alt=\"\" width=\"320\" height=\"214\" srcset=\"https:\/\/ultimato.com.br\/sites\/jovem\/files\/2011\/05\/cuiaba_2.jpg 320w, https:\/\/ultimato.com.br\/sites\/jovem\/files\/2011\/05\/cuiaba_2-300x200.jpg 300w, https:\/\/ultimato.com.br\/sites\/jovem\/files\/2011\/05\/cuiaba_2-150x100.jpg 150w\" sizes=\"auto, (max-width: 320px) 100vw, 320px\" \/><\/a><\/p>\n<p><a href=\"http:\/\/ultimato.com.br\/sites\/jovem\/files\/2011\/05\/cuiaba_1.jpg\" class=\"lightview\" data-lightview-group=\"group-701\" data-lightview-options=\"skin: 'dark', controls: 'relative', padding: '10', shadow: { color: '#000000', opacity: 0.08, blur: 3 }\" data-lightview-title=\"cuiaba_1\"><img loading=\"lazy\" decoding=\"async\" class=\"aligncenter size-full wp-image-705\" title=\"cuiaba_1\" src=\"http:\/\/ultimato.com.br\/sites\/jovem\/files\/2011\/05\/cuiaba_1.jpg\" alt=\"\" width=\"320\" height=\"240\" srcset=\"https:\/\/ultimato.com.br\/sites\/jovem\/files\/2011\/05\/cuiaba_1.jpg 320w, https:\/\/ultimato.com.br\/sites\/jovem\/files\/2011\/05\/cuiaba_1-300x225.jpg 300w, https:\/\/ultimato.com.br\/sites\/jovem\/files\/2011\/05\/cuiaba_1-150x112.jpg 150w\" sizes=\"auto, (max-width: 320px) 100vw, 320px\" \/><\/a><\/p>\n<p><a href=\"http:\/\/ultimato.com.br\/sites\/jovem\/files\/2011\/05\/cuiaba_5.jpg\" class=\"lightview\" data-lightview-group=\"group-701\" data-lightview-options=\"skin: 'dark', controls: 'relative', padding: '10', shadow: { color: '#000000', opacity: 0.08, blur: 3 }\" data-lightview-title=\"cuiaba_5\"><img loading=\"lazy\" decoding=\"async\" class=\"aligncenter size-full wp-image-706\" title=\"cuiaba_5\" src=\"http:\/\/ultimato.com.br\/sites\/jovem\/files\/2011\/05\/cuiaba_5.jpg\" alt=\"\" width=\"320\" height=\"179\" srcset=\"https:\/\/ultimato.com.br\/sites\/jovem\/files\/2011\/05\/cuiaba_5.jpg 320w, https:\/\/ultimato.com.br\/sites\/jovem\/files\/2011\/05\/cuiaba_5-300x167.jpg 300w, https:\/\/ultimato.com.br\/sites\/jovem\/files\/2011\/05\/cuiaba_5-150x83.jpg 150w\" sizes=\"auto, (max-width: 320px) 100vw, 320px\" \/><\/a><\/p>\n","protected":false},"excerpt":{"rendered":"<p>\u00c9 com muita alegria que escrevo as noticias da Marcha contra a explora\u00e7\u00e3o sexual de crian\u00e7as e adolescentes aqui em Cuiab\u00e1.Deus tem nos aben\u00e7oado muito! Desde o inicio estava um pouco preocupada em rela\u00e7\u00e3o \u00e0 equipe de trabalho. Quem apoiaria? E a ABU (Alian\u00e7a B\u00edblica Universit\u00e1ria) se prontificou. Senti uma mistura de \u00e2nimo, disposi\u00e7\u00e3o e [&hellip;]<\/p>\n","protected":false},"author":19,"featured_media":0,"comment_status":"open","ping_status":"open","sticky":false,"template":"","format":"standard","meta":{"ngg_post_thumbnail":0,"footnotes":""},"categories":[7],"tags":[],"class_list":["post-701","post","type-post","status-publish","format-standard","hentry","category-noticias"],"_links":{"self":[{"href":"https:\/\/ultimato.com.br\/sites\/jovem\/wp-json\/wp\/v2\/posts\/701","targetHints":{"allow":["GET"]}}],"collection":[{"href":"https:\/\/ultimato.com.br\/sites\/jovem\/wp-json\/wp\/v2\/posts"}],"about":[{"href":"https:\/\/ultimato.com.br\/sites\/jovem\/wp-json\/wp\/v2\/types\/post"}],"author":[{"embeddable":true,"href":"https:\/\/ultimato.com.br\/sites\/jovem\/wp-json\/wp\/v2\/users\/19"}],"replies":[{"embeddable":true,"href":"https:\/\/ultimato.com.br\/sites\/jovem\/wp-json\/wp\/v2\/comments?post=701"}],"version-history":[{"count":3,"href":"https:\/\/ultimato.com.br\/sites\/jovem\/wp-json\/wp\/v2\/posts\/701\/revisions"}],"predecessor-version":[{"id":709,"href":"https:\/\/ultimato.com.br\/sites\/jovem\/wp-json\/wp\/v2\/posts\/701\/revisions\/709"}],"wp:attachment":[{"href":"https:\/\/ultimato.com.br\/sites\/jovem\/wp-json\/wp\/v2\/media?parent=701"}],"wp:term":[{"taxonomy":"category","embeddable":true,"href":"https:\/\/ultimato.com.br\/sites\/jovem\/wp-json\/wp\/v2\/categories?post=701"},{"taxonomy":"post_tag","embeddable":true,"href":"https:\/\/ultimato.com.br\/sites\/jovem\/wp-json\/wp\/v2\/tags?post=701"}],"curies":[{"name":"wp","href":"https:\/\/api.w.org\/{rel}","templated":true}]}}