{"id":6955,"date":"2018-08-01T16:27:47","date_gmt":"2018-08-01T19:27:47","guid":{"rendered":"http:\/\/ultimato.com.br\/sites\/jovem\/?p=6955"},"modified":"2018-08-09T10:47:58","modified_gmt":"2018-08-09T13:47:58","slug":"wat-zeg-je-o-que-voce-esta-dizendo","status":"publish","type":"post","link":"https:\/\/ultimato.com.br\/sites\/jovem\/2018\/08\/01\/wat-zeg-je-o-que-voce-esta-dizendo\/","title":{"rendered":"Wat zeg je? O que voc\u00ea est\u00e1 dizendo?"},"content":{"rendered":"<p><em>Por Jeverton &#8220;Magr\u00e3o&#8221; Ledo<\/em><\/p>\n<p><img loading=\"lazy\" decoding=\"async\" class=\"alignright size-medium wp-image-6957\" src=\"http:\/\/ultimato.com.br\/sites\/jovem\/files\/kevin-grieve-660962-unsplash-1-300x215.jpg\" alt=\"\" width=\"300\" height=\"215\" srcset=\"https:\/\/ultimato.com.br\/sites\/jovem\/files\/kevin-grieve-660962-unsplash-1-300x215.jpg 300w, https:\/\/ultimato.com.br\/sites\/jovem\/files\/kevin-grieve-660962-unsplash-1-768x552.jpg 768w, https:\/\/ultimato.com.br\/sites\/jovem\/files\/kevin-grieve-660962-unsplash-1-732x526.jpg 732w, https:\/\/ultimato.com.br\/sites\/jovem\/files\/kevin-grieve-660962-unsplash-1.jpg 919w\" sizes=\"auto, (max-width: 300px) 100vw, 300px\" \/>Sim! Andei meio sumido.<\/p>\n<p>Fui reler meu \u00faltimo artigo publicado e logo percebi que estava na hora de trazer uma nova reflex\u00e3o.<\/p>\n<p>Continuo em meio aos meus devaneios, reflex\u00f5es, an\u00e1lises e autoan\u00e1lises, tendo ao meu lado as boas folhas brancas, companheiras da madrugada.<\/p>\n<p>Mas esse tempo foi por um motivo nobre.\u00a0Estava realizando muitos exames por conta de uma enfermidade que me acompanha h\u00e1 alguns anos.<\/p>\n<p>Fiquem tranquilos, sigo sendo acompanhado por meu neurologista e sempre grato pela vida. Mas essa trajet\u00f3ria pode encontrar seu devido espa\u00e7o em outra reflex\u00e3o.<\/p>\n<p>Voc\u00ea deve estar estranhando o t\u00edtulo, e se perguntando, o que te levou a usar essa express\u00e3o?<\/p>\n<p>Essa \u00e9 uma express\u00e3o comumente utilizada no holand\u00eas. Diante do n\u00e3o entendimento de uma determinada situa\u00e7\u00e3o ou pergunta, <em>wablief<\/em> tem o seu lugar.<\/p>\n<p>Em muitos momentos quando sou abordado na rua ou vou falar com algu\u00e9m no supermercado, farm\u00e1cia ou outro lugar, recorro ao bom e sempre \u00fatil. <em>Wat zeg je?<\/em><\/p>\n<p>Mas e em nossa caminhada de f\u00e9? Quantas e quantas vezes as coisas n\u00e3o se fazem claras para n\u00f3s, n\u00e3o \u00e9 verdade?<!--more--><\/p>\n<p>S\u00e3o diferentes situa\u00e7\u00f5es, dilemas, decis\u00f5es, e voc\u00ea precisando entender o que est\u00e1 acontecendo, procurando por respostas.<\/p>\n<p>Temos por natureza a dificuldade de ler nas entrelinhas, temos a tend\u00eancia de querer tudo pronto. Mas estamos realmente prontos para escutar atentamente, e dispostos a entender que nem sempre as coisas s\u00e3o como eu e voc\u00ea queremos?<\/p>\n<p>A compreens\u00e3o exige esfor\u00e7o, disposi\u00e7\u00e3o para aprender, humildade, se desarmar e perceber que em muitos momentos, sou eu, o meu sabotador.<\/p>\n<p>Pense comigo, quantas vezes eu e voc\u00ea, diante de nossa experi\u00eancia e sabedoria, achismos e todos seus companheiros, nos encontramos de ouvidos fechados para escutar.<\/p>\n<p>Queremos ser os donos\u00a0 da verdade, impor nossas ideias, ensinar nossas filosofias. E o outro, ah, o outro deve entender que sua posi\u00e7\u00e3o deve ser de um mero aprendiz.<\/p>\n<p>Quanto tempo perdemos quando resolvemos nos colocar na posi\u00e7\u00e3o de detentores de alguma coisa. A caminhada se torna \u00e1rdua, cansativa, e com apar\u00eancia de deserto.<\/p>\n<p>Parece que esse \u00e9 o desejo de muitos: manter a guarda armada, os punhos cerrados e os ouvidos fechados. Voc\u00ea est\u00e1 mesmo disposto a passar quarenta anos no deserto?<\/p>\n<ul>\n<li><strong>Jeverton \u201cMagr\u00e3o\u201d Ledo<\/strong>\u00a0\u00e9 mission\u00e1rio e trabalha com juventude. Ele e a esposa moram em Gent, na B\u00e9lgica.<\/li>\n<\/ul>\n","protected":false},"excerpt":{"rendered":"<p>Por Jeverton &#8220;Magr\u00e3o&#8221; Ledo Sim! Andei meio sumido. Fui reler meu \u00faltimo artigo publicado e logo percebi que estava na hora de trazer uma nova reflex\u00e3o. Continuo em meio aos meus devaneios, reflex\u00f5es, an\u00e1lises e autoan\u00e1lises, tendo ao meu lado as boas folhas brancas, companheiras da madrugada. Mas esse tempo foi por um motivo nobre.\u00a0Estava [&hellip;]<\/p>\n","protected":false},"author":19,"featured_media":0,"comment_status":"open","ping_status":"open","sticky":false,"template":"","format":"standard","meta":{"ngg_post_thumbnail":0,"footnotes":""},"categories":[9],"tags":[26686],"class_list":["post-6955","post","type-post","status-publish","format-standard","hentry","category-sem-categoria","tag-jeverton-magrao-ledo"],"_links":{"self":[{"href":"https:\/\/ultimato.com.br\/sites\/jovem\/wp-json\/wp\/v2\/posts\/6955","targetHints":{"allow":["GET"]}}],"collection":[{"href":"https:\/\/ultimato.com.br\/sites\/jovem\/wp-json\/wp\/v2\/posts"}],"about":[{"href":"https:\/\/ultimato.com.br\/sites\/jovem\/wp-json\/wp\/v2\/types\/post"}],"author":[{"embeddable":true,"href":"https:\/\/ultimato.com.br\/sites\/jovem\/wp-json\/wp\/v2\/users\/19"}],"replies":[{"embeddable":true,"href":"https:\/\/ultimato.com.br\/sites\/jovem\/wp-json\/wp\/v2\/comments?post=6955"}],"version-history":[{"count":4,"href":"https:\/\/ultimato.com.br\/sites\/jovem\/wp-json\/wp\/v2\/posts\/6955\/revisions"}],"predecessor-version":[{"id":6969,"href":"https:\/\/ultimato.com.br\/sites\/jovem\/wp-json\/wp\/v2\/posts\/6955\/revisions\/6969"}],"wp:attachment":[{"href":"https:\/\/ultimato.com.br\/sites\/jovem\/wp-json\/wp\/v2\/media?parent=6955"}],"wp:term":[{"taxonomy":"category","embeddable":true,"href":"https:\/\/ultimato.com.br\/sites\/jovem\/wp-json\/wp\/v2\/categories?post=6955"},{"taxonomy":"post_tag","embeddable":true,"href":"https:\/\/ultimato.com.br\/sites\/jovem\/wp-json\/wp\/v2\/tags?post=6955"}],"curies":[{"name":"wp","href":"https:\/\/api.w.org\/{rel}","templated":true}]}}