{"id":6883,"date":"2018-06-29T12:27:02","date_gmt":"2018-06-29T15:27:02","guid":{"rendered":"http:\/\/ultimato.com.br\/sites\/jovem\/?p=6883"},"modified":"2018-06-29T12:27:02","modified_gmt":"2018-06-29T15:27:02","slug":"o-era-uma-vez-e-o-felizes-para-sempre-da-humanidade","status":"publish","type":"post","link":"https:\/\/ultimato.com.br\/sites\/jovem\/2018\/06\/29\/o-era-uma-vez-e-o-felizes-para-sempre-da-humanidade\/","title":{"rendered":"O \u201cera uma vez\u201d e o \u201cfelizes para sempre\u201d da humanidade"},"content":{"rendered":"<p><em>Por Maur\u00edcio Avoletta J\u00fanior<\/em><\/p>\n<p><img loading=\"lazy\" decoding=\"async\" class=\"alignright size-medium wp-image-6884\" src=\"http:\/\/ultimato.com.br\/sites\/jovem\/files\/Ult_Jovem_29_06_18_era_uma_vez-300x204.jpg\" alt=\"\" width=\"300\" height=\"204\" srcset=\"https:\/\/ultimato.com.br\/sites\/jovem\/files\/Ult_Jovem_29_06_18_era_uma_vez-300x204.jpg 300w, https:\/\/ultimato.com.br\/sites\/jovem\/files\/Ult_Jovem_29_06_18_era_uma_vez-732x499.jpg 732w, https:\/\/ultimato.com.br\/sites\/jovem\/files\/Ult_Jovem_29_06_18_era_uma_vez.jpg 750w\" sizes=\"auto, (max-width: 300px) 100vw, 300px\" \/>\u201cEle foi maltratado, humilhado, torturado; contudo, n\u00e3o abriu a sua boca; agiu como um cordeiro levado ao matadouro; como uma ovelha que permanece muda na presen\u00e7a dos seus tosquiadores ele n\u00e3o expressou nenhuma palavra. Por interm\u00e9dio de julgamento tirano ele foi preso. E quem pode falar dos seus descendentes? Pois ele foi ceifado da terra dos viventes; por causa dos erros do meu povo ele foi golpeado\u201d.<\/p>\n<p>Isa\u00edas 53:7,8<\/p>\n<p>De um lado querem a revolu\u00e7\u00e3o, do outro, o fim da na\u00e7\u00e3o. Uns clamam por mais estado, outros, pelo livre mercado. Tem aqueles que acham que o capitalismo salvar\u00e1 o mundo do caos e aqueles que acham que o para\u00edso vir\u00e1 depois da \u201cbendita\u201d revolu\u00e7\u00e3o do proletariado. Por\u00e9m, existem aqueles, como eu, que acreditam em contos de fadas.<\/p>\n<p>A hist\u00f3ria da humanidade come\u00e7ou com um grandioso \u201c<strong>era uma vez&#8230;<\/strong>\u201d, no qual Deus em 7 dias criou todas as coisas. Por\u00e9m, como toda boa hist\u00f3ria, algo sempre d\u00e1 errado. N\u00e3o deu outra, algo realmente deu errado. Bom, pelo menos \u00e9 o que parecia, porque, na verdade, nada nunca esteve fora do controle do Criador dessa hist\u00f3ria. Tudo estava perfeito quando Ad\u00e3o e Eva decidem desobedecer a Deus e s\u00e3o expulsos do para\u00edso. Da\u00ed em diante as coisas s\u00f3 pioram.<\/p>\n<p>Vieram pragas, escravid\u00e3o, doen\u00e7as, morte, sofrimento e tudo de pior que voc\u00ea pode imaginar. Um dia, no entanto, chegou em nossas terras, por meio de uma virgem chamada Maria, um pr\u00edncipe que se fez plebeu. Ele veio anunciar a seu povo, que h\u00e1 muito havia sido exilado de sua terra natal, que nada estava perdido e que eles n\u00e3o haviam sido abandonados pelo Rei. Ele ainda n\u00e3o tinha vindo buscar seu povo, veio apenas prepar\u00e1-los.<\/p>\n<p>Num belo dia no qual tudo parecia bem, depois de um jantar com seus amigos, o pr\u00edncipe-plebeu foi preso, julgado, torturado e morto. Ele foi acusado injustamente de rebelde e blasfemo. Nos dias em que o pr\u00edncipe estava morto, o caos se instaurou por completo. Pessoas come\u00e7aram a ser perseguidas, torturadas e mortas por serem associadas a ele.<!--more--><\/p>\n<p>Ao morrer, o pr\u00edncipe levou consigo a paz. Contudo, gra\u00e7as a Deus, o pr\u00edncipe venceu a morte e ressuscitou no terceiro dia. Quando ele voltou, a paz retornou com ele. Isso quer dizer que o sofrimento foi embora de vez? Infelizmente n\u00e3o. Mas essa foi a prova de que todo esse sofrimento um dia ir\u00e1 acabar.<\/p>\n<p>Essa hist\u00f3ria, para os mais c\u00e9ticos, \u00e9 apenas uma est\u00f3ria. Para os que creem em contos de fadas, \u00e9 uma hist\u00f3ria mais real que a pr\u00f3pria realidade. E devo dizer que essa hist\u00f3ria \u00e9 t\u00e3o real, que a realidade a reproduz constantemente, como forma de nos lembrar que esse pr\u00edncipe, ou melhor, que Cristo um dia retornar\u00e1 para buscar os exilados. At\u00e9 l\u00e1, devemos resistir bravamente ao caos desse mundo. Diante do desespero do mundo, devemos ser inabal\u00e1veis como a rocha e calmos como a brisa de um fim de tarde.<\/p>\n<p>O escritor Shuzako Endo relata, em seu livro <em>Sil\u00eancio<\/em>, diversos casos de mart\u00edrios, nos quais crist\u00e3os resistem bravamente a torturas e de modo algum renegam sua f\u00e9, ainda que diante do sofrimento. C.S. Lewis, em meio \u00e0 dor da perda de sua esposa, se questionou: o que devemos contrapor ao sofrimento? E como algu\u00e9m sustentado pela gra\u00e7a divina, ele responde em um tom heroico e com profunda humildade: ao sofrimento, contrapomos Cristo!<\/p>\n<p>Diante da desesperan\u00e7a da sociedade, o contraponto \u00e9 a esperan\u00e7a da volta de Cristo. Diante da crise pol\u00edtica e econ\u00f4mica, o contraponto \u00e9 a soberania de Cristo. Diante da dor e do sofrimento, o contraponto \u00e9 a vida de Cristo. Diante das d\u00favidas e do desespero, o contraponto \u00e9 a Cruz de Cristo. Tudo sempre vai apontar para Ele, pois tudo sempre foi e sempre ser\u00e1 a respeito dEle. Cristo \u00e9 o centro, n\u00e3o nossas preocupa\u00e7\u00f5es.<\/p>\n<p>Passamos por um momento complicado em nosso pa\u00eds e, ao que tudo indica, n\u00e3o haveremos de sair dessa situa\u00e7\u00e3o t\u00e3o rapidamente. O que n\u00f3s, crist\u00e3os, devemos fazer diante da incerteza e das d\u00favidas? Devemos evidenciar Cristo como contraponto \u00e0 desesperan\u00e7a, pois assim, como nos contos de fadas, seremos aqueles que evidenciam a chegada do \u201c(&#8230;) e viveram felizes <strong>para sempre<\/strong>\u201d.<\/p>\n<ul>\n<li><strong>Maur\u00edcio Avoletta Junior, 23 anos<\/strong>. Congrega na Igreja Batista Fonte de Sicar (SP). Formado em Teologia pela Mackenzie, estudante de filosofia e literatura (por conta pr\u00f3pria); apaixonado por livros, cinema e m\u00fasica; escravo de Cristo, um pessimista em potencial e um futuro \u201cseja o que Deus quiser\u201d.<\/li>\n<\/ul>\n","protected":false},"excerpt":{"rendered":"<p>Por Maur\u00edcio Avoletta J\u00fanior \u201cEle foi maltratado, humilhado, torturado; contudo, n\u00e3o abriu a sua boca; agiu como um cordeiro levado ao matadouro; como uma ovelha que permanece muda na presen\u00e7a dos seus tosquiadores ele n\u00e3o expressou nenhuma palavra. Por interm\u00e9dio de julgamento tirano ele foi preso. E quem pode falar dos seus descendentes? Pois ele [&hellip;]<\/p>\n","protected":false},"author":19,"featured_media":0,"comment_status":"open","ping_status":"open","sticky":false,"template":"","format":"standard","meta":{"ngg_post_thumbnail":0,"footnotes":""},"categories":[5312,6054],"tags":[29159,31893],"class_list":["post-6883","post","type-post","status-publish","format-standard","hentry","category-campanha","category-textos","tag-contos-de-fadas","tag-mauricio-avoletta-junior"],"_links":{"self":[{"href":"https:\/\/ultimato.com.br\/sites\/jovem\/wp-json\/wp\/v2\/posts\/6883","targetHints":{"allow":["GET"]}}],"collection":[{"href":"https:\/\/ultimato.com.br\/sites\/jovem\/wp-json\/wp\/v2\/posts"}],"about":[{"href":"https:\/\/ultimato.com.br\/sites\/jovem\/wp-json\/wp\/v2\/types\/post"}],"author":[{"embeddable":true,"href":"https:\/\/ultimato.com.br\/sites\/jovem\/wp-json\/wp\/v2\/users\/19"}],"replies":[{"embeddable":true,"href":"https:\/\/ultimato.com.br\/sites\/jovem\/wp-json\/wp\/v2\/comments?post=6883"}],"version-history":[{"count":3,"href":"https:\/\/ultimato.com.br\/sites\/jovem\/wp-json\/wp\/v2\/posts\/6883\/revisions"}],"predecessor-version":[{"id":6887,"href":"https:\/\/ultimato.com.br\/sites\/jovem\/wp-json\/wp\/v2\/posts\/6883\/revisions\/6887"}],"wp:attachment":[{"href":"https:\/\/ultimato.com.br\/sites\/jovem\/wp-json\/wp\/v2\/media?parent=6883"}],"wp:term":[{"taxonomy":"category","embeddable":true,"href":"https:\/\/ultimato.com.br\/sites\/jovem\/wp-json\/wp\/v2\/categories?post=6883"},{"taxonomy":"post_tag","embeddable":true,"href":"https:\/\/ultimato.com.br\/sites\/jovem\/wp-json\/wp\/v2\/tags?post=6883"}],"curies":[{"name":"wp","href":"https:\/\/api.w.org\/{rel}","templated":true}]}}