{"id":6867,"date":"2018-06-22T12:20:58","date_gmt":"2018-06-22T15:20:58","guid":{"rendered":"http:\/\/ultimato.com.br\/sites\/jovem\/?p=6867"},"modified":"2021-10-26T11:51:00","modified_gmt":"2021-10-26T14:51:00","slug":"o-problema-da-apatia-em-nossos-dias","status":"publish","type":"post","link":"https:\/\/ultimato.com.br\/sites\/jovem\/2018\/06\/22\/o-problema-da-apatia-em-nossos-dias\/","title":{"rendered":"O problema da apatia em nossos dias"},"content":{"rendered":"<p><em>Por Gabriel Louback<\/em><\/p>\n<p><img loading=\"lazy\" decoding=\"async\" class=\"size-medium wp-image-6869 alignright\" src=\"http:\/\/ultimato.com.br\/sites\/jovem\/files\/Ult_Jovem_22_06_18_apatia-300x169.jpg\" alt=\"\" width=\"300\" height=\"169\" srcset=\"https:\/\/ultimato.com.br\/sites\/jovem\/files\/Ult_Jovem_22_06_18_apatia-300x169.jpg 300w, https:\/\/ultimato.com.br\/sites\/jovem\/files\/Ult_Jovem_22_06_18_apatia.jpg 500w\" sizes=\"auto, (max-width: 300px) 100vw, 300px\" \/>Meu irm\u00e3o tinha me mandado um link para uma mat\u00e9ria que continha os \u00e1udios de crian\u00e7as presas na fronteira dos Estados Unidos, separadas dos pais, sozinhas, chorando e chamando por eles. Eu j\u00e1 havia visto alguns tweets sobre o assunto, mas ainda n\u00e3o tinha tido a coragem de ler e me aprofundar no assunto. Eu n\u00e3o aguentava mais.<\/p>\n<p>A crise pol\u00edtica e social no Brasil, a crise migrat\u00f3ria na Europa, pa\u00edses cada vez mais burocratas \u00a0e menos humanos, mais fechados e menos acolhedores, comportamentos sociais nocivos \u00e0 minorias, desrespeito com a mulher, com o pr\u00f3ximo, o diferente. A sensa\u00e7\u00e3o \u00e9 de que nos \u00faltimos meses minha alma tem sido despeda\u00e7ada, pouco a pouco, todo dia.<\/p>\n<p>Frente a isso, por coincid\u00eancia divina, descobri que existe um termo para esse sentimento de impot\u00eancia que muitas vezes nos acomete: &#8220;desamparo aprendido&#8221; (<em>learned helplessness<\/em>, em ingl\u00eas, para quem quiser pesquisar mais sobre o assunto). De forma resumida: isso acontece quando, depois de passar por diversas situa\u00e7\u00f5es de adversidade, dor ou sofrimento, a gente para de tentar evit\u00e1-las, ainda que haja condi\u00e7\u00f5es e seja poss\u00edvel fazermos isso, ainda que seja poss\u00edvel fazermos algo. \u00c9 uma forma de apatia frente ao que nos traz desconforto.<\/p>\n<p>Por\u00e9m, a partir da perspectiva na qual somos chamados para sermos embaixadores do Reino, respostas da ora\u00e7\u00e3o &#8220;Venha o Teu Reino&#8221;, e seguidores do Messias que declarou que o Seu Reino j\u00e1 chegou, ao abra\u00e7armos o desamparo aprendido corremos o risco de n\u00e3o cumprirmos o nosso papel de sermos sal que traz gosto ao mundo e luz que ilumina em meio \u00e0s trevas.<\/p>\n<p>Jesus n\u00e3o diz para nos tornarmos sal e luz, Ele afirma que <strong>somos<\/strong> sal e luz desse mundo. Esse \u00e9 nosso papel, nossa fun\u00e7\u00e3o, \u00e9 nossa condi\u00e7\u00e3o j\u00e1 posta como filhos do Eterno. Somos o Corpo de Cristo manifesto. E isso implica uma a\u00e7\u00e3o intencional da nossa parte, um cora\u00e7\u00e3o disposto a sermos instrumentos de Deus na sociedade onde vivemos, transformando-a n\u00e3o pela for\u00e7a, mas pela nossa a\u00e7\u00e3o, nossa presen\u00e7a, nosso envolvimento, de dentro para fora.<!--more--><\/p>\n<p>\u00c9 uma armadilha perigosa nos entregarmos ao sentimento de desamparo, de que n\u00e3o podemos fazer nada, de que as pr\u00f3ximas elei\u00e7\u00f5es n\u00e3o v\u00e3o mudar nada, de que n\u00e3o h\u00e1 jeito, de que tudo est\u00e1 perdido. Aprendemos a nos sentirmos desamparados pois muitas e muitas vezes colocamos nossas esperan\u00e7as na promessa de um messias que resolveria tudo, por\u00e9m um messias terreno, escolhido por n\u00f3s. Votamos em um presidente, governador ou prefeito e achamos que ele, agora sim, resolveria tudo. E nos decepcionamos. Mudamos nosso voto e escolhemos outras pessoas, achando que, agora sim, parece que tudo vai mudar. E nos decepcionamos.<\/p>\n<p>Qual a raz\u00e3o de nossa esperan\u00e7a?<\/p>\n<p>Devemos, sim, cumprir nosso papel pol\u00edtico e social. Devemos, sim, cobrar justi\u00e7a e paz dos governos, acolhimento e miseric\u00f3rdia. E devemos, ao mesmo tempo, n\u00f3s tamb\u00e9m lutarmos contra a injusti\u00e7a e acolhermos e sermos misericordiosos e sermos sal e luz. N\u00e3o podemos perder a esperan\u00e7a, pois somos parte do Corpo que \u00e9 a resposta para o que est\u00e1 quebrado nesse mundo: governos, sociedade, nossas almas. Vivemos e caminhamos n\u00e3o com base naquilo que vemos, mas por f\u00e9, no poder do Esp\u00edrito e do sangue do Cordeiro, que \u00e9 antes de todas as coisas, e Nele tudo subsiste.<\/p>\n<p>Minha ora\u00e7\u00e3o \u00e9 para que eu possa sair dessa condi\u00e7\u00e3o de &#8220;desamparo aprendido&#8221;, pois n\u00e3o \u00e9 o que a B\u00edblia nos diz. H\u00e1, sim, esperan\u00e7a. Ela est\u00e1 em Cristo, que age em nossas vidas e nos chama a sermos embaixadores de seu Reino, que j\u00e1 veio, mas ainda n\u00e3o est\u00e1 completo. Cristo \u00e9 a resposta desse mundo, agindo por meio de sua Igreja, por meio de n\u00f3s, o seu Corpo.<\/p>\n<ul>\n<li><strong>Gabriel Louback<\/strong> \u00e9 jornalista e storyteller, contando hist\u00f3rias por meio de textos ou roteiros de v\u00eddeo, trazendo esperan\u00e7a e apontando a presen\u00e7a do reino nos lugares mais inusitados e inesperados.<\/li>\n<\/ul>\n","protected":false},"excerpt":{"rendered":"<p>Por Gabriel Louback Meu irm\u00e3o tinha me mandado um link para uma mat\u00e9ria que continha os \u00e1udios de crian\u00e7as presas na fronteira dos Estados Unidos, separadas dos pais, sozinhas, chorando e chamando por eles. Eu j\u00e1 havia visto alguns tweets sobre o assunto, mas ainda n\u00e3o tinha tido a coragem de ler e me aprofundar [&hellip;]<\/p>\n","protected":false},"author":19,"featured_media":0,"comment_status":"open","ping_status":"open","sticky":false,"template":"","format":"standard","meta":{"ngg_post_thumbnail":0,"footnotes":""},"categories":[5312,6054],"tags":[39611,37938,30638],"class_list":["post-6867","post","type-post","status-publish","format-standard","hentry","category-campanha","category-textos","tag-apatia","tag-gabriel-louback","tag-sal-e-luz"],"_links":{"self":[{"href":"https:\/\/ultimato.com.br\/sites\/jovem\/wp-json\/wp\/v2\/posts\/6867","targetHints":{"allow":["GET"]}}],"collection":[{"href":"https:\/\/ultimato.com.br\/sites\/jovem\/wp-json\/wp\/v2\/posts"}],"about":[{"href":"https:\/\/ultimato.com.br\/sites\/jovem\/wp-json\/wp\/v2\/types\/post"}],"author":[{"embeddable":true,"href":"https:\/\/ultimato.com.br\/sites\/jovem\/wp-json\/wp\/v2\/users\/19"}],"replies":[{"embeddable":true,"href":"https:\/\/ultimato.com.br\/sites\/jovem\/wp-json\/wp\/v2\/comments?post=6867"}],"version-history":[{"count":4,"href":"https:\/\/ultimato.com.br\/sites\/jovem\/wp-json\/wp\/v2\/posts\/6867\/revisions"}],"predecessor-version":[{"id":8806,"href":"https:\/\/ultimato.com.br\/sites\/jovem\/wp-json\/wp\/v2\/posts\/6867\/revisions\/8806"}],"wp:attachment":[{"href":"https:\/\/ultimato.com.br\/sites\/jovem\/wp-json\/wp\/v2\/media?parent=6867"}],"wp:term":[{"taxonomy":"category","embeddable":true,"href":"https:\/\/ultimato.com.br\/sites\/jovem\/wp-json\/wp\/v2\/categories?post=6867"},{"taxonomy":"post_tag","embeddable":true,"href":"https:\/\/ultimato.com.br\/sites\/jovem\/wp-json\/wp\/v2\/tags?post=6867"}],"curies":[{"name":"wp","href":"https:\/\/api.w.org\/{rel}","templated":true}]}}