{"id":6813,"date":"2018-05-25T17:47:28","date_gmt":"2018-05-25T20:47:28","guid":{"rendered":"http:\/\/ultimato.com.br\/sites\/jovem\/?p=6813"},"modified":"2018-05-25T17:47:28","modified_gmt":"2018-05-25T20:47:28","slug":"quao-revolucionario-um-cristao-deve-ser","status":"publish","type":"post","link":"https:\/\/ultimato.com.br\/sites\/jovem\/2018\/05\/25\/quao-revolucionario-um-cristao-deve-ser\/","title":{"rendered":"Qu\u00e3o revolucion\u00e1rio um crist\u00e3o deve ser?"},"content":{"rendered":"<p><em>Por Maur\u00edcio Avoletta Junior<\/em><\/p>\n<blockquote>\n<p style=\"text-align: right;\">&#8220;Se voc\u00ea abandona uma cosia a pr\u00f3pria sorte, voc\u00ea a deixa \u00e0 merc\u00ea de uma torrente de mudan\u00e7as. Se voc\u00ea abandona um poste branco \u00e0 pr\u00f3pria sorte, ele logo ser\u00e1 um poste preto. Se voc\u00ea deseja particularmente que ele seja branco, precisa pint\u00e1-lo continuamente; isto \u00e9, voc\u00ea precisa estar sempre promovendo uma revolu\u00e7\u00e3o. Em resumo, se voc\u00ea quer o velho poste branco, precisa ter um novo poste branco.&#8221;<\/p>\n<p style=\"text-align: right;\">G.K. Chesterton in: Ortodoxia<\/p>\n<\/blockquote>\n<p>&nbsp;<\/p>\n<p><img loading=\"lazy\" decoding=\"async\" class=\"alignright size-medium wp-image-6815\" src=\"http:\/\/ultimato.com.br\/sites\/jovem\/files\/Ult_Jovem_25_05_18_revolucao-1-300x200.jpg\" alt=\"\" width=\"300\" height=\"200\" srcset=\"https:\/\/ultimato.com.br\/sites\/jovem\/files\/Ult_Jovem_25_05_18_revolucao-1-300x200.jpg 300w, https:\/\/ultimato.com.br\/sites\/jovem\/files\/Ult_Jovem_25_05_18_revolucao-1.jpg 500w\" sizes=\"auto, (max-width: 300px) 100vw, 300px\" \/>J\u00e1 escrevi aqui sobre o \u00f3bvio, que <a href=\"http:\/\/ultimato.com.br\/sites\/jovem\/2017\/05\/25\/familia-e-base-mas-base-do-que\/\">a fam\u00edlia \u00e9 a base da sociedade<\/a>. Falei que fam\u00edlia, originalmente, \u00e9 constitu\u00edda por homem, mulher e filhos. Falei tamb\u00e9m sobre o \u00f3bvio de que fam\u00edlias que n\u00e3o s\u00e3o assim ainda s\u00e3o fam\u00edlias, mas n\u00e3o como deveriam ser. Eu s\u00f3 disse o \u00f3bvio e \u00e9 triste que o \u00f3bvio tenha de ser dito, afinal&#8230; n\u00e3o \u00e9 \u00f3bvio?!<\/p>\n<p>Certa vez li em algum lugar que cada \u00e9poca tem o santo que merece. Li tamb\u00e9m em outro lugar que o santo n\u00e3o \u00e9 aquele a quem todos de sua \u00e9poca abra\u00e7am, pelo contr\u00e1rio, \u00e9 o que recha\u00e7am! Com o passar dos tempos, nossas sociedades foram perdendo seus santos, ou seja, foram perdendo os reflexos claros de Cristo.<\/p>\n<p>Eu, como adoro ser do contra, ouso dizer que nunca tivemos diminui\u00e7\u00e3o de santos, apenas um espelho mais sujo. Antes nossos espelhos estavam apenas emba\u00e7ados, mas ainda consegu\u00edamos ver aqueles que refletiam a Cristo. A hist\u00f3ria est\u00e1 a\u00ed para n\u00e3o me deixar mentir. Ainda que muitos possam n\u00e3o ter lido suas obras, acho imposs\u00edvel n\u00e3o terem ao menos ouvido falar de Santo Agostinho, Santo Anselmo, Santo Atan\u00e1sio, S\u00e3o Bento, S\u00e3o Francisco de Assis, S\u00e3o Francisco Xavier, e tantos outros reflexos do nosso senhor e salvador Jesus Cristo. Hoje, nossos espelhos n\u00e3o est\u00e3o emba\u00e7ados, mas completamente sujos &#8211; realmente, <a href=\"http:\/\/ultimato.com.br\/sites\/jovem\/2018\/03\/05\/a-profecia-de-black-mirror-e-o-espelho-de-paulo\/\">Black Mirror \u00e9 prof\u00e9tico<\/a>!<\/p>\n<p>Corro o risco de ser mal interpretado ao dizer isso, mas esse \u00e9 o risco de escrever. A partir do momento que trazemos uma ideia ao papel, somos respons\u00e1veis apenas pelo que escrevemos, n\u00e3o pelo que outros interpretam. N\u00f3s n\u00e3o podemos ser conservadores, pois n\u00e3o h\u00e1 mais nada para ser conservado! N\u00f3s devemos, assim como defendeu o meu querido Chesterton, ser revolucion\u00e1rios! Isso mesmo, revolucion\u00e1rios, reformadores!<!--more--><\/p>\n<p>Toda revolu\u00e7\u00e3o se prop\u00f5e a mudar os valores dominantes, portanto sejamos revolucion\u00e1rios o suficiente para trazer esse mundo, que est\u00e1 de cabe\u00e7a para baixo, para o lado correto. Sejamos reformadores o suficiente para destruirmos o mausol\u00e9u em que transformaram a nossa casa e para a reconstruirmos, exatamente da forma que era antes.<\/p>\n<p>Nossos tempos s\u00e3o inversos \u00e0 realidade. Hoje os verdadeiros conservadores s\u00e3o progressistas, e os ditos conservadores apenas conservam os erros que os progressistas cometeram &#8211; essa ideia \u00e9 muito boa e infelizmente n\u00e3o \u00e9 minha, mas do Chesterton. N\u00e3o devemos, como crist\u00e3os, mudar o nosso discurso para que ele se adapte \u00e0s pautas do mundo moderno. Como crist\u00e3os, devemos continuar a ser o que sempre fomos: estrangeiros. Devemos ser o que sempre fomos: Igreja de Cristo.<\/p>\n<p>\u00c9 engra\u00e7ado perceber que os santos servem muito mais para mostrar Cristo ao mundo do que \u00e0 Igreja. Enquanto Igreja, admiramos os Santos por serem um reflexo do nosso senhor, mas, diferente do mundo, j\u00e1 temos o nosso senhor conosco, presente e atuante no meio do seu povo, sua noiva!<\/p>\n<p>Hoje, em meio a uma sociedade corrompida, nos tornamos revolucion\u00e1rios por fazer o que sempre fizemos. Se nossa sociedade for para o extremo oposto, seremos conservadores por fazer o que sempre fizemos. O que muda \u00e9 o mundo, a Igreja n\u00e3o.<\/p>\n<p>O mundo tenta ser revolucion\u00e1rio, mas n\u00e3o o pode ser, pois n\u00e3o tem um ideal fixo. A cada era o mundo identifica um <em>Zeitgeist <\/em>diferente. A \u00fanica forma de ser verdadeiramente revolucion\u00e1rio \u00e9 estando do lado da Igreja de Cristo, que tem um ideal fixo desde a funda\u00e7\u00e3o do mundo. Lutaremos pela Eterna Revolu\u00e7\u00e3o que, um dia, destruir\u00e1 esse mausol\u00e9u em que o mundo se tornou e reformar\u00e1 tudo para que seja edificada a Cidade de Deus, sobre a qual Santo Agostinho e o Ap\u00f3stolo S\u00e3o Jo\u00e3o tanto falaram, e que a cristandade tanto anseia.<\/p>\n<ul>\n<li><strong>Maur\u00edcio Avoletta Junior, 23 anos<\/strong>. Congrega na Igreja Batista Fonte de Sicar (SP). Formado em Teologia pela Mackenzie, estudante de filosofia e literatura (por conta pr\u00f3pria); apaixonado por livros, cinema e m\u00fasica; escravo de Cristo, um pessimista em potencial e um futuro \u201cseja o que Deus quiser\u201d.<\/li>\n<\/ul>\n","protected":false},"excerpt":{"rendered":"<p>Por Maur\u00edcio Avoletta Junior &#8220;Se voc\u00ea abandona uma cosia a pr\u00f3pria sorte, voc\u00ea a deixa \u00e0 merc\u00ea de uma torrente de mudan\u00e7as. Se voc\u00ea abandona um poste branco \u00e0 pr\u00f3pria sorte, ele logo ser\u00e1 um poste preto. Se voc\u00ea deseja particularmente que ele seja branco, precisa pint\u00e1-lo continuamente; isto \u00e9, voc\u00ea precisa estar sempre promovendo [&hellip;]<\/p>\n","protected":false},"author":19,"featured_media":0,"comment_status":"open","ping_status":"open","sticky":false,"template":"","format":"standard","meta":{"ngg_post_thumbnail":0,"footnotes":""},"categories":[9],"tags":[39595,31893,10670],"class_list":["post-6813","post","type-post","status-publish","format-standard","hentry","category-sem-categoria","tag-conservador","tag-mauricio-avoletta-junior","tag-revolucao"],"_links":{"self":[{"href":"https:\/\/ultimato.com.br\/sites\/jovem\/wp-json\/wp\/v2\/posts\/6813","targetHints":{"allow":["GET"]}}],"collection":[{"href":"https:\/\/ultimato.com.br\/sites\/jovem\/wp-json\/wp\/v2\/posts"}],"about":[{"href":"https:\/\/ultimato.com.br\/sites\/jovem\/wp-json\/wp\/v2\/types\/post"}],"author":[{"embeddable":true,"href":"https:\/\/ultimato.com.br\/sites\/jovem\/wp-json\/wp\/v2\/users\/19"}],"replies":[{"embeddable":true,"href":"https:\/\/ultimato.com.br\/sites\/jovem\/wp-json\/wp\/v2\/comments?post=6813"}],"version-history":[{"count":2,"href":"https:\/\/ultimato.com.br\/sites\/jovem\/wp-json\/wp\/v2\/posts\/6813\/revisions"}],"predecessor-version":[{"id":6817,"href":"https:\/\/ultimato.com.br\/sites\/jovem\/wp-json\/wp\/v2\/posts\/6813\/revisions\/6817"}],"wp:attachment":[{"href":"https:\/\/ultimato.com.br\/sites\/jovem\/wp-json\/wp\/v2\/media?parent=6813"}],"wp:term":[{"taxonomy":"category","embeddable":true,"href":"https:\/\/ultimato.com.br\/sites\/jovem\/wp-json\/wp\/v2\/categories?post=6813"},{"taxonomy":"post_tag","embeddable":true,"href":"https:\/\/ultimato.com.br\/sites\/jovem\/wp-json\/wp\/v2\/tags?post=6813"}],"curies":[{"name":"wp","href":"https:\/\/api.w.org\/{rel}","templated":true}]}}