{"id":6796,"date":"2018-05-16T11:53:13","date_gmt":"2018-05-16T14:53:13","guid":{"rendered":"http:\/\/ultimato.com.br\/sites\/jovem\/?p=6796"},"modified":"2018-05-16T11:53:13","modified_gmt":"2018-05-16T14:53:13","slug":"porque-me-casei-com-20-e-poucos-anos","status":"publish","type":"post","link":"https:\/\/ultimato.com.br\/sites\/jovem\/2018\/05\/16\/porque-me-casei-com-20-e-poucos-anos\/","title":{"rendered":"Porque me casei com 20 e poucos anos"},"content":{"rendered":"<p><em>Por\u00a0Luiza Agreste Nazareth<\/em><\/p>\n<p><img loading=\"lazy\" decoding=\"async\" class=\"alignright size-medium wp-image-6797\" src=\"http:\/\/ultimato.com.br\/sites\/jovem\/files\/Ult_Jovem_16_05_18_casei-300x199.jpg\" alt=\"\" width=\"300\" height=\"199\" srcset=\"https:\/\/ultimato.com.br\/sites\/jovem\/files\/Ult_Jovem_16_05_18_casei-300x199.jpg 300w, https:\/\/ultimato.com.br\/sites\/jovem\/files\/Ult_Jovem_16_05_18_casei.jpg 640w\" sizes=\"auto, (max-width: 300px) 100vw, 300px\" \/>Algo que achei muito interessante foi a rea\u00e7\u00e3o quase un\u00e2nime de todos que me encontraram nestes \u00faltimos dias ao saberem do meu noivado: \u201cMas j\u00e1?! Por qu\u00ea? Voc\u00ea \u00e9 t\u00e3o nova!\u201d.\u00a0A\u00ed logo pensei: \u201cPoxa! Como eu gostaria de poder contar o porqu\u00ea de ser assim\u201d. \u00c9 l\u00f3gico que uma conversa como esta mereceria uma longa tarde entre x\u00edcaras de caf\u00e9 e cookies em uma boa cafeteria, mas estas palavras podem vir por aqui mesmo, pra quem eu n\u00e3o conseguiria proporcionar isto.<\/p>\n<p>Pra come\u00e7ar, o porqu\u00ea. Primeiro, n\u00e3o estou gr\u00e1vida. Segundo, n\u00e3o \u00e9 tanto pela cerim\u00f4nia ou festa em si. N\u00e3o \u00e9 por um dia em que eu possa usar um vestido branco e, aparentemente, transformar todas as minhas vontades em pequenos detalhes de um evento. Vai al\u00e9m disso. Vai muito al\u00e9m de assinar um contrato ou de dizer \u201csim\u201d na frente de nossas fam\u00edlias e amigos. N\u00e3o \u00e9 por que encontrei o meu \u201cpr\u00edncipe encantado\u201d e estou perdidamente apaixonada por ele, sem conseguir raciocinar direito (por mais que eu esteja perdidamente apaixonada e o ache um pr\u00edncipe, hehe \u2013\u00a0<em>e ainda acho, amor!<\/em>). E, definitivamente, pra quem me conhece bem, n\u00e3o \u00e9 porque eu n\u00e3o conseguiria viver bem sozinha.<\/p>\n<p>Noivar, pra mim, \u00e9 uma op\u00e7\u00e3o de me engajar na constru\u00e7\u00e3o da felicidade na vida de outra pessoa. Em ingl\u00eas, noivar \u00e9 \u201c<em>to get engaged<\/em>\u201d. Em minha opini\u00e3o, essa express\u00e3o capta melhor o significado desse momento. Noivar \u00e9 se comprometer, \u00e9 dizer publicamente que estou \u201c<em>engaged<\/em>\u201d \u2013 engajada \u2013 em uma jornada de tornar outra pessoa feliz que n\u00e3o a mim mesma, mesmo sabendo que este caminho muitas vezes ir\u00e1 passar por eu\u00a0abnegar da minha pr\u00f3pria vontade.<\/p>\n<p>Esses dias, vendo o programa de televis\u00e3o <em>Bones<\/em>\u00a0<em>(nossa! n\u00e3o vejo esse programa h\u00e1 anos! hehe)<\/em>\u00a0ouvi um di\u00e1logo muito bacana. Era entre a\u00a0protagonista\u00a0e um japon\u00eas que tinha acabado de perder sua irm\u00e3 em um assassinato. Ela o perguntava se valia mesmo a pena ter a sua felicidade t\u00e3o atrelada \u00e0 felicidade de outra pessoa. Ele respondeu prontamente: \u201cSe eu seria capaz de dar a minha vida por uma pessoa, por que n\u00e3o trocaria a minha felicidade pela dela?\u201d.<\/p>\n<p>\u00c9 isso a\u00ed. Concordo plenamente.<!--more--><\/p>\n<p>Casar \u00e9 conjugar um futuro no qual o \u201ceu\u201d se torna um \u201cn\u00f3s\u201d. Casar assim, desejando e buscando sinceramente o melhor para o outro, n\u00e3o \u00e9 f\u00e1cil em uma sociedade que prega que \u201cse voc\u00ea n\u00e3o se importar com voc\u00ea mesmo, quem mais ir\u00e1?\u201d. Casar \u00e9 juntar duas culturas, duas personalidades, dois temperamentos, dois modos de dormir na cama, de organizar as roupas no arm\u00e1rio e de escovar os dentes. \u00c9 juntar tudo que \u00e9 completamente diferente e querer que isso se torne uma coisa s\u00f3. \u00c9 mais do que l\u00f3gico que sai fa\u00edsca, e muita! Mas \u00e9 justamente essa ant\u00edtese que faz florescer o amor ou queimar a \u00faltima esperan\u00e7a.<\/p>\n<p>Nesse conjugar de valores, ideias e jeitos, aprendemos que n\u00e3o somos o centro do universo, que o seu jeito nem sempre \u00e9 o melhor e que algu\u00e9m sempre tem que ceder \u2013 e, \u00e0s vezes, esse algu\u00e9m ser\u00e1 voc\u00ea. A\u00ed entra o amor. N\u00e3o esse amor piegas-rom\u00e2ntico, mas um amor que se consolida em meio \u00e0s fraquezas e limita\u00e7\u00f5es do outro. Um amor-escolha que faz com que o ceder seja como uma partida de frescobol, na qual o objetivo comum \u00e9 n\u00e3o deixar a bola cair. Pena que muitos entram em um casamento como se estivessem em lados opostos de uma partida de t\u00eanis, n\u00e3o vendo a hora de o outro deixar a bola cair\u00a0pra poder ganhar.\u00a0\u00c9 um desafio e tanto abrir m\u00e3o e entregar\u00a0a\u00a0sua felicidade para\u00a0ser conjugada por outra pessoa que n\u00e3o voc\u00ea mesmo. S\u00f3 se pode fazer isso por algu\u00e9m que voc\u00ea tem certeza que tamb\u00e9m daria a vida por voc\u00ea.<\/p>\n<p>Mas, enfim, agora que j\u00e1 esclareci o porqu\u00ea, vamos \u00e0 resposta da outra pergunta: \u201cmas j\u00e1?\u201d. Sim, j\u00e1. N\u00e3o por me sentir capaz ou mesmo pronta. Mas porque encontrei algu\u00e9m, com 20 anos, em quem vi um amor capaz de dar a pr\u00f3pria vida por mim. Encontrei algu\u00e9m em\u00a0quem valeria a pena investir minha vida e a quem poderia confiar minha felicidade. Algu\u00e9m com quem eu gostaria de passar o resto da minha vida e queria come\u00e7ar isso logo, com 20 e poucos anos. Pode ser que, pra muitos, isso pare\u00e7a dif\u00edcil demais de digerir. Investir sua vida na vida de outra pessoa? Simplesmente abrir m\u00e3o de sua pr\u00f3pria realiza\u00e7\u00e3o para se preocupar mais com a felicidade de outro do que com a sua? Fazer isso com 20 e poucos anos e deixar de \u201ccurtir\u201d sua juventude?<\/p>\n<p>Calma, deixei o mais importante para o final.<\/p>\n<p>S\u00f3 posso confiar minha felicidade a algu\u00e9m porque um dia j\u00e1 encontrei uma fonte inesgot\u00e1vel de alegria e paz. Assim como o Paulo, a quem tenho escolhido amar. S\u00f3 podemos nos propor a isso, desta maneira, porque estamos sendo ensinados a amar pelo Perfeito Amor. Assim, podemos assumir esse compromisso um com o outro tendo plena consci\u00eancia de que n\u00e3o seremos capazes de cumpri-lo e que erraremos muitas vezes nessa tentativa. Isso mesmo! Voc\u00ea leu direito. N\u00f3s n\u00e3o seremos capazes a n\u00e3o ser que o que nos mova e capacite seja a gra\u00e7a do nosso Pai. E, sinceramente, tem jeito melhor de curtir a vida do que construindo uma caminhada junto com seu amor e melhor amigo?<\/p>\n<p>Gosto de pensar que, se quisermos come\u00e7ar essa caminhada sozinhos, seremos sempre dois. Dois pensamentos diferentes que querem trilhar dois caminhos diferentes e n\u00e3o abrem m\u00e3o disso. Mas se optarmos por caminhar a tr\u00eas, s\u00f3 assim poderemos ser um. Sendo um, n\u00e3o existir\u00e1 mais \u201cmeu\u201d ou \u201cdele\u201d e poderemos conjugar, juntos, a nossa felicidade.<\/p>\n<p><span style=\"color: #ff6600;\"><em>Esse texto foi escrito por Luiza aos 20 anos, quando tinha acabado de noivar, um ano antes de se casar. Hoje Luiza est\u00e1 no s\u00e9timo ano de casamento. Ela diz que, gra\u00e7as a Deus, 7 anos depois, continua acreditando em cada v\u00edrgula escrita aqui.<\/em><\/span><\/p>\n<ul>\n<li><strong>Luiza Agreste Nazareth<\/strong>, 27. \u00c9 disc\u00edpula de Jesus, casada com Paulo, m\u00e3e do Gabriel de 3 anos e do Jo\u00e3o de 1 ano. No blog\u00a0<a href=\"http:\/\/mochilinhaeviolao.com\/\">Mochilinha e Viol\u00e3o<\/a>\u00a0 compartilha seus aprendizados na escolha por caminhar mais devagar e viver uma vida mais leve, criativa e aut\u00eantica ao lado dos filhos e fam\u00edlia.<\/li>\n<\/ul>\n","protected":false},"excerpt":{"rendered":"<p>Por\u00a0Luiza Agreste Nazareth Algo que achei muito interessante foi a rea\u00e7\u00e3o quase un\u00e2nime de todos que me encontraram nestes \u00faltimos dias ao saberem do meu noivado: \u201cMas j\u00e1?! Por qu\u00ea? Voc\u00ea \u00e9 t\u00e3o nova!\u201d.\u00a0A\u00ed logo pensei: \u201cPoxa! Como eu gostaria de poder contar o porqu\u00ea de ser assim\u201d. \u00c9 l\u00f3gico que uma conversa como esta [&hellip;]<\/p>\n","protected":false},"author":19,"featured_media":0,"comment_status":"open","ping_status":"open","sticky":false,"template":"","format":"standard","meta":{"ngg_post_thumbnail":0,"footnotes":""},"categories":[6054],"tags":[197,39591,8441,157,39593,39592],"class_list":["post-6796","post","type-post","status-publish","format-standard","hentry","category-textos","tag-casamento","tag-casar","tag-familia","tag-juventude","tag-luiza-agreste-nazareth","tag-vinte-e-poucos"],"_links":{"self":[{"href":"https:\/\/ultimato.com.br\/sites\/jovem\/wp-json\/wp\/v2\/posts\/6796","targetHints":{"allow":["GET"]}}],"collection":[{"href":"https:\/\/ultimato.com.br\/sites\/jovem\/wp-json\/wp\/v2\/posts"}],"about":[{"href":"https:\/\/ultimato.com.br\/sites\/jovem\/wp-json\/wp\/v2\/types\/post"}],"author":[{"embeddable":true,"href":"https:\/\/ultimato.com.br\/sites\/jovem\/wp-json\/wp\/v2\/users\/19"}],"replies":[{"embeddable":true,"href":"https:\/\/ultimato.com.br\/sites\/jovem\/wp-json\/wp\/v2\/comments?post=6796"}],"version-history":[{"count":2,"href":"https:\/\/ultimato.com.br\/sites\/jovem\/wp-json\/wp\/v2\/posts\/6796\/revisions"}],"predecessor-version":[{"id":6799,"href":"https:\/\/ultimato.com.br\/sites\/jovem\/wp-json\/wp\/v2\/posts\/6796\/revisions\/6799"}],"wp:attachment":[{"href":"https:\/\/ultimato.com.br\/sites\/jovem\/wp-json\/wp\/v2\/media?parent=6796"}],"wp:term":[{"taxonomy":"category","embeddable":true,"href":"https:\/\/ultimato.com.br\/sites\/jovem\/wp-json\/wp\/v2\/categories?post=6796"},{"taxonomy":"post_tag","embeddable":true,"href":"https:\/\/ultimato.com.br\/sites\/jovem\/wp-json\/wp\/v2\/tags?post=6796"}],"curies":[{"name":"wp","href":"https:\/\/api.w.org\/{rel}","templated":true}]}}