{"id":6762,"date":"2018-04-27T13:26:27","date_gmt":"2018-04-27T16:26:27","guid":{"rendered":"http:\/\/ultimato.com.br\/sites\/jovem\/?p=6762"},"modified":"2018-04-27T13:26:27","modified_gmt":"2018-04-27T16:26:27","slug":"por-que-a-juventude-sem-amor-foge-da-igreja","status":"publish","type":"post","link":"https:\/\/ultimato.com.br\/sites\/jovem\/2018\/04\/27\/por-que-a-juventude-sem-amor-foge-da-igreja\/","title":{"rendered":"Por que a juventude sem amor foge da igreja?"},"content":{"rendered":"<p><span style=\"color: #ff6600;\"><em>Em abril, como parte da celebra\u00e7\u00e3o dos 50 anos de Ultimato, publicaremos conte\u00fados hist\u00f3ricos da revista. Confira abaixo o texto \u201cPor que a juventude sem amor foge da igreja??\u201d, do reverendo da Catedral Presbiteriana do Rio de Janeiro, Zaqueu Ribeiro, publicado na edi\u00e7\u00e3o n\u00ba 4 de Ultimato, em abril de 1968.<\/em><\/span><\/p>\n<p><img loading=\"lazy\" decoding=\"async\" class=\"alignright size-medium wp-image-6763\" src=\"http:\/\/ultimato.com.br\/sites\/jovem\/files\/Ult_Jovem_27_04_18_foge-300x176.jpg\" alt=\"\" width=\"300\" height=\"176\" srcset=\"https:\/\/ultimato.com.br\/sites\/jovem\/files\/Ult_Jovem_27_04_18_foge-300x176.jpg 300w, https:\/\/ultimato.com.br\/sites\/jovem\/files\/Ult_Jovem_27_04_18_foge-768x450.jpg 768w, https:\/\/ultimato.com.br\/sites\/jovem\/files\/Ult_Jovem_27_04_18_foge-1024x600.jpg 1024w, https:\/\/ultimato.com.br\/sites\/jovem\/files\/Ult_Jovem_27_04_18_foge-732x429.jpg 732w, https:\/\/ultimato.com.br\/sites\/jovem\/files\/Ult_Jovem_27_04_18_foge-1140x668.jpg 1140w\" sizes=\"auto, (max-width: 300px) 100vw, 300px\" \/>Esta pergunta n\u00e3o corresponde \u00e0 realidade. Somente uma an\u00e1lise muito desprovida de acuidade pode levar \u00e0 conclus\u00e3o de que a juventude perdeu a f\u00e9. H\u00e1 milhares de jovens vivendo a vida vitoriosa da f\u00e9, perfeitamente integrados no plano divino da reden\u00e7\u00e3o.<\/p>\n<p>Mesmo quando um jovem acuse o problema, sua afirma\u00e7\u00e3o somente esconde uma realidade diferente. Admito que nossa juventude sofra de uma subnutri\u00e7\u00e3o espiritual, ocasionada pelas omiss\u00f5es paternas na comunica\u00e7\u00e3o das melhores experi\u00eancias crist\u00e3s, e se ressintam, tamb\u00e9m, da pobreza do exemplo da vida religiosa do lar.<\/p>\n<p>Admito que muitos jovens tenham perdido o caminho dos templos, decepcionados com seus l\u00edderes religiosos. Admito que se defrontem com as for\u00e7as do materialismo, mergulhados no conflito que busca arrancar-lhes da alma a f\u00e9. At\u00e9 agora, contudo, a juventude \u201csem f\u00e9\u201d s\u00f3 teve uma f\u00e9 descentralizada do seu centro, que \u00e9 Deus.<\/p>\n<p>Prevalece, por\u00e9m, a m\u00edstica da juventude, que se apega e se entrega, com toda a sua vida, ao objeto de sua f\u00e9. Uns passam a crer em si mesmos; outros em algum messias que sempre aparece; outros em sistemas e ideologias de reden\u00e7\u00e3o. Como diz o ap\u00f3stolo Paulo: \u201cignorando a justi\u00e7a de Deus e procurando estabelecer sua pr\u00f3pria justi\u00e7a, n\u00e3o se submetem \u00e0 justi\u00e7a de Deus\u201d.<!--more--><\/p>\n<p><img loading=\"lazy\" decoding=\"async\" class=\"alignleft size-thumbnail wp-image-6725\" src=\"http:\/\/ultimato.com.br\/sites\/jovem\/files\/marca50anos_blog-150x150.jpg\" alt=\"\" width=\"150\" height=\"150\" \/>Em tudo isso h\u00e1 clamorosas falhas humanas, e uma tr\u00e1gica a\u00e7\u00e3o diab\u00f3lica. Mas no meio do caos de uma f\u00e9 pendente sopra o Esp\u00edrito de Deus e a mec\u00e2nica de seu amor vai centralizando a f\u00e9 na pessoa do Redentor.<\/p>\n<p>Urge que os lares se associem a Deus na obra de reconquista do homem. Necess\u00e1rio se faz que a Escola se torne um ambiente prop\u00edcio ao desenvolvimento crist\u00e3o do misticismo jovem. Que todas as fontes conscientes se comprenetrem da urg\u00eancia de se restaurar a verdadeira f\u00e9.<\/p>\n<p>Praza aos c\u00e9us que a igreja esteja \u00e0 altura do momento e que a juventude dispersa a ela retornar, como o Filho Pr\u00f3digo da par\u00e1bola de Cristo.<\/p>\n","protected":false},"excerpt":{"rendered":"<p>Em abril, como parte da celebra\u00e7\u00e3o dos 50 anos de Ultimato, publicaremos conte\u00fados hist\u00f3ricos da revista. Confira abaixo o texto \u201cPor que a juventude sem amor foge da igreja??\u201d, do reverendo da Catedral Presbiteriana do Rio de Janeiro, Zaqueu Ribeiro, publicado na edi\u00e7\u00e3o n\u00ba 4 de Ultimato, em abril de 1968. Esta pergunta n\u00e3o corresponde [&hellip;]<\/p>\n","protected":false},"author":19,"featured_media":0,"comment_status":"open","ping_status":"open","sticky":false,"template":"","format":"standard","meta":{"ngg_post_thumbnail":0,"footnotes":""},"categories":[5312],"tags":[29863,39584,157,38324],"class_list":["post-6762","post","type-post","status-publish","format-standard","hentry","category-campanha","tag-desigrejados","tag-desviados","tag-juventude","tag-ultimato-50-anos"],"_links":{"self":[{"href":"https:\/\/ultimato.com.br\/sites\/jovem\/wp-json\/wp\/v2\/posts\/6762","targetHints":{"allow":["GET"]}}],"collection":[{"href":"https:\/\/ultimato.com.br\/sites\/jovem\/wp-json\/wp\/v2\/posts"}],"about":[{"href":"https:\/\/ultimato.com.br\/sites\/jovem\/wp-json\/wp\/v2\/types\/post"}],"author":[{"embeddable":true,"href":"https:\/\/ultimato.com.br\/sites\/jovem\/wp-json\/wp\/v2\/users\/19"}],"replies":[{"embeddable":true,"href":"https:\/\/ultimato.com.br\/sites\/jovem\/wp-json\/wp\/v2\/comments?post=6762"}],"version-history":[{"count":2,"href":"https:\/\/ultimato.com.br\/sites\/jovem\/wp-json\/wp\/v2\/posts\/6762\/revisions"}],"predecessor-version":[{"id":6765,"href":"https:\/\/ultimato.com.br\/sites\/jovem\/wp-json\/wp\/v2\/posts\/6762\/revisions\/6765"}],"wp:attachment":[{"href":"https:\/\/ultimato.com.br\/sites\/jovem\/wp-json\/wp\/v2\/media?parent=6762"}],"wp:term":[{"taxonomy":"category","embeddable":true,"href":"https:\/\/ultimato.com.br\/sites\/jovem\/wp-json\/wp\/v2\/categories?post=6762"},{"taxonomy":"post_tag","embeddable":true,"href":"https:\/\/ultimato.com.br\/sites\/jovem\/wp-json\/wp\/v2\/tags?post=6762"}],"curies":[{"name":"wp","href":"https:\/\/api.w.org\/{rel}","templated":true}]}}