{"id":676,"date":"2011-05-18T10:29:37","date_gmt":"2011-05-18T13:29:37","guid":{"rendered":"http:\/\/ultimato.com.br\/sites\/jovem\/?p=676"},"modified":"2011-05-18T10:29:37","modified_gmt":"2011-05-18T13:29:37","slug":"encontro-renas-preco-especial-para-jovens","status":"publish","type":"post","link":"https:\/\/ultimato.com.br\/sites\/jovem\/2011\/05\/18\/encontro-renas-preco-especial-para-jovens\/","title":{"rendered":"Encontro RENAS &#8211; Pre\u00e7o *ESPECIAL* para Jovens"},"content":{"rendered":"<p style=\"text-align: center;\"><a href=\"http:\/\/encontro.renas.org.br\/\" target=\"_blank\"><img loading=\"lazy\" decoding=\"async\" class=\"aligncenter size-full wp-image-677\" title=\"folder\" src=\"http:\/\/ultimato.com.br\/sites\/jovem\/files\/2011\/05\/folder.jpg\" alt=\"\" width=\"455\" height=\"269\" srcset=\"https:\/\/ultimato.com.br\/sites\/jovem\/files\/2011\/05\/folder.jpg 650w, https:\/\/ultimato.com.br\/sites\/jovem\/files\/2011\/05\/folder-300x177.jpg 300w, https:\/\/ultimato.com.br\/sites\/jovem\/files\/2011\/05\/folder-150x88.jpg 150w\" sizes=\"auto, (max-width: 455px) 100vw, 455px\" \/><\/a><\/p>\n<p style=\"text-align: center;\">O VI Encontro RENAS acontecer\u00e1 dos dias 15 a 17 de setembro. Jovens de at\u00e9 29 anos v\u00e3o ter 10% de desconto na inscri\u00e7\u00e3o do encontro. <a href=\"http:\/\/encontro.renas.org.br\/\" target=\"_blank\">Clique aqui<\/a> para conhecer o site do encontro e fazer sua inscri\u00e7\u00e3o.<\/p>\n","protected":false},"excerpt":{"rendered":"<p>O VI Encontro RENAS acontecer\u00e1 dos dias 15 a 17 de setembro. Jovens de at\u00e9 29 anos v\u00e3o ter 10% de desconto na inscri\u00e7\u00e3o do encontro. Clique aqui para conhecer o site do encontro e fazer sua inscri\u00e7\u00e3o.<\/p>\n","protected":false},"author":19,"featured_media":0,"comment_status":"open","ping_status":"open","sticky":false,"template":"","format":"standard","meta":{"ngg_post_thumbnail":0,"footnotes":""},"categories":[172],"tags":[],"class_list":["post-676","post","type-post","status-publish","format-standard","hentry","category-agenda"],"_links":{"self":[{"href":"https:\/\/ultimato.com.br\/sites\/jovem\/wp-json\/wp\/v2\/posts\/676","targetHints":{"allow":["GET"]}}],"collection":[{"href":"https:\/\/ultimato.com.br\/sites\/jovem\/wp-json\/wp\/v2\/posts"}],"about":[{"href":"https:\/\/ultimato.com.br\/sites\/jovem\/wp-json\/wp\/v2\/types\/post"}],"author":[{"embeddable":true,"href":"https:\/\/ultimato.com.br\/sites\/jovem\/wp-json\/wp\/v2\/users\/19"}],"replies":[{"embeddable":true,"href":"https:\/\/ultimato.com.br\/sites\/jovem\/wp-json\/wp\/v2\/comments?post=676"}],"version-history":[{"count":1,"href":"https:\/\/ultimato.com.br\/sites\/jovem\/wp-json\/wp\/v2\/posts\/676\/revisions"}],"predecessor-version":[{"id":678,"href":"https:\/\/ultimato.com.br\/sites\/jovem\/wp-json\/wp\/v2\/posts\/676\/revisions\/678"}],"wp:attachment":[{"href":"https:\/\/ultimato.com.br\/sites\/jovem\/wp-json\/wp\/v2\/media?parent=676"}],"wp:term":[{"taxonomy":"category","embeddable":true,"href":"https:\/\/ultimato.com.br\/sites\/jovem\/wp-json\/wp\/v2\/categories?post=676"},{"taxonomy":"post_tag","embeddable":true,"href":"https:\/\/ultimato.com.br\/sites\/jovem\/wp-json\/wp\/v2\/tags?post=676"}],"curies":[{"name":"wp","href":"https:\/\/api.w.org\/{rel}","templated":true}]}}