{"id":6728,"date":"2018-04-19T16:48:25","date_gmt":"2018-04-19T19:48:25","guid":{"rendered":"http:\/\/ultimato.com.br\/sites\/jovem\/?p=6728"},"modified":"2018-04-20T08:19:23","modified_gmt":"2018-04-20T11:19:23","slug":"os-livros-que-nos-marcaram-abu-editora","status":"publish","type":"post","link":"https:\/\/ultimato.com.br\/sites\/jovem\/2018\/04\/19\/os-livros-que-nos-marcaram-abu-editora\/","title":{"rendered":"Os livros que nos marcaram \u2013 ABU Editora"},"content":{"rendered":"<p>Alguns livros marcam nossas vidas, e a ABU Editora \u00e9 respons\u00e1vel por obras que marcam a caminhada crist\u00e3 de muitos, principalmente daqueles que passaram a ter contato com o movimento evangel\u00edstico universit\u00e1rio na \u00e9poca de suas gradua\u00e7\u00f5es. Nos 43 anos da ABU Editora, algumas dessas pessoas contaram para n\u00f3s qual t\u00edtulo foi essencial para sua forma\u00e7\u00e3o. Quem sabe esse livro n\u00e3o pode marcar sua vida tamb\u00e9m?<\/p>\n<p>&nbsp;<\/p>\n<blockquote><p><img loading=\"lazy\" decoding=\"async\" class=\"alignleft size-thumbnail wp-image-6733\" src=\"http:\/\/ultimato.com.br\/sites\/jovem\/files\/morte-150x150.jpg\" alt=\"\" width=\"150\" height=\"150\" \/>Alguns livros parecem abrir nossa mente com a for\u00e7a de um macaco hidr\u00e1ulico arrancando o tampo da cabe\u00e7a, lentamente, palavra por palavra. Ler <strong><em><a href=\"http:\/\/www.ultimato.com.br\/loja\/produtos\/a-morte-da-razao\">A Morte da Raz\u00e3o<\/a><\/em><\/strong> ainda como estudante fez isso comigo. Francis Schaeffer descreveu o meu mundo come\u00e7ando pelo campo da arte e desdobrando no todo da vida. Por\u00e9m, \u00e0 luz das escrituras, ele escreveu de maneira sucinta a ruptura que a cultura estava fazendo entre a \u2018f\u00e9\u2019 e \u2018o-resto-da-vida\u2019. Percebi naquele tempo o desafio de n\u00e3o viver uma vida dividida, se meu esp\u00edrito era do Senhor, minhas emo\u00e7\u00f5es, raz\u00e3o e obras tamb\u00e9m deveriam ser.\u00a0\u00a0Esse pequeno livro, cujo t\u00edtulo \u00e9 at\u00e9 um tanto dram\u00e1tico, fez grandes suturas interiores.<\/p>\n<p>&nbsp;<\/p>\n<p><strong>&#8211; Liz Valente<\/strong>, mestra em arquitetura e urbanismo. Tamb\u00e9m \u00e9 cantora, compositora e autora de 4 pe\u00e7as teatrais. Casada com Pedro Paulo, m\u00e3e do Jo\u00e3o e do Davi.<\/p><\/blockquote>\n<p><strong><em><a href=\"http:\/\/www.ultimato.com.br\/loja\/produtos\/culpa-e-graca-2\"><img loading=\"lazy\" decoding=\"async\" class=\"alignright size-thumbnail wp-image-6731\" src=\"http:\/\/ultimato.com.br\/sites\/jovem\/files\/culpa-150x150.jpg\" alt=\"\" width=\"150\" height=\"150\" \/><\/a><\/em><\/strong><\/p>\n<blockquote><p>&nbsp;<\/p>\n<p><strong><em><a href=\"http:\/\/www.ultimato.com.br\/loja\/produtos\/culpa-e-graca-2\">Culpa e Gra\u00e7a<\/a><\/em><\/strong> foi um livro da ABU Editora que marcou profundamente minha forma\u00e7\u00e3o. Enquanto estava na gradua\u00e7\u00e3o em psicologia, descobri na abordagem do psiquiatra Paul Tournier uma teologia da gra\u00e7a que fecundava sua pr\u00e1tica terap\u00eautica \u2013 que humanizou meu pr\u00f3prio jeito de acolher, menos moralista e com mais esperan\u00e7a. A leitura me concedeu ferramentas para responder ao sofrimento do outro, para refletir sobre os meus pr\u00f3prios sentimentos de culpa e ainda dialogar teologicamente com o que eu estava estudando na faculdade. Assim, firmaram-se passos na dire\u00e7\u00e3o de responder \u00e0 minha voca\u00e7\u00e3o. Experimentei o que Castro Alves poeticamente descreve como &#8220;o livro que cai na alma&#8221;: &#8220;O livro, caindo n&#8217;alma \u00e9\u00a0germe \u2013 que faz a palma, \u00e9\u00a0chuva \u2013 que faz o mar!&#8221;.<\/p>\n<p>&nbsp;<\/p>\n<p><strong>&#8211; Davi C. Ribeiro Lin<\/strong>, mestre e doutorando em Teologia. \u00c9 graduado em psicologia e especializado em Psicologia Cl\u00ednica.<\/p><\/blockquote>\n<p><!--more--><\/p>\n<blockquote><p><img loading=\"lazy\" decoding=\"async\" class=\"alignleft size-thumbnail wp-image-6729\" src=\"http:\/\/ultimato.com.br\/sites\/jovem\/files\/corintios-150x150.jpg\" alt=\"\" width=\"150\" height=\"150\" \/>Quando vejo livros da ABU n\u00e3o questiono se s\u00e3o bons ou n\u00e3o, naturalmente j\u00e1 os considero livros que preciso ter. Mas, de todos, o que mais mexeu comigo e me ajudou foi <strong><em><a href=\"http:\/\/www.ultimato.com.br\/loja\/produtos\/a-mensagem-de-1-corintios\">A Mensagem de 1 Cor\u00edntios<\/a><\/em><\/strong>. Em especial o do cap\u00edtulo 13 desta carta. Um coment\u00e1rio iluminado e pastoral. Tenho usado como base para mensagens sobre o texto b\u00edblico, pela motiva\u00e7\u00e3o que ele me deu.<\/p>\n<p>&nbsp;<\/p>\n<p><strong>&#8211; Jony de Almeida<\/strong>, pastor na Igreja Presbiteriana de Vi\u00e7osa.<\/p><\/blockquote>\n<p><img loading=\"lazy\" decoding=\"async\" class=\"size-thumbnail wp-image-6734 alignright\" src=\"http:\/\/ultimato.com.br\/sites\/jovem\/files\/ou\u00e7a-150x150.jpg\" alt=\"\" width=\"150\" height=\"150\" \/><\/p>\n<blockquote><p>Dois livros da ABU Editora marcaram especialmente a minha caminhada crist\u00e3 foram <strong><em><a href=\"http:\/\/www.ultimato.com.br\/loja\/produtos\/cristo-e-o-senhor\">Cristo \u00e9 o Senhor<\/a><\/em><\/strong>, de Dion\u00edsio Pape e\u00a0<strong><em><a href=\"http:\/\/www.ultimato.com.br\/loja\/produtos\/ouca-o-espirito-ouca-o-mundo\">Ou\u00e7a o Esp\u00edrito, ou\u00e7a o mundo<\/a><\/em><\/strong>,\u00a0de John Stott. Um sucinto, outro mais extenso, mas ambos permeados por uma vis\u00e3o ampla do reino de Deus e sua justi\u00e7a!\u00a0<strong><em><a href=\"http:\/\/www.ultimato.com.br\/loja\/produtos\/cristo-e-o-senhor\">Cristo \u00e9 o Senhor<\/a> <\/em><\/strong>marcou meu cora\u00e7\u00e3o com a no\u00e7\u00e3o do senhorio de Cristo, que diz respeito a todas as \u00e1reas da minha vida. Na perspectiva de Jesus Cristo como Salvador e Senhor, muitas de nossas interroga\u00e7\u00f5es e divaga\u00e7\u00f5es somem no ar. Ele \u00e9 Soberano. J\u00e1\u00a0<strong><em><a href=\"http:\/\/www.ultimato.com.br\/loja\/produtos\/ouca-o-espirito-ouca-o-mundo\">Ou\u00e7a o Esp\u00edrito, ou\u00e7a o mundo<\/a><\/em><\/strong>\u00a0fortaleceu minha identidade em Cristo ao me lembrar do grande desafio de escutar e dialogar com &#8220;o outro&#8221;, &#8220;o diferente&#8221;, e de esperar ao mesmo tempo, afinal, vivemos o tempo do\u00a0j\u00e1\u00a0e do\u00a0ainda n\u00e3o.<\/p>\n<p>&nbsp;<\/p>\n<p><strong>&#8211; Sonia Couto<\/strong>, ex-abuense de Belo Horizonte.<\/p><\/blockquote>\n<p>&nbsp;<\/p>\n<blockquote><p><img loading=\"lazy\" decoding=\"async\" class=\"alignleft size-thumbnail wp-image-6732\" src=\"http:\/\/ultimato.com.br\/sites\/jovem\/files\/estudo-150x150.jpg\" alt=\"\" width=\"150\" height=\"150\" \/>O primeiro livro da ABU Editora que li foi\u00a0<strong><em><a href=\"http:\/\/www.ultimato.com.br\/loja\/produtos\/o-estudo-biblico-indutivo\">O Estudo B\u00edblico Indutivo<\/a><\/em><\/strong>. O conheci quando comecei a participar do grupo da ABU em Vi\u00e7osa, MG, em 2014. Eu j\u00e1 havia ministrado estudos b\u00edblicos na igreja muitas vezes, mas o fazia de forma &#8220;intuitiva&#8221;, ainda n\u00e3o conhecia um bom m\u00e9todo que auxiliasse o estudante a &#8220;mergulhar no texto&#8221;. Quando fui convidado a dirigir um estudo na ABU pela primeira vez algu\u00e9m disse: &#8220;Voc\u00ea tem que ler aquele livro da Tonica!&#8221;. Ap\u00f3s l\u00ea-lo e estud\u00e1-lo, o adotei como manual. \u00c9 um livro pequeno e pr\u00e1tico, e o considero como leitura obrigat\u00f3ria para todo crente que queira entender um texto com profundidade. Tr\u00eas li\u00e7\u00f5es desse livro n\u00e3o me saem da cabe\u00e7a: Primeiro voc\u00ea observa o texto (personagens, figuras, lugares, etc.), depois voc\u00ea interpreta as informa\u00e7\u00f5es e os fatos, e, por fim, tira uma aplica\u00e7\u00e3o pr\u00e1tica para a sua vida e\/ou dos seus ouvintes.<\/p>\n<p>&nbsp;<\/p>\n<p><em><strong>&#8211; Jean Mendes<\/strong>, estudante de Letras. Faz parte do Conselho Editorial Jovem e do N\u00facleo Web da Editora Ultimato.<\/em><\/p><\/blockquote>\n<p>&nbsp;<\/p>\n<blockquote><p><img loading=\"lazy\" decoding=\"async\" class=\"alignright size-thumbnail wp-image-6735\" src=\"http:\/\/ultimato.com.br\/sites\/jovem\/files\/pacto-150x150.jpg\" alt=\"\" width=\"150\" height=\"150\" \/>A ABUB e a ABU Editora t\u00eam tudo a ver com a minha forma\u00e7\u00e3o espiritual, social e meu chamado. N\u00e3o posso imaginar ser o que sou se n\u00e3o houvesse essa influ\u00eancia aben\u00e7oadora. Os primeiros livros que me marcaram foram\u00a0<strong><em><a href=\"http:\/\/www.ultimato.com.br\/loja\/produtos\/cristo-e-o-senhor\">Cristo \u00e9 o Senhor<\/a><\/em><\/strong>, de Dion\u00edsio Pape, que ajudou a mim e a muitos abuenses a entendermos que seguir a Jesus n\u00e3o est\u00e1 restrito a receber sua salva\u00e7\u00e3o, perd\u00e3o e vida nova, mas que t\u00ednhamos de seguir em obedi\u00eancia os seus passos, porque Ele se tornou nosso Senhor. Outros que tiveram muito impacto foram os livros da s\u00e9rie Lausanne, como\u00a0<strong><em><a href=\"http:\/\/www.ultimato.com.br\/loja\/produtos\/tive-fome-pacto-de-lausanne\">Tive Fome<\/a> <\/em><\/strong>e\u00a0<strong><em><a href=\"http:\/\/www.ultimato.com.br\/loja\/produtos\/tive-fome-pacto-de-lausanne\">O Pacto de Lausane<\/a><\/em><\/strong>. Estes me ajudaram a entender a abrang\u00eancia de nosso chamado para todas as \u00e1reas da nossa vida pessoal e social. E sou imensamente grata a Deus pelo minist\u00e9rio prof\u00edcuo de John Stott, amei todos os seus livros, e menciono especialmente\u00a0<strong><em><a href=\"http:\/\/www.ultimato.com.br\/loja\/produtos\/a-mensagem-do-sermao-do-monte\">A Mensagem do Serm\u00e3o do Monte<\/a><\/em><\/strong>, e\u00a0<strong><em><a href=\"http:\/\/www.ultimato.com.br\/loja\/produtos\/a-mensagem-de-atos\">A mensagem de Atos<\/a><\/em><\/strong>.\u00a0Ajudaram muito na minha forma\u00e7\u00e3o e crescimento espiritual.<\/p>\n<p>&nbsp;<\/p>\n<p><em><strong>&#8211; Antonia Leonora van der Meer<\/strong>, mestre em Teologia e doutora em missiologia, foi mission\u00e1ria em Angola por dez anos e \u00e9 uma das l\u00edderes do\u00a0<a href=\"http:\/\/www.amtb.org.br\/cim-cuidado-integral-missionario\/\">Cuidado Integral do Mission\u00e1rio<\/a>\u00a0(CIM\/AMTB).<\/em><\/p><\/blockquote>\n","protected":false},"excerpt":{"rendered":"<p>Alguns livros marcam nossas vidas, e a ABU Editora \u00e9 respons\u00e1vel por obras que marcam a caminhada crist\u00e3 de muitos, principalmente daqueles que passaram a ter contato com o movimento evangel\u00edstico universit\u00e1rio na \u00e9poca de suas gradua\u00e7\u00f5es. Nos 43 anos da ABU Editora, algumas dessas pessoas contaram para n\u00f3s qual t\u00edtulo foi essencial para sua [&hellip;]<\/p>\n","protected":false},"author":19,"featured_media":0,"comment_status":"open","ping_status":"open","sticky":false,"template":"","format":"standard","meta":{"ngg_post_thumbnail":0,"footnotes":""},"categories":[5152],"tags":[30087,39579,136],"class_list":["post-6728","post","type-post","status-publish","format-standard","hentry","category-altas-indicacoes","tag-abu-editora","tag-indicacoes","tag-livros"],"_links":{"self":[{"href":"https:\/\/ultimato.com.br\/sites\/jovem\/wp-json\/wp\/v2\/posts\/6728","targetHints":{"allow":["GET"]}}],"collection":[{"href":"https:\/\/ultimato.com.br\/sites\/jovem\/wp-json\/wp\/v2\/posts"}],"about":[{"href":"https:\/\/ultimato.com.br\/sites\/jovem\/wp-json\/wp\/v2\/types\/post"}],"author":[{"embeddable":true,"href":"https:\/\/ultimato.com.br\/sites\/jovem\/wp-json\/wp\/v2\/users\/19"}],"replies":[{"embeddable":true,"href":"https:\/\/ultimato.com.br\/sites\/jovem\/wp-json\/wp\/v2\/comments?post=6728"}],"version-history":[{"count":8,"href":"https:\/\/ultimato.com.br\/sites\/jovem\/wp-json\/wp\/v2\/posts\/6728\/revisions"}],"predecessor-version":[{"id":6743,"href":"https:\/\/ultimato.com.br\/sites\/jovem\/wp-json\/wp\/v2\/posts\/6728\/revisions\/6743"}],"wp:attachment":[{"href":"https:\/\/ultimato.com.br\/sites\/jovem\/wp-json\/wp\/v2\/media?parent=6728"}],"wp:term":[{"taxonomy":"category","embeddable":true,"href":"https:\/\/ultimato.com.br\/sites\/jovem\/wp-json\/wp\/v2\/categories?post=6728"},{"taxonomy":"post_tag","embeddable":true,"href":"https:\/\/ultimato.com.br\/sites\/jovem\/wp-json\/wp\/v2\/tags?post=6728"}],"curies":[{"name":"wp","href":"https:\/\/api.w.org\/{rel}","templated":true}]}}