{"id":6672,"date":"2018-03-21T12:44:05","date_gmt":"2018-03-21T15:44:05","guid":{"rendered":"http:\/\/ultimato.com.br\/sites\/jovem\/?p=6672"},"modified":"2018-03-27T08:55:34","modified_gmt":"2018-03-27T11:55:34","slug":"deixe-as-mascaras-cairem","status":"publish","type":"post","link":"https:\/\/ultimato.com.br\/sites\/jovem\/2018\/03\/21\/deixe-as-mascaras-cairem\/","title":{"rendered":"Deixe as m\u00e1scaras ca\u00edrem"},"content":{"rendered":"<p><em>Por Renan Vin\u00edcius<\/em><\/p>\n<p>Caro leitor,<\/p>\n<p><img loading=\"lazy\" decoding=\"async\" class=\"alignright size-medium wp-image-6675\" src=\"http:\/\/ultimato.com.br\/sites\/jovem\/files\/Ult_Jovem_21_03_18_mascarasok-300x180.jpg\" alt=\"\" width=\"300\" height=\"180\" srcset=\"https:\/\/ultimato.com.br\/sites\/jovem\/files\/Ult_Jovem_21_03_18_mascarasok-300x180.jpg 300w, https:\/\/ultimato.com.br\/sites\/jovem\/files\/Ult_Jovem_21_03_18_mascarasok-768x461.jpg 768w, https:\/\/ultimato.com.br\/sites\/jovem\/files\/Ult_Jovem_21_03_18_mascarasok-732x439.jpg 732w, https:\/\/ultimato.com.br\/sites\/jovem\/files\/Ult_Jovem_21_03_18_mascarasok.jpg 1000w\" sizes=\"auto, (max-width: 300px) 100vw, 300px\" \/>Se voc\u00ea assiste \u00e0 s\u00e9rie <em>La Casa de Papel<\/em>, ao observar a foto acima certamente ir\u00e1 reconhecer a personagem T\u00f3kyo. Se voc\u00ea n\u00e3o assiste, provavelmente reconhecer\u00e1 que existe uma mulher na foto e algumas outras pessoas atr\u00e1s dela. Voc\u00ea conseguiria me dizer quem s\u00e3o essas outras pessoas? Ser\u00e1 que s\u00e3o homens ou mulheres? S\u00e3o jovens ou adultos?<\/p>\n<p>A n\u00e3o ser que voc\u00ea seja muito observador, provavelmente n\u00e3o ir\u00e1 conseguir identificar os demais integrantes. Eu, por exemplo, mesmo assistindo \u00e0 s\u00e9rie, sou incapaz de identificar quem s\u00e3o eles. Talvez voc\u00ea me considere o senhor do \u00f3bvio por dizer isso, mas a verdade \u00e9 que n\u00e3o conseguimos identificar as outras pessoas da foto simplesmente porque elas n\u00e3o est\u00e3o expostas. Elas est\u00e3o com m\u00e1scaras.<\/p>\n<p>Voc\u00ea j\u00e1 parou para pensar que n\u00f3s costumamos usar m\u00e1scaras o tempo todo nessa vida? Se ainda n\u00e3o, deixe-me te dar um exemplo: imagine uma pessoa que canta muito bem. Um conhecido, ao v\u00ea-la, diz: \u201cNossa, Fulaninho! Como voc\u00ea canta bem! Vi o v\u00eddeo que voc\u00ea postou ontem no Facebook. Eu curti demais!\u201d. Muito provavelmente, Fulaninho ir\u00e1 reagir mais ou menos assim: \u201cAh, que isso, obrigado! Mas eu estou s\u00f3 treinando, preciso melhorar e aprender muito ainda\u201d. Enquanto isso, internamente, ele pode estar pensando algo do tipo: \u201cRapaz, n\u00e3o \u00e9 que eu sou bom mesmo? Olha s\u00f3, ele curtiu meu som. Vou gravar mais!\u201d. De repente, se ele tiver uma autoestima bem elevada, pode at\u00e9 completar (mentalmente): \u201cEu \u00e9 que deveria fazer uns solos no grupo de louvor. O Beltraninho n\u00e3o consegue alcan\u00e7ar nem metade das notas que eu alcan\u00e7o\u201d.<!--more--><\/p>\n<p>Embora este exemplo possa n\u00e3o ser t\u00e3o chocante, voc\u00ea concorda que a pessoa do di\u00e1logo estava mostrando uma falsa humildade? No fundo, no fundo, ela sabia que era muito boa no que fazia, mas quando algu\u00e9m comentava sobre o assunto ela desconversava, dizia n\u00e3o ser t\u00e3o boa assim, embora internamente ela pensasse o contr\u00e1rio. A pessoa em quest\u00e3o estava, mesmo sem perceber, usando uma m\u00e1scara. N\u00e3o estava mostrando quem ela realmente era. Afinal, se respondesse o que estava realmente pensando, poderia ser considerada uma pessoa que \u201cse acha demais\u201d.<\/p>\n<p>Como eu disse acima, esse exemplo pode n\u00e3o parecer t\u00e3o chocante, mas imagine que nos comportamos assim em muitos aspectos da nossa vida. Provavelmente, ningu\u00e9m quer ser uma pessoa que as outras considerem como \u201corgulhosa\u201d, \u201carrogante\u201d, \u201cfofoqueira\u201d\u2026<\/p>\n<p>Com o medo de sermos julgados ou expostos, temos a tend\u00eancia de esconder nossas vulnerabilidades ao m\u00e1ximo. Queremos sempre mostrar o nosso melhor lado. Nos apresentamos aos outros de um jeito diferente, em um \u201ceu idealizado\u201d, que dificilmente representa quem de fato n\u00f3s realmente somos.<\/p>\n<p>O dilema desta abordagem \u00e9 que com ela n\u00f3s tratamos n\u00e3o a origem do problema\u200a\u2014\u200aque pode ser uma autoestima muito elevada, por exemplo. Desse jeito, tratamos apenas a apar\u00eancia. Maquiamos a realidade e fingimos que est\u00e1 tudo bem, como quem varre a sujeira para debaixo do tapete. Enquanto isso, o problema continua ali, intacto e escondidinho\u200a\u2014\u200acomo os demais personagens da foto, atr\u00e1s da T\u00f3kyo.<\/p>\n<p>Por outro lado, quando reconhecemos que somos falhos e precisamos trabalhar em alguma \u00e1rea da nossa vida (seja ela o orgulho, a ansiedade, a ira, ou qualquer outra), n\u00f3s tratamos a origem do problema e, aos poucos, vamos deixando as m\u00e1scaras ca\u00edrem. Ao final, n\u00e3o precisaremos mais delas. Pode parecer chocante, mas a partir da\u00ed seremos amados como a pessoa que realmente somos, n\u00e3o como a pessoa que mostramos ser.<\/p>\n<blockquote><p>\u201cFelizes as pessoas que sabem que s\u00e3o espiritualmente pobres, pois o Reino do C\u00e9u \u00e9 delas\u201d (Mateus 5:3 NTLH).<\/p><\/blockquote>\n<ul>\n<li><strong>Renan Vin\u00edcius, 23 anos<\/strong>. \u00c9 paulista de certid\u00e3o e goiano de cora\u00e7\u00e3o.\u00a0\u00c9 membro da Igreja Presbiteriana de Higien\u00f3polis, em S\u00e3o Paulo. Escreve em seu blog pessoal,\u00a0<a href=\"http:\/\/tudoaver.com.br\/blogs\/assim-eu-sou\/\">Assim eu sou<\/a>.<\/li>\n<\/ul>\n","protected":false},"excerpt":{"rendered":"<p>Por Renan Vin\u00edcius Caro leitor, Se voc\u00ea assiste \u00e0 s\u00e9rie La Casa de Papel, ao observar a foto acima certamente ir\u00e1 reconhecer a personagem T\u00f3kyo. Se voc\u00ea n\u00e3o assiste, provavelmente reconhecer\u00e1 que existe uma mulher na foto e algumas outras pessoas atr\u00e1s dela. Voc\u00ea conseguiria me dizer quem s\u00e3o essas outras pessoas? Ser\u00e1 que s\u00e3o [&hellip;]<\/p>\n","protected":false},"author":19,"featured_media":0,"comment_status":"open","ping_status":"open","sticky":false,"template":"","format":"standard","meta":{"ngg_post_thumbnail":0,"footnotes":""},"categories":[6054],"tags":[37945,37947,37946,31843],"class_list":["post-6672","post","type-post","status-publish","format-standard","hentry","category-textos","tag-la-casa-de-papel","tag-mascara","tag-mascaras","tag-renan-vinicius"],"_links":{"self":[{"href":"https:\/\/ultimato.com.br\/sites\/jovem\/wp-json\/wp\/v2\/posts\/6672","targetHints":{"allow":["GET"]}}],"collection":[{"href":"https:\/\/ultimato.com.br\/sites\/jovem\/wp-json\/wp\/v2\/posts"}],"about":[{"href":"https:\/\/ultimato.com.br\/sites\/jovem\/wp-json\/wp\/v2\/types\/post"}],"author":[{"embeddable":true,"href":"https:\/\/ultimato.com.br\/sites\/jovem\/wp-json\/wp\/v2\/users\/19"}],"replies":[{"embeddable":true,"href":"https:\/\/ultimato.com.br\/sites\/jovem\/wp-json\/wp\/v2\/comments?post=6672"}],"version-history":[{"count":4,"href":"https:\/\/ultimato.com.br\/sites\/jovem\/wp-json\/wp\/v2\/posts\/6672\/revisions"}],"predecessor-version":[{"id":6689,"href":"https:\/\/ultimato.com.br\/sites\/jovem\/wp-json\/wp\/v2\/posts\/6672\/revisions\/6689"}],"wp:attachment":[{"href":"https:\/\/ultimato.com.br\/sites\/jovem\/wp-json\/wp\/v2\/media?parent=6672"}],"wp:term":[{"taxonomy":"category","embeddable":true,"href":"https:\/\/ultimato.com.br\/sites\/jovem\/wp-json\/wp\/v2\/categories?post=6672"},{"taxonomy":"post_tag","embeddable":true,"href":"https:\/\/ultimato.com.br\/sites\/jovem\/wp-json\/wp\/v2\/tags?post=6672"}],"curies":[{"name":"wp","href":"https:\/\/api.w.org\/{rel}","templated":true}]}}