{"id":6667,"date":"2018-03-16T15:14:18","date_gmt":"2018-03-16T18:14:18","guid":{"rendered":"http:\/\/ultimato.com.br\/sites\/jovem\/?p=6667"},"modified":"2021-10-26T11:51:11","modified_gmt":"2021-10-26T14:51:11","slug":"casar-e-bom-e-a-gente-gosta","status":"publish","type":"post","link":"https:\/\/ultimato.com.br\/sites\/jovem\/2018\/03\/16\/casar-e-bom-e-a-gente-gosta\/","title":{"rendered":"Casar \u00e9 bom e a gente gosta"},"content":{"rendered":"<p><em>Por Gabriel Louback<\/em><\/p>\n<p><img loading=\"lazy\" decoding=\"async\" class=\"alignright size-medium wp-image-6668\" src=\"http:\/\/ultimato.com.br\/sites\/jovem\/files\/Ult_Jovem_16_03_18_casar-200x300.jpg\" alt=\"\" width=\"200\" height=\"300\" srcset=\"https:\/\/ultimato.com.br\/sites\/jovem\/files\/Ult_Jovem_16_03_18_casar-200x300.jpg 200w, https:\/\/ultimato.com.br\/sites\/jovem\/files\/Ult_Jovem_16_03_18_casar-768x1152.jpg 768w, https:\/\/ultimato.com.br\/sites\/jovem\/files\/Ult_Jovem_16_03_18_casar-683x1024.jpg 683w, https:\/\/ultimato.com.br\/sites\/jovem\/files\/Ult_Jovem_16_03_18_casar-732x1098.jpg 732w, https:\/\/ultimato.com.br\/sites\/jovem\/files\/Ult_Jovem_16_03_18_casar-1140x1710.jpg 1140w\" sizes=\"auto, (max-width: 200px) 100vw, 200px\" \/>O convite que a Apple enviou para a imprensa em 2011, chamando-a para o lan\u00e7amento do novo iPhone, era um primor.\u00a0<a href=\"https:\/\/cdn.macrumors.com\/article-new\/2011\/09\/iphone_oct4_event_invite1.jpg\" class=\"lightview\" data-lightview-group=\"group-6667\" data-lightview-options=\"skin: 'dark', controls: 'relative', padding: '10', shadow: { color: '#000000', opacity: 0.08, blur: 3 }\">Apenas uma imagem<\/a>\u00a0com quatro dos principais \u00edcones do celular mais desejado dos \u00faltimos anos: o app do iCalendar possu\u00eda o n\u00famero 4 (de outubro, data do lan\u00e7amento); o \u00edcone do rel\u00f3gio apontava 10h (hor\u00e1rio da coletiva); o s\u00edmbolo do GoogleMaps mostrava a localiza\u00e7\u00e3o da sede da Apple e o \u00edcone de notifica\u00e7\u00f5es do telefone, com o n\u00famero 1, indicava que havia algo novo ali. Mesmo com a sa\u00edda de Steve Jobs, a mensagem era de que a m\u00e1xima da empresa continuava sendo: \u201cSe \u00e9 pra fazer, que fa\u00e7a direito\u201d.<\/p>\n<p>Acredito nisso: se a gente for fazer algo, que seja bem feito. Que ao menos a gente tente. Casar (ou ficar casado) \u00e9 uma dessas coisas. Na maioria das vezes, vejo amigos que simplesmente ficaram cansados de ouvir a namorada dizer que n\u00e3o aguentava mais ser enrolada e \u201cN\u00e3o teve jeito, n\u00e9?\u201d. Meu velho, sempre tem.<\/p>\n<p>J\u00e1 li alguns artigos sobre n\u00e3o sabermos lidar direito com a p\u00f3s-modernidade. Tudo et\u00e9reo demais, sabe? E reconhe\u00e7o: \u00e9 cada vez mais dif\u00edcil manter-se em algo t\u00e3o concreto e long\u00ednquo quanto um casamento. Mas vou te dizer, \u00e9 bom, viu? E vale a pena. N\u00e3o d\u00e1 para afirmar categoricamente que \u00e9 para todos, mas acredito que muitos perdem a oportunidade de partilhar algo massa com algu\u00e9m por falta de maturidade ou pregui\u00e7a do \u201cSe for fazer, que seja bem feito\u201d.<\/p>\n<p>Outro dia, um amigo mais novo, que namora h\u00e1 uns quatro anos, me perguntou: \u201cCasar \u00e9 dif\u00edcil, n\u00e9?\u201d. N\u00e3o, meu amigo, pelo contr\u00e1rio: casar \u00e9 f\u00e1cil. Dif\u00edcil \u00e9 permanecer casado. Postei isso no Facebook e recebi coment\u00e1rios do tipo: \u201cN\u00e3o acho que ficar casado \u00e9 dif\u00edcil, \u00e9 muito gostoso!\u201d<\/p>\n<p>Claro que \u00e9 gostoso. \u00c9 incr\u00edvel. Eu, pelo menos, acho sensacional a ideia de compartilhar minha vida com algu\u00e9m. Algu\u00e9m que n\u00e3o tem a obriga\u00e7\u00e3o de me fazer feliz, nem o contr\u00e1rio, mas algu\u00e9m com quem quero partilhar minha felicidade e compartilhar de quem j\u00e1 sou. Ter algu\u00e9m que muitas vezes pensa diferente de voc\u00ea, te ajuda a crescer, a adquirir novas vis\u00f5es, perspectivas, novos sonhos. \u00c9 uma das experi\u00eancias mais sensacionais que tenho vivido nos \u00faltimos tempos. Mas \u00e9 dif\u00edcil, n\u00e3o vou te enganar.<!--more--><\/p>\n<p>\u00c9 um pouco como andar de skate. Tive um long e, vez ou outra, me arriscava em cal\u00e7ad\u00f5es, ruas pouco movimentadas, parques e ladeiras. A descida \u00e9 uma del\u00edcia que s\u00f3. Mas a gente cai: se rala, estraga o ombro, abre um rombo no joelho. E, mesmo quando tudo vai bem, ao final da descida \u00e9 preciso pegar o skate, coloc\u00e1-lo embaixo do bra\u00e7o e subir a ladeira novamente.<\/p>\n<p>Mas n\u00e3o queremos ralar o joelho. N\u00e3o queremos encarar a ladeira. Temos medo, inclusive, de desc\u00ea-la. E, assim, muitas vezes acabamos nos enroscando em outros relacionamentos, j\u00e1 que o nosso n\u00e3o \u00e9 uma eterna descida de skate. Disfar\u00e7amos essas passeadas por outras ciclovias (digamos assim), para que o nosso cal\u00e7ad\u00e3o, l\u00e1 em casa, continue achando que est\u00e1 tudo bem. Mas n\u00e3o est\u00e1. O acordo n\u00e3o era esse, mesmo que voc\u00ea n\u00e3o goste dele.<\/p>\n<p>Antes de casar, falta convic\u00e7\u00e3o. Depois, falta coragem, seja de manter-se nele ou de ser honesto. Seja de assumir que voc\u00ea gosta mais de bicicleta do que de skate, seja para dizer que voc\u00ea n\u00e3o quer escolher nenhum dos dois.<\/p>\n<p>Por\u00e9m, \u00e9 uma escolha, que n\u00e3o acontece s\u00f3 no dia do &#8220;Eu aceito&#8221;. \u00c9 uma escolha constante, sempre. E n\u00e3o d\u00e1 pra ter tudo. Escolher casar \u00e9 escolher abrir m\u00e3o de muitas outras coisas. Escolhi isso, e escolhi fazer bem feito. (Eu tento).<\/p>\n<ul>\n<li><strong>Gabriel Louback<\/strong> \u00e9 jornalista e storyteller, contando hist\u00f3rias por meio de textos ou roteiros de v\u00eddeo, trazendo esperan\u00e7a e apontando a presen\u00e7a do reino nos lugares mais inusitados e inesperados.<\/li>\n<\/ul>\n","protected":false},"excerpt":{"rendered":"<p>Por Gabriel Louback O convite que a Apple enviou para a imprensa em 2011, chamando-a para o lan\u00e7amento do novo iPhone, era um primor.\u00a0Apenas uma imagem\u00a0com quatro dos principais \u00edcones do celular mais desejado dos \u00faltimos anos: o app do iCalendar possu\u00eda o n\u00famero 4 (de outubro, data do lan\u00e7amento); o \u00edcone do rel\u00f3gio apontava [&hellip;]<\/p>\n","protected":false},"author":19,"featured_media":0,"comment_status":"open","ping_status":"open","sticky":false,"template":"","format":"standard","meta":{"ngg_post_thumbnail":0,"footnotes":""},"categories":[6054],"tags":[5206,197,37938],"class_list":["post-6667","post","type-post","status-publish","format-standard","hentry","category-textos","tag-amor","tag-casamento","tag-gabriel-louback"],"_links":{"self":[{"href":"https:\/\/ultimato.com.br\/sites\/jovem\/wp-json\/wp\/v2\/posts\/6667","targetHints":{"allow":["GET"]}}],"collection":[{"href":"https:\/\/ultimato.com.br\/sites\/jovem\/wp-json\/wp\/v2\/posts"}],"about":[{"href":"https:\/\/ultimato.com.br\/sites\/jovem\/wp-json\/wp\/v2\/types\/post"}],"author":[{"embeddable":true,"href":"https:\/\/ultimato.com.br\/sites\/jovem\/wp-json\/wp\/v2\/users\/19"}],"replies":[{"embeddable":true,"href":"https:\/\/ultimato.com.br\/sites\/jovem\/wp-json\/wp\/v2\/comments?post=6667"}],"version-history":[{"count":3,"href":"https:\/\/ultimato.com.br\/sites\/jovem\/wp-json\/wp\/v2\/posts\/6667\/revisions"}],"predecessor-version":[{"id":8808,"href":"https:\/\/ultimato.com.br\/sites\/jovem\/wp-json\/wp\/v2\/posts\/6667\/revisions\/8808"}],"wp:attachment":[{"href":"https:\/\/ultimato.com.br\/sites\/jovem\/wp-json\/wp\/v2\/media?parent=6667"}],"wp:term":[{"taxonomy":"category","embeddable":true,"href":"https:\/\/ultimato.com.br\/sites\/jovem\/wp-json\/wp\/v2\/categories?post=6667"},{"taxonomy":"post_tag","embeddable":true,"href":"https:\/\/ultimato.com.br\/sites\/jovem\/wp-json\/wp\/v2\/tags?post=6667"}],"curies":[{"name":"wp","href":"https:\/\/api.w.org\/{rel}","templated":true}]}}