{"id":6629,"date":"2018-02-23T13:21:22","date_gmt":"2018-02-23T16:21:22","guid":{"rendered":"http:\/\/ultimato.com.br\/sites\/jovem\/?p=6629"},"modified":"2021-10-26T11:51:19","modified_gmt":"2021-10-26T14:51:19","slug":"familia-ferreira-1986-familia-ferreira-2018","status":"publish","type":"post","link":"https:\/\/ultimato.com.br\/sites\/jovem\/2018\/02\/23\/familia-ferreira-1986-familia-ferreira-2018\/","title":{"rendered":"Fam\u00edlia Ferreira, 1986. Fam\u00edlia Ferreira, 2018."},"content":{"rendered":"<p><em><img loading=\"lazy\" decoding=\"async\" class=\"alignright size-medium wp-image-6630\" src=\"http:\/\/ultimato.com.br\/sites\/jovem\/files\/Ult_Jovem_23_02_18_cartas-300x200.jpg\" alt=\"\" width=\"300\" height=\"200\" srcset=\"https:\/\/ultimato.com.br\/sites\/jovem\/files\/Ult_Jovem_23_02_18_cartas-300x200.jpg 300w, https:\/\/ultimato.com.br\/sites\/jovem\/files\/Ult_Jovem_23_02_18_cartas-768x513.jpg 768w, https:\/\/ultimato.com.br\/sites\/jovem\/files\/Ult_Jovem_23_02_18_cartas-1024x684.jpg 1024w, https:\/\/ultimato.com.br\/sites\/jovem\/files\/Ult_Jovem_23_02_18_cartas-732x489.jpg 732w, https:\/\/ultimato.com.br\/sites\/jovem\/files\/Ult_Jovem_23_02_18_cartas.jpg 1050w\" sizes=\"auto, (max-width: 300px) 100vw, 300px\" \/>Por Gabriel Louback<\/em><\/p>\n<p><strong>Senegal, 1986<\/strong><\/p>\n<p>Caros amigos,<\/p>\n<p>Obrigado pela \u00faltima carta enviada. Temos orado pela sa\u00fade de nosso querido irm\u00e3o Andr\u00e9 e esperamos que ele tenha melhorado nesses \u00faltimos 3 meses, desde que recebemos a not\u00edcia de voc\u00eas.<\/p>\n<p>Nossos \u00faltimos meses aqui t\u00eam sido desafiadores, na tentativa de nos aproximarmos de nossos vizinhos e criar la\u00e7os de amizades, mas tamb\u00e9m muito frut\u00edferos. Na nossa \u00faltima carta, falamos de uma fam\u00edlia que hav\u00edamos conhecido. Ficamos felizes em poder compartilhar que j\u00e1 temos frequentado a casa deles, assim como eles t\u00eam vindo \u00e0 nossa. Come\u00e7amos o estudo cronol\u00f3gico da B\u00edblia, como hav\u00edamos dito que far\u00edamos, e j\u00e1 estamos quase terminando o Velho Testamento.<\/p>\n<p>Esperamos receber not\u00edcias de voc\u00eas em breve, e obrigado pelo apoio e suporte em nossa caminhada.<\/p>\n<p>Apesar dessas cartas ajudarem a encurtar a dist\u00e2ncia, a saudade \u00e9 grande.<\/p>\n<p>Um abra\u00e7o,<\/p>\n<p>Fam\u00edlia Ferreira.<\/p>\n<p>_____________________________________________<\/p>\n<p><strong>Eti\u00f3pia, 2018<\/strong><\/p>\n<p>&nbsp;<\/p>\n<p><strong>De<\/strong>: Fam\u00edlia Ferreira [mailto:fferreira@missoes.br]<br \/>\n<strong>Enviada em<\/strong>: ter\u00e7a-feira, 6 de fevereiro de 2018 08:00<br \/>\n<strong>Para<\/strong>: amigodafamilia@missoes.br<br \/>\n<strong>Assunto<\/strong>: \u00daltimas not\u00edcias<\/p>\n<p><!--more--><\/p>\n<p>&nbsp;<\/p>\n<p>Fala, meu querido!<\/p>\n<p>Tudo bem por a\u00ed?<\/p>\n<p>Obrigado pelo e-mail de ontem. Realmente foi um final de semana puxado com o minist\u00e9rio aqui, mas est\u00e1 sendo muito bom. E o seu, como foi?<\/p>\n<p>Que bom saber que a irm\u00e3 Marina est\u00e1 melhor! Foi um susto o que ela passou na semana passada, n\u00e9? Gra\u00e7as a Deus pelo apoio e ajuda de voc\u00eas.<\/p>\n<p>Ontem fizemos mais estudo b\u00edblico aqui em casa e tem sido muito bom. Lembra que na semana passada te falei de um rapaz que ach\u00e1vamos que poderia come\u00e7ar a dar os estudos com pessoas do pa\u00eds dele, mas de outras religi\u00f5es? Pois \u00e9, ontem ele demonstrou interesse nisso tamb\u00e9m e j\u00e1 conversamos que podemos nos pr\u00f3ximos dias come\u00e7ar a passar o material para ele. Ore por isso conosco! Na semana que vem te dou um update disso \ud83d\ude09<\/p>\n<p>E, por favor, n\u00e3o deixe de mandar not\u00edcias a\u00ed de voc\u00eas tamb\u00e9m.<\/p>\n<p>Apesar desses emails ajudarem a diminuir a dist\u00e2ncia, a saudade \u00e9 sempre grande.<\/p>\n<p>&nbsp;<\/p>\n<p>Um abra\u00e7\u00e3o!<\/p>\n<p>Seu amigo Ferreira<\/p>\n<p><em>WhatsApp +251 382 204 4633<\/em><\/p>\n<p><em>Facebook<\/em> <u>fb.com\/familiaferreira19<\/u><\/p>\n<ul>\n<li><strong>Gabriel Louback<\/strong> \u00e9 jornalista e storyteller, contando hist\u00f3rias por meio de textos ou roteiros de v\u00eddeo, trazendo esperan\u00e7a e apontando a presen\u00e7a do reino nos lugares mais inusitados e inesperados.<\/li>\n<\/ul>\n","protected":false},"excerpt":{"rendered":"<p>Por Gabriel Louback Senegal, 1986 Caros amigos, Obrigado pela \u00faltima carta enviada. Temos orado pela sa\u00fade de nosso querido irm\u00e3o Andr\u00e9 e esperamos que ele tenha melhorado nesses \u00faltimos 3 meses, desde que recebemos a not\u00edcia de voc\u00eas. Nossos \u00faltimos meses aqui t\u00eam sido desafiadores, na tentativa de nos aproximarmos de nossos vizinhos e criar [&hellip;]<\/p>\n","protected":false},"author":19,"featured_media":0,"comment_status":"open","ping_status":"open","sticky":false,"template":"","format":"standard","meta":{"ngg_post_thumbnail":0,"footnotes":""},"categories":[5312],"tags":[37938,80,8393],"class_list":["post-6629","post","type-post","status-publish","format-standard","hentry","category-campanha","tag-gabriel-louback","tag-missoes","tag-tecnologia"],"_links":{"self":[{"href":"https:\/\/ultimato.com.br\/sites\/jovem\/wp-json\/wp\/v2\/posts\/6629","targetHints":{"allow":["GET"]}}],"collection":[{"href":"https:\/\/ultimato.com.br\/sites\/jovem\/wp-json\/wp\/v2\/posts"}],"about":[{"href":"https:\/\/ultimato.com.br\/sites\/jovem\/wp-json\/wp\/v2\/types\/post"}],"author":[{"embeddable":true,"href":"https:\/\/ultimato.com.br\/sites\/jovem\/wp-json\/wp\/v2\/users\/19"}],"replies":[{"embeddable":true,"href":"https:\/\/ultimato.com.br\/sites\/jovem\/wp-json\/wp\/v2\/comments?post=6629"}],"version-history":[{"count":4,"href":"https:\/\/ultimato.com.br\/sites\/jovem\/wp-json\/wp\/v2\/posts\/6629\/revisions"}],"predecessor-version":[{"id":8809,"href":"https:\/\/ultimato.com.br\/sites\/jovem\/wp-json\/wp\/v2\/posts\/6629\/revisions\/8809"}],"wp:attachment":[{"href":"https:\/\/ultimato.com.br\/sites\/jovem\/wp-json\/wp\/v2\/media?parent=6629"}],"wp:term":[{"taxonomy":"category","embeddable":true,"href":"https:\/\/ultimato.com.br\/sites\/jovem\/wp-json\/wp\/v2\/categories?post=6629"},{"taxonomy":"post_tag","embeddable":true,"href":"https:\/\/ultimato.com.br\/sites\/jovem\/wp-json\/wp\/v2\/tags?post=6629"}],"curies":[{"name":"wp","href":"https:\/\/api.w.org\/{rel}","templated":true}]}}