{"id":655,"date":"2011-05-09T15:54:48","date_gmt":"2011-05-09T18:54:48","guid":{"rendered":"http:\/\/ultimato.com.br\/sites\/jovem\/?p=655"},"modified":"2011-05-09T15:57:46","modified_gmt":"2011-05-09T18:57:46","slug":"mais-um-pouco-sobre-casamento","status":"publish","type":"post","link":"https:\/\/ultimato.com.br\/sites\/jovem\/2011\/05\/09\/mais-um-pouco-sobre-casamento\/","title":{"rendered":"Mais um pouco sobre casamento"},"content":{"rendered":"<p><span style=\"color: #008080;\"><strong><a href=\"http:\/\/ultimato.com.br\/sites\/jovem\/files\/2011\/05\/carlinhos_claudia.jpg\" class=\"lightview\" data-lightview-group=\"group-655\" data-lightview-options=\"skin: 'dark', controls: 'relative', padding: '10', shadow: { color: '#000000', opacity: 0.08, blur: 3 }\" data-lightview-title=\"carlinhos_claudia\"><img loading=\"lazy\" decoding=\"async\" class=\"alignleft size-full wp-image-656\" title=\"carlinhos_claudia\" src=\"http:\/\/ultimato.com.br\/sites\/jovem\/files\/2011\/05\/carlinhos_claudia.jpg\" alt=\"\" width=\"256\" height=\"192\" srcset=\"https:\/\/ultimato.com.br\/sites\/jovem\/files\/2011\/05\/carlinhos_claudia.jpg 320w, https:\/\/ultimato.com.br\/sites\/jovem\/files\/2011\/05\/carlinhos_claudia-300x225.jpg 300w, https:\/\/ultimato.com.br\/sites\/jovem\/files\/2011\/05\/carlinhos_claudia-150x112.jpg 150w\" sizes=\"auto, (max-width: 256px) 100vw, 256px\" \/><\/a>Oi pessoal,<\/strong><\/span><\/p>\n<p><span style=\"color: #008080;\"><strong>Pra finalizar nossa &#8220;maratona&#8221; sobre casamento. Colocamos aqui, na \u00edntegra, o testemunho do Carlinhos Veiga sobre seu casamento com Cl\u00e1udia. Parte deste testemunho tamb\u00e9m est\u00e1 na se\u00e7\u00e3o Altos Papos da edi\u00e7\u00e3o 330 de Ultimato. L\u00e1 tamb\u00e9m tem o texto &#8220;Casamento e Juventude&#8221;.<\/strong><\/span><\/p>\n<p><span style=\"color: #008080;\"><strong>Deixe um coment\u00e1rio dizendo o que achou da hist\u00f3ria.<\/strong><\/span><\/p>\n<p><span style=\"color: #008080;\"><strong>Um abra\u00e7o!<\/strong><\/span><\/p>\n<p>&#8212;<\/p>\n<p><em>Eu  me casei com a Cl\u00e1udia em dezembro de 1986. Nesse final de ano  celebraremos nossas Bodas de Prata \u2013 25 anos de casados. Eu tinha 23  anos de idade; ela 24. A impress\u00e3o que tenho nessa altura da vida \u00e9 que  n\u00e3o poderia ter tomado uma decis\u00e3o melhor na vida do que escolh\u00ea-la como  minha esposa. Ela \u00e9 o meu grande amor e minha fundamental companheira e  amiga.<!--more--><br \/>\n<\/em><\/p>\n<p><em> <\/em><\/p>\n<p><em>Ficamos  noivos num acampamento da MPC Goi\u00e2nia. Eu era mission\u00e1rio em tempo  integral, o l\u00edder do trabalho em Goi\u00e2nia. A Cl\u00e1udia era uma volunt\u00e1ria  da miss\u00e3o. Particip\u00e1vamos juntos do Conjunto da MPC, que depois mudou  seu nome para Expresso Luz. A admira\u00e7\u00e3o m\u00fatua foi cultivada na  conviv\u00eancia do minist\u00e9rio, at\u00e9 que um dia come\u00e7amos o namoro. Com o  tempo de conv\u00edvio cresceu a certeza de que queria t\u00ea-la por esposa. Mas o  sal\u00e1rio da miss\u00e3o era muito pequeno para assumir o compromisso de um  casamento. Foi quando entendi que eu precisava realmente depender de  Deus e fazer o que me competia para que o casamento acontecesse. O texto  de Mateus 6.25-34 ficou bem vivo para mim quando tomei essa decis\u00e3o. \u00c9  claro que a minha ora\u00e7\u00e3o era que Deus abrisse as portas se a nossa  vontade fosse do Seu inteiro agrado e para a Sua gl\u00f3ria. <\/em><\/p>\n<p><em> <\/em><\/p>\n<p><em>O  primeiro e importante passo foi conversar com o seu Daniel, meu futuro  sogro: \u201cGostaria de me casar com a sua filha. O que o senhor acha  disso?\u201d. Eu orava intensamente para que Deus me respondesse pela boca  daquele homem crente, fiel e zeloso dos seus. Apesar de conhecer algumas  das minhas muitas limita\u00e7\u00f5es, ele me disse que isso o agradaria. Foi  uma festa enorme no meu \u00edntimo. Nos casamos alguns meses depois. Aos  poucos fomos \u201cedificando\u201d a nossa casa e adquirindo os m\u00f3veis. Por  incr\u00edvel que pare\u00e7a, nada nos faltou, apesar do pequeno sal\u00e1rio. Costumo  dizer a meus filhos que o casamento \u00e9 muito mais s\u00f3lido quando  constru\u00eddo a dois, at\u00e9 no sentido material. Cada m\u00f3vel e eletrodom\u00e9stico  que possu\u00edmos tem uma hist\u00f3ria por detr\u00e1s, repleta da gra\u00e7a de Deus e  da nossa caminhada parceira, como marido e mulher. Hoje s\u00f3 sei que j\u00e1  nem sei quem sou sem a Cl\u00e1udia. Ela \u00e9 parte de mim e eu parte dela. J\u00e1  n\u00e3o somos dois \u2013 somos uma s\u00f3 carne \u2013 e isso \u00e9 muito real.<\/em><\/p>\n<p><strong>Carlinhos Veiga<\/strong> \u00e9 casado com Cl\u00e1udia, tem tr\u00eas filhos, \u00e9 pastor e m\u00fasico.<\/p>\n<p>&lt;www.carlinhosveiga.com.br&gt;<\/p>\n","protected":false},"excerpt":{"rendered":"<p>Oi pessoal, Pra finalizar nossa &#8220;maratona&#8221; sobre casamento. Colocamos aqui, na \u00edntegra, o testemunho do Carlinhos Veiga sobre seu casamento com Cl\u00e1udia. Parte deste testemunho tamb\u00e9m est\u00e1 na se\u00e7\u00e3o Altos Papos da edi\u00e7\u00e3o 330 de Ultimato. L\u00e1 tamb\u00e9m tem o texto &#8220;Casamento e Juventude&#8221;. Deixe um coment\u00e1rio dizendo o que achou da hist\u00f3ria. Um abra\u00e7o! [&hellip;]<\/p>\n","protected":false},"author":19,"featured_media":0,"comment_status":"open","ping_status":"open","sticky":false,"template":"","format":"standard","meta":{"ngg_post_thumbnail":0,"footnotes":""},"categories":[5151],"tags":[],"class_list":["post-655","post","type-post","status-publish","format-standard","hentry","category-outros-papos"],"_links":{"self":[{"href":"https:\/\/ultimato.com.br\/sites\/jovem\/wp-json\/wp\/v2\/posts\/655","targetHints":{"allow":["GET"]}}],"collection":[{"href":"https:\/\/ultimato.com.br\/sites\/jovem\/wp-json\/wp\/v2\/posts"}],"about":[{"href":"https:\/\/ultimato.com.br\/sites\/jovem\/wp-json\/wp\/v2\/types\/post"}],"author":[{"embeddable":true,"href":"https:\/\/ultimato.com.br\/sites\/jovem\/wp-json\/wp\/v2\/users\/19"}],"replies":[{"embeddable":true,"href":"https:\/\/ultimato.com.br\/sites\/jovem\/wp-json\/wp\/v2\/comments?post=655"}],"version-history":[{"count":3,"href":"https:\/\/ultimato.com.br\/sites\/jovem\/wp-json\/wp\/v2\/posts\/655\/revisions"}],"predecessor-version":[{"id":658,"href":"https:\/\/ultimato.com.br\/sites\/jovem\/wp-json\/wp\/v2\/posts\/655\/revisions\/658"}],"wp:attachment":[{"href":"https:\/\/ultimato.com.br\/sites\/jovem\/wp-json\/wp\/v2\/media?parent=655"}],"wp:term":[{"taxonomy":"category","embeddable":true,"href":"https:\/\/ultimato.com.br\/sites\/jovem\/wp-json\/wp\/v2\/categories?post=655"},{"taxonomy":"post_tag","embeddable":true,"href":"https:\/\/ultimato.com.br\/sites\/jovem\/wp-json\/wp\/v2\/tags?post=655"}],"curies":[{"name":"wp","href":"https:\/\/api.w.org\/{rel}","templated":true}]}}