{"id":644,"date":"2011-05-04T14:40:51","date_gmt":"2011-05-04T17:40:51","guid":{"rendered":"http:\/\/ultimato.com.br\/sites\/jovem\/?p=644"},"modified":"2011-05-05T08:53:53","modified_gmt":"2011-05-05T11:53:53","slug":"aprendi-a-cozinhar-com-meu-marido","status":"publish","type":"post","link":"https:\/\/ultimato.com.br\/sites\/jovem\/2011\/05\/04\/aprendi-a-cozinhar-com-meu-marido\/","title":{"rendered":"Aprendi a cozinhar com meu marido"},"content":{"rendered":"<p><span style=\"color: #008080;\"><strong><a href=\"http:\/\/ultimato.com.br\/sites\/jovem\/files\/2011\/05\/Aline-e-daniel.jpg\" class=\"lightview\" data-lightview-group=\"group-644\" data-lightview-options=\"skin: 'dark', controls: 'relative', padding: '10', shadow: { color: '#000000', opacity: 0.08, blur: 3 }\" data-lightview-title=\"Aline e daniel\"><img loading=\"lazy\" decoding=\"async\" class=\"alignleft size-full wp-image-645\" title=\"Aline e daniel\" src=\"http:\/\/ultimato.com.br\/sites\/jovem\/files\/2011\/05\/Aline-e-daniel.jpg\" alt=\"\" width=\"320\" height=\"240\" srcset=\"https:\/\/ultimato.com.br\/sites\/jovem\/files\/2011\/05\/Aline-e-daniel.jpg 320w, https:\/\/ultimato.com.br\/sites\/jovem\/files\/2011\/05\/Aline-e-daniel-300x225.jpg 300w, https:\/\/ultimato.com.br\/sites\/jovem\/files\/2011\/05\/Aline-e-daniel-150x112.jpg 150w\" sizes=\"auto, (max-width: 320px) 100vw, 320px\" \/><\/a>T\u00e1 sabendo? \u00c9 &#8220;Tempo de Fam\u00edlia&#8221; na Ultimato. Pois \u00e9, isso quer dizer que voc\u00ea poder\u00e1 encontrar diversos textos, dicas, v\u00eddeos e outras coisas sobre o tema durante as pr\u00f3ximas semanas. <\/strong><\/span><\/p>\n<p><span style=\"color: #008080;\"><strong>Calma! N\u00e3o vamos publicar apenas coisas para seus pais ou sua av\u00f3. A id\u00e9ia \u00e9 falarmos sobre Fam\u00edlia para toda a fam\u00edlia.<\/strong><\/span><\/p>\n<p><span style=\"color: #008080;\"><strong>A prop\u00f3sito o tema da se\u00e7\u00e3o Altos Papos da <a href=\"http:\/\/www.ultimato.com.br\/revista\/\" target=\"_blank\">edi\u00e7\u00e3o 330<\/a> da revista Ultimato \u00e9 <a href=\"http:\/\/www.ultimato.com.br\/revista\/artigos\/330\/casamento-e-juventude\" target=\"_blank\">&#8220;Casamento e Juventude&#8221;<\/a>. E por isso trazemos hoje a hist\u00f3ria da Aline, uma garota que decidiu se casar bem cedo.<\/strong><\/span><\/p>\n<p><span style=\"color: #008080;\"><strong>E voc\u00ea? O que acha dessa hist\u00f3ria? Deixe seu coment\u00e1rio.<\/strong><\/span><\/p>\n<p>&#8212;<\/p>\n<p>&#8220;Penso que toda menina em suas brincadeiras de crian\u00e7a como de boneca e\u00a0 casinha, j\u00e1 imaginou como seria o grande dia do seu casamento. <!--more-->Chega a adolesc\u00eancia e os sentimentos ficam cada vez mais intensos do que simples imagina\u00e7\u00f5es. Estabelecemos (ou nossos pais estabelecem) a idade para come\u00e7ar um namoro. Geralmente, casamento s\u00f3 depois da conclus\u00e3o de uma faculdade, de um bom emprego e por a\u00ed vai.<\/p>\n<p>Como nem tudo sai como planejado&#8230; Depois de um namoro de mais ou menos 3 anos, casei aos 19 anos e Daniel aos 23, com muita convic\u00e7\u00e3o de que quer\u00edamos constituir uma fam\u00edlia e principalmente segundo a orienta\u00e7\u00e3o do Senhor. Embora ele fosse filho de pastor e eu, filha de pais separados, n\u00e3o tememos o futuro. O fato de sermos de uma denomina\u00e7\u00e3o na qual \u00e9 comum o casamento entre jovens, tamb\u00e9m n\u00e3o precipitou nossa decis\u00e3o. Durante o namoro, sempre convers\u00e1vamos sobre vida conjugal, respeito aos limites do outro, amor, sexo e comprometimento com Deus. T\u00ednhamos certeza de que o casamento seria reflexo do nosso comportamento no namoro e uma grande caminhada de aprendizagem e conquistas a dois.<\/p>\n<p>N\u00e3o \u00e9 f\u00e1cil a conviv\u00eancia de duas pessoas t\u00e3o jovens, h\u00e1 um grande choque de culturas, ra\u00edzes familiares distintas, diversidade de opini\u00f5es, vit\u00f3rias pessoais a conquistar, projetos profissionais, mudan\u00e7a de rotinas, entre outros. N\u00e3o tenho vergonha em admitir que aprendi a cozinhar com meu marido. Mas, h\u00e1 alguns segredos pra lidar com tudo isso: saber falar, ouvir, se colocar no lugar do outro, aprender com o outro, abrir m\u00e3o das pr\u00f3prias vontades de vez em quando.<\/p>\n<p>At\u00e9 aqui o Senhor tem nos ajudado. Muitos de nossos grandes e pequenos projetos t\u00eam sido realizados. No primeiro ano de casados, entramos numa rotina intensa de trabalhos e estudos, mas valeu a pena: com cinco anos de casados j\u00e1 temos casa pr\u00f3pria, conclu\u00edmos faculdade, somos bem empregados, nosso lema constante \u00e9 &#8220;plantar hoje para colhermos bons frutos amanh\u00e3&#8221;. Tamb\u00e9m somos bastante envolvidos com as atividades na igreja, trabalhamos com jovens e adolescentes.<\/p>\n<p>Estou certa de que cada dia que passa, nossa rela\u00e7\u00e3o est\u00e1 amadurecendo atrav\u00e9s do amor em Cristo Jesus e isto \u00e9 muito bom, portanto n\u00e3o me arrependo de ter casado t\u00e3o nova, sou muito feliz, gra\u00e7as a Deus.<\/p>\n<p><strong>Aline Melo<\/strong> tem 24 anos e \u00e9 casada com Daniel h\u00e1 5 anos.<\/p>\n<p>*Dica de leitura:<\/p>\n<ul>\n<li><a href=\"http:\/\/www.ultimato.com.br\/loja\/produtos\/como-se-livrar-de-um-mau-casamento\" target=\"_blank\">Como se livrar de um mau casamento<\/a><\/li>\n<li><a href=\"http:\/\/www.ultimato.com.br\/loja\/produtos\/casamento-e-familia\" target=\"_blank\">Casamento e Fam\u00edlia<\/a><\/li>\n<\/ul>\n","protected":false},"excerpt":{"rendered":"<p>T\u00e1 sabendo? \u00c9 &#8220;Tempo de Fam\u00edlia&#8221; na Ultimato. Pois \u00e9, isso quer dizer que voc\u00ea poder\u00e1 encontrar diversos textos, dicas, v\u00eddeos e outras coisas sobre o tema durante as pr\u00f3ximas semanas. Calma! N\u00e3o vamos publicar apenas coisas para seus pais ou sua av\u00f3. A id\u00e9ia \u00e9 falarmos sobre Fam\u00edlia para toda a fam\u00edlia. A prop\u00f3sito [&hellip;]<\/p>\n","protected":false},"author":19,"featured_media":0,"comment_status":"open","ping_status":"open","sticky":false,"template":"","format":"standard","meta":{"ngg_post_thumbnail":0,"footnotes":""},"categories":[5151],"tags":[],"class_list":["post-644","post","type-post","status-publish","format-standard","hentry","category-outros-papos"],"_links":{"self":[{"href":"https:\/\/ultimato.com.br\/sites\/jovem\/wp-json\/wp\/v2\/posts\/644","targetHints":{"allow":["GET"]}}],"collection":[{"href":"https:\/\/ultimato.com.br\/sites\/jovem\/wp-json\/wp\/v2\/posts"}],"about":[{"href":"https:\/\/ultimato.com.br\/sites\/jovem\/wp-json\/wp\/v2\/types\/post"}],"author":[{"embeddable":true,"href":"https:\/\/ultimato.com.br\/sites\/jovem\/wp-json\/wp\/v2\/users\/19"}],"replies":[{"embeddable":true,"href":"https:\/\/ultimato.com.br\/sites\/jovem\/wp-json\/wp\/v2\/comments?post=644"}],"version-history":[{"count":4,"href":"https:\/\/ultimato.com.br\/sites\/jovem\/wp-json\/wp\/v2\/posts\/644\/revisions"}],"predecessor-version":[{"id":647,"href":"https:\/\/ultimato.com.br\/sites\/jovem\/wp-json\/wp\/v2\/posts\/644\/revisions\/647"}],"wp:attachment":[{"href":"https:\/\/ultimato.com.br\/sites\/jovem\/wp-json\/wp\/v2\/media?parent=644"}],"wp:term":[{"taxonomy":"category","embeddable":true,"href":"https:\/\/ultimato.com.br\/sites\/jovem\/wp-json\/wp\/v2\/categories?post=644"},{"taxonomy":"post_tag","embeddable":true,"href":"https:\/\/ultimato.com.br\/sites\/jovem\/wp-json\/wp\/v2\/tags?post=644"}],"curies":[{"name":"wp","href":"https:\/\/api.w.org\/{rel}","templated":true}]}}