{"id":6365,"date":"2017-10-23T15:00:36","date_gmt":"2017-10-23T18:00:36","guid":{"rendered":"http:\/\/ultimato.com.br\/sites\/jovem\/?p=6365"},"modified":"2017-10-23T15:00:36","modified_gmt":"2017-10-23T18:00:36","slug":"e-necessario-que-voce-diminua","status":"publish","type":"post","link":"https:\/\/ultimato.com.br\/sites\/jovem\/2017\/10\/23\/e-necessario-que-voce-diminua\/","title":{"rendered":"\u00c9 necess\u00e1rio que voc\u00ea diminua"},"content":{"rendered":"<p><em><img loading=\"lazy\" decoding=\"async\" class=\"alignright size-medium wp-image-6366\" src=\"http:\/\/ultimato.com.br\/sites\/jovem\/files\/Ult_Jovem_23_10_17_diminua-300x200.jpg\" alt=\"\" width=\"300\" height=\"200\" srcset=\"https:\/\/ultimato.com.br\/sites\/jovem\/files\/Ult_Jovem_23_10_17_diminua-300x200.jpg 300w, https:\/\/ultimato.com.br\/sites\/jovem\/files\/Ult_Jovem_23_10_17_diminua-768x512.jpg 768w, https:\/\/ultimato.com.br\/sites\/jovem\/files\/Ult_Jovem_23_10_17_diminua-1024x683.jpg 1024w, https:\/\/ultimato.com.br\/sites\/jovem\/files\/Ult_Jovem_23_10_17_diminua-732x488.jpg 732w, https:\/\/ultimato.com.br\/sites\/jovem\/files\/Ult_Jovem_23_10_17_diminua-1140x760.jpg 1140w\" sizes=\"auto, (max-width: 300px) 100vw, 300px\" \/>Por Rafaela Senfft<\/em><\/p>\n<p>Durante a vida inteira procurei na prateleira do mercado de personalidades algu\u00e9m para ser. Assim fui me construindo, consumindo as <em>personas<\/em> que os c\u00edrculos nos quais eu estava inserida consideravam como as melhores. Isso foi um mal acumulado durante anos. Mas quando chega sua vez na fila da cura, Deus arranca tudo isso do seu interior, a fim de inserir a sua verdadeira identidade. Aquela que Ele planejou antes da funda\u00e7\u00e3o do mundo pra voc\u00ea, e da qual voc\u00ea fugiu a vida inteira, enchendo seu carrinho de bugigangas que n\u00e3o eram suas.<\/p>\n<p>O processo de implanta\u00e7\u00e3o da identidade de Deus em n\u00f3s \u00e9 doloroso, mas libertador. Quando come\u00e7a esse trabalho, Deus primeiro tira toda parafern\u00e1lia que fazia de voc\u00ea a pessoa que achava que era, e a sensa\u00e7\u00e3o \u00e9 a de que voc\u00ea se tornou algu\u00e9m que n\u00e3o tem mais vontade pr\u00f3pria, nem planos e certezas. Muitos \u00eddolos e a tal <em>persona<\/em> adquirida atrav\u00e9s dos modelos de um mundo ca\u00eddo v\u00e3o desaparecendo, e a sensa\u00e7\u00e3o inicial \u00e9 de perda.<\/p>\n<p>Mas a realidade \u00e9 justamente o contr\u00e1rio: Deus est\u00e1 nos preenchendo com o conte\u00fado dEle, com os planos que tem pra cada um, planejados de maneira t\u00e3o criativa e ilimitada, despadronizada. A gente descobre que essa identidade vinda dEle \u00e9 a melhor, \u00e9 a que se encaixa perfeitamente a cada pessoa, muito mais original do que tudo aquilo que voc\u00ea perseguiu ao longo da vida.<\/p>\n<p>Certa vez saiu na m\u00eddia um artigo sobre uma jovem cantora que aos 24 anos conquistou uma carreira promissora e muitas coisas materiais. A chamada da reportagem era: \u201cE voc\u00ea? O que conquistou aos 24 anos?\u201d. Isso indica o modelo almejado pela nossa sociedade ocidental contempor\u00e2nea. Mas povo de Deus n\u00e3o carrega esse fardo. N\u00e3o ligue se voc\u00ea tem 24, 25&#8230; 40 anos e n\u00e3o conquistou algumas coisas que o mundo vangloria como indicadores de sucesso.<!--more--><\/p>\n<p>Se aos 30 voc\u00ea ainda n\u00e3o se casou, n\u00e3o tem um ap\u00ea legal ou n\u00e3o tem a carreira dos sonhos, n\u00e3o se entriste\u00e7a; volte-se para Deus, para a busca dos sonhos dEle para sua vida. Deixe que venha dEle a sua voca\u00e7\u00e3o, t\u00e3o cuidadosamente planejada pra voc\u00ea, sonhada por um pai de amor, que sabe todas as coisas, que te criou para uma vontade perfeita e agrad\u00e1vel! Deixe que Ele coloque desejos genu\u00ednos em seu cora\u00e7\u00e3o. Largue toda identidade que voc\u00ea construiu baseada no sucesso desse mundo e deixe Deus revolucionar voc\u00ea.<\/p>\n<p>Pedro mantinha a tradi\u00e7\u00e3o familiar da pesca, mas largou os peixes e se tornou pescador de homens, pregando o evangelho. No final, ele foi feliz com sua nova identidade. N\u00e3o tente ser igual a ningu\u00e9m, Deus tem uma hist\u00f3ria unicamente sua e n\u00e3o h\u00e1 nada melhor que ser o que se foi feito pra ser. Deus n\u00e3o errou quando te fez.\u00a0 E n\u00f3s ainda temos uma vantagem: apesar de buscarmos uma vida que n\u00e3o \u00e9 a nossa, sempre temos a oportunidade de come\u00e7ar de novo, n\u00e3o importa o ponto em que n\u00f3s perdemos, ou se ainda n\u00e3o nos encontramos.<\/p>\n<p>Infelizmente, muitas identidades s\u00e3o destru\u00eddas dentro da igreja, nas padroniza\u00e7\u00f5es, nos achatamentos, nos pr\u00e9-conceitos, nos julgamentos pela apar\u00eancia e por a\u00ed vai. E, muitas vezes, quando estamos no centro da vontade de Deus, vamos ser incompreendidos por aqueles que o senso comum da cultura evang\u00e9lica, seguindo o mesmo caminho de mentes padronizadoras. Mas siga em frente!<\/p>\n<p>\u00c9 um processo, lento e lindo! Deus vem tirando a bagun\u00e7a que fizemos interiormente nessa tentativa de \u201csermos algu\u00e9m\u201d, de nos enturmar e agradar um determinando grupo de pessoas. Mas \u00e9 necess\u00e1rio que Ele cres\u00e7a e voc\u00ea diminua.<\/p>\n<ul>\n<li><strong>Rafaela Senfft\u00a0<\/strong>\u00e9 artista pl\u00e1stica formada pela Escola Guignard\/UEMG, onde \u00e9 professora de Hist\u00f3ria da Arte Ocidental no curso de extens\u00e3o. \u00c9 membro de CIVA (Christian in Visual Arts) e congrega na Caverna de Adul\u00e3o, em BH.<\/li>\n<\/ul>\n","protected":false},"excerpt":{"rendered":"<p>Por Rafaela Senfft Durante a vida inteira procurei na prateleira do mercado de personalidades algu\u00e9m para ser. Assim fui me construindo, consumindo as personas que os c\u00edrculos nos quais eu estava inserida consideravam como as melhores. Isso foi um mal acumulado durante anos. Mas quando chega sua vez na fila da cura, Deus arranca tudo [&hellip;]<\/p>\n","protected":false},"author":19,"featured_media":0,"comment_status":"open","ping_status":"open","sticky":false,"template":"","format":"standard","meta":{"ngg_post_thumbnail":0,"footnotes":""},"categories":[6054],"tags":[34052],"class_list":["post-6365","post","type-post","status-publish","format-standard","hentry","category-textos","tag-rafaela-senfft"],"_links":{"self":[{"href":"https:\/\/ultimato.com.br\/sites\/jovem\/wp-json\/wp\/v2\/posts\/6365","targetHints":{"allow":["GET"]}}],"collection":[{"href":"https:\/\/ultimato.com.br\/sites\/jovem\/wp-json\/wp\/v2\/posts"}],"about":[{"href":"https:\/\/ultimato.com.br\/sites\/jovem\/wp-json\/wp\/v2\/types\/post"}],"author":[{"embeddable":true,"href":"https:\/\/ultimato.com.br\/sites\/jovem\/wp-json\/wp\/v2\/users\/19"}],"replies":[{"embeddable":true,"href":"https:\/\/ultimato.com.br\/sites\/jovem\/wp-json\/wp\/v2\/comments?post=6365"}],"version-history":[{"count":2,"href":"https:\/\/ultimato.com.br\/sites\/jovem\/wp-json\/wp\/v2\/posts\/6365\/revisions"}],"predecessor-version":[{"id":6368,"href":"https:\/\/ultimato.com.br\/sites\/jovem\/wp-json\/wp\/v2\/posts\/6365\/revisions\/6368"}],"wp:attachment":[{"href":"https:\/\/ultimato.com.br\/sites\/jovem\/wp-json\/wp\/v2\/media?parent=6365"}],"wp:term":[{"taxonomy":"category","embeddable":true,"href":"https:\/\/ultimato.com.br\/sites\/jovem\/wp-json\/wp\/v2\/categories?post=6365"},{"taxonomy":"post_tag","embeddable":true,"href":"https:\/\/ultimato.com.br\/sites\/jovem\/wp-json\/wp\/v2\/tags?post=6365"}],"curies":[{"name":"wp","href":"https:\/\/api.w.org\/{rel}","templated":true}]}}