{"id":6355,"date":"2017-10-20T14:58:57","date_gmt":"2017-10-20T17:58:57","guid":{"rendered":"http:\/\/ultimato.com.br\/sites\/jovem\/?p=6355"},"modified":"2017-10-20T14:58:57","modified_gmt":"2017-10-20T17:58:57","slug":"a-reforma-protestante-em-5-pontos","status":"publish","type":"post","link":"https:\/\/ultimato.com.br\/sites\/jovem\/2017\/10\/20\/a-reforma-protestante-em-5-pontos\/","title":{"rendered":"A Reforma Protestante em 5 pontos"},"content":{"rendered":"<p>O lema da revolu\u00e7\u00e3o espiritual da Reforma Protestante continua vivo e pertinente: \u201cEcclesia reformata, semper reformanda est\u201d, em bom portugu\u00eas, \u201cIgreja reformada, sempre se reformando\u201d. Aqui vai um\u00a0guia para as 5 Solas, os princ\u00edpios que nortearam o movimento:<\/p>\n<p><img loading=\"lazy\" decoding=\"async\" class=\"alignleft size-thumbnail wp-image-6357\" src=\"http:\/\/ultimato.com.br\/sites\/jovem\/files\/escritura-150x150.jpg\" alt=\"\" width=\"150\" height=\"150\" \/><\/p>\n<p>&nbsp;<\/p>\n<p><strong>S\u00d3 A ESCRITURA: <\/strong><\/p>\n<blockquote><p>\u201cToda escritura \u00e9 inspirada por Deus e \u00fatil para o ensino, para a repreens\u00e3o, para a corre\u00e7\u00e3o, para a educa\u00e7\u00e3o na justi\u00e7a, a fim de que o homem de Deus seja perfeito e perfeitamente habilitado para toda boa obra\u201d (1Tm 3.16,17)<\/p><\/blockquote>\n<p>Durante a Idade M\u00e9dia a Igreja Crist\u00e3 perdeu de vista que o \u00fanico referencial autorizativo para quest\u00f5es de f\u00e9 e pr\u00e1tica \u00e9 a B\u00edblia Sagrada, tamb\u00e9m denominada de Escritura. A tradi\u00e7\u00e3o, a palavra do Papa, as decis\u00f5es dos Conc\u00edlios, a raz\u00e3o e os sentimentos se introduziram como \u201cconcorrentes\u201d. A Reforma do s\u00e9culo XVI resgatou o princ\u00edpio de que somente a Palavra de Deus pode decidir sobre o que deve ser crido e como a vida crist\u00e3 deve ser vivida. Diante do tribunal que exigia sua retrata\u00e7\u00e3o, Lutero disse: \u201cMinha consci\u00eancia est\u00e1 alicer\u00e7ada pela Palavra de Deus [&#8230;] Assim Deus me ajude. Am\u00e9m!\u201d<\/p>\n<p><img loading=\"lazy\" decoding=\"async\" class=\"alignleft size-thumbnail wp-image-6360\" src=\"http:\/\/ultimato.com.br\/sites\/jovem\/files\/gra\u00e7a-150x150.jpg\" alt=\"\" width=\"150\" height=\"150\" \/><\/p>\n<p>&nbsp;<\/p>\n<p><strong>S\u00d3 A GRA\u00c7A:<\/strong><\/p>\n<blockquote><p>\u201cPorque pela gra\u00e7a sois salvos, mediante a f\u00e9; e isto n\u00e3o vem de v\u00f3s; \u00e9 dom de Deus; n\u00e3o de obras, para que ningu\u00e9m se glorie\u201d (Ef 2.8,9)<\/p><\/blockquote>\n<p>\u201cGra\u00e7a \u00e9 o favor divino, imerecido, que elege, redime, regenera e preserva o pecador para promov\u00ea-lo ao c\u00e9u\u201d. Com o passar dos s\u00e9culos, a Igreja crist\u00e3 introduziu na sua compreens\u00e3o de salva\u00e7\u00e3o a ideia do m\u00e9rito, desviando-se do padr\u00e3o apost\u00f3lico original. Na teologia medieval, formulada por Tom\u00e1s de Aquino, a natureza humana passou a ser considerada potencialmente boa, rompendo-se radicalmente com o conceito b\u00edblico, tamb\u00e9m defendido por Agostinho, de que o homem nasce com o cora\u00e7\u00e3o corrompido. \u201cComo est\u00e1 escrito: N\u00e3o h\u00e1 justo, nem um sequer, n\u00e3o h\u00e1 quem entenda, n\u00e3o h\u00e1 quem busque a Deus; todos se extraviaram, \u00e0 uma se fizeram in\u00fateis; n\u00e3o h\u00e1 quem fa\u00e7a o bem, n\u00e3o h\u00e1 nem um sequer\u201d (Rm 3.10-13)<\/p>\n<p><img loading=\"lazy\" decoding=\"async\" class=\"alignleft size-thumbnail wp-image-6358\" src=\"http:\/\/ultimato.com.br\/sites\/jovem\/files\/f\u00e9-150x150.jpg\" alt=\"\" width=\"150\" height=\"150\" \/><\/p>\n<p>&nbsp;<\/p>\n<p><strong>S\u00d3 A F\u00c9:<\/strong><\/p>\n<blockquote><p>\u201c[&#8230;] visto que a justi\u00e7a de Deus se revela no evangelho, de f\u00e9 em f\u00e9, como est\u00e1 escrito: O justo viver\u00e1 por f\u00e9\u201d (Rm 1.17)<\/p><\/blockquote>\n<p>A justifica\u00e7\u00e3o somente pela f\u00e9 foi a grande redescoberta que proporcionou a convers\u00e3o de Martinho Lutero. Por muitos anos, desde que se tornara monge agostiniano, sua alma permanecia sem paz, uma vez que a doutrina oficial da Igreja dizia que a salva\u00e7\u00e3o era alcan\u00e7ada atrav\u00e9s das obras. A Reforma come\u00e7ou com a nega\u00e7\u00e3o radical dessa ideia antib\u00edblica, quando Lutero fixou suas 95 teses na porta da Igreja em Wittemberg como uma rea\u00e7\u00e3o \u00e0 infame venda de indulg\u00eancias &#8211; certificado emitido pelo Papa e vendido para quem desejasse ter seus pecados perdoados. \u201cO homem n\u00e3o \u00e9 justificado por obras da lei e sim mediante a f\u00e9 em Cristo Jesus\u201d (Gl 2.16). Esse foi o entendimento e o ensino claro dos ap\u00f3stolos sobre o \u00fanico meio atrav\u00e9s do qual o pecador pode ser salvo &#8211; mediante a f\u00e9!<\/p>\n<p><img loading=\"lazy\" decoding=\"async\" class=\"alignleft size-thumbnail wp-image-6356\" src=\"http:\/\/ultimato.com.br\/sites\/jovem\/files\/cristo-150x150.jpg\" alt=\"\" width=\"150\" height=\"150\" \/><\/p>\n<p>&nbsp;<\/p>\n<p><strong>S\u00d3 JESUS CRISTO:<\/strong><\/p>\n<blockquote><p>\u201cE n\u00e3o h\u00e1 salva\u00e7\u00e3o em nenhum outro; porque abaixo do c\u00e9u n\u00e3o existe nenhum outro nome, dado entre os homens, pelo qual importa que sejamos salvos\u201d (At 4.12)<\/p><\/blockquote>\n<p>O \u00fanico Mediador entre Deus e os homens \u00e9 Jesus Cristo. Esse foi o ensino apost\u00f3lico: \u201cPorquanto h\u00e1 um s\u00f3 Deus e um s\u00f3 mediador entre Deus e os homens, Cristo Jesus, homem\u201d (1Tm 2.5). Na era medieval, a Igreja se distanciou desse padr\u00e3o introduzindo os sacerdotes, os santos, a pr\u00f3pria Igreja e a Virgem Maria como mediadores concorrentes de Jesus Cristo. A Reforma enxergou com clareza esse desvio e o corrigiu, retornando ao padr\u00e3o apost\u00f3lico. Ningu\u00e9m pode usurpar o lugar exclusivo de Jesus Cristo na salva\u00e7\u00e3o dos homens &#8211; S\u00f3 Ele conseguiu viver sem pecar contra Lei de Deus e s\u00f3 Ele morreu como um inocente no lugar de pecadores culpados. Ele \u00e9 o \u201cCordeiro de Deus\u201d (Jo 1.36)<\/p>\n<p><img loading=\"lazy\" decoding=\"async\" class=\"alignleft size-thumbnail wp-image-6359\" src=\"http:\/\/ultimato.com.br\/sites\/jovem\/files\/gloria-150x150.jpg\" alt=\"\" width=\"150\" height=\"150\" \/><\/p>\n<p>&nbsp;<\/p>\n<p><strong>S\u00d3 A GL\u00d3RIA DE DEUS:<\/strong><\/p>\n<blockquote><p>\u201cPortanto, quer comais, quer bebais ou fa\u00e7ais outra cousa qualquer, fazei tudo para a gl\u00f3ria de Deus\u201d (1Co 10.31)<\/p><\/blockquote>\n<p>A mais exigente declara\u00e7\u00e3o dentre os cinco pontos cardeais da Reforma \u00e9 essa que estabelece toda gl\u00f3ria a Deus. A era medieval corrompeu aos poucos esse padr\u00e3o apost\u00f3lico, transformando a f\u00e9 crist\u00e3 numa religi\u00e3o centrada no homem e n\u00e3o em Deus. A doutrina exaltava o homem, o culto era antropoc\u00eantrico, a Igreja transformou-se numa ag\u00eancia pol\u00edtica e o sacerd\u00f3cio era mais profano do que sagrado. O espet\u00e1culo da idolatria reinante na cristandade medieval era a mais gritante evid\u00eancia de que o interesse pela gl\u00f3ria de Deus havia sido abandonado. A teologia de Jo\u00e3o Calvino enfatiza compreensivelmente a soberania divina pela simples raz\u00e3o de tributar toda gl\u00f3ria a Deus. O luterano J.S. Bach assinava todas as suas partituras com SDG, \u201cSoli Deo Gloria\u201d.<\/p>\n<h6>Texto retirado do folheto da Igreja Presbiteriana Cidade Nova em comemora\u00e7\u00e3o aos 500 anos da Reforma Protestante.<\/h6>\n","protected":false},"excerpt":{"rendered":"<p>O lema da revolu\u00e7\u00e3o espiritual da Reforma Protestante continua vivo e pertinente: \u201cEcclesia reformata, semper reformanda est\u201d, em bom portugu\u00eas, \u201cIgreja reformada, sempre se reformando\u201d. Aqui vai um\u00a0guia para as 5 Solas, os princ\u00edpios que nortearam o movimento: &nbsp; S\u00d3 A ESCRITURA: \u201cToda escritura \u00e9 inspirada por Deus e \u00fatil para o ensino, para a [&hellip;]<\/p>\n","protected":false},"author":19,"featured_media":0,"comment_status":"open","ping_status":"open","sticky":false,"template":"","format":"standard","meta":{"ngg_post_thumbnail":0,"footnotes":""},"categories":[6054],"tags":[32201,5935,27228],"class_list":["post-6355","post","type-post","status-publish","format-standard","hentry","category-textos","tag-500-anos","tag-reforma","tag-solas"],"_links":{"self":[{"href":"https:\/\/ultimato.com.br\/sites\/jovem\/wp-json\/wp\/v2\/posts\/6355","targetHints":{"allow":["GET"]}}],"collection":[{"href":"https:\/\/ultimato.com.br\/sites\/jovem\/wp-json\/wp\/v2\/posts"}],"about":[{"href":"https:\/\/ultimato.com.br\/sites\/jovem\/wp-json\/wp\/v2\/types\/post"}],"author":[{"embeddable":true,"href":"https:\/\/ultimato.com.br\/sites\/jovem\/wp-json\/wp\/v2\/users\/19"}],"replies":[{"embeddable":true,"href":"https:\/\/ultimato.com.br\/sites\/jovem\/wp-json\/wp\/v2\/comments?post=6355"}],"version-history":[{"count":3,"href":"https:\/\/ultimato.com.br\/sites\/jovem\/wp-json\/wp\/v2\/posts\/6355\/revisions"}],"predecessor-version":[{"id":6363,"href":"https:\/\/ultimato.com.br\/sites\/jovem\/wp-json\/wp\/v2\/posts\/6355\/revisions\/6363"}],"wp:attachment":[{"href":"https:\/\/ultimato.com.br\/sites\/jovem\/wp-json\/wp\/v2\/media?parent=6355"}],"wp:term":[{"taxonomy":"category","embeddable":true,"href":"https:\/\/ultimato.com.br\/sites\/jovem\/wp-json\/wp\/v2\/categories?post=6355"},{"taxonomy":"post_tag","embeddable":true,"href":"https:\/\/ultimato.com.br\/sites\/jovem\/wp-json\/wp\/v2\/tags?post=6355"}],"curies":[{"name":"wp","href":"https:\/\/api.w.org\/{rel}","templated":true}]}}