{"id":6316,"date":"2017-10-06T12:10:04","date_gmt":"2017-10-06T15:10:04","guid":{"rendered":"http:\/\/ultimato.com.br\/sites\/jovem\/?p=6316"},"modified":"2017-10-06T12:10:04","modified_gmt":"2017-10-06T15:10:04","slug":"a-arte-e-o-coracao-do-artista-e-quando-esse-coracao-nao-leva-a-esperanca","status":"publish","type":"post","link":"https:\/\/ultimato.com.br\/sites\/jovem\/2017\/10\/06\/a-arte-e-o-coracao-do-artista-e-quando-esse-coracao-nao-leva-a-esperanca\/","title":{"rendered":"A arte \u00e9 o cora\u00e7\u00e3o do artista. E quando esse cora\u00e7\u00e3o n\u00e3o leva a Esperan\u00e7a?"},"content":{"rendered":"<p><em>Por Rafaela Senfft<\/em><\/p>\n<p><img loading=\"lazy\" decoding=\"async\" class=\"alignright size-medium wp-image-6317\" src=\"http:\/\/ultimato.com.br\/sites\/jovem\/files\/Ult_Jovem_06_10_17_arte-300x181.jpg\" alt=\"\" width=\"300\" height=\"181\" srcset=\"https:\/\/ultimato.com.br\/sites\/jovem\/files\/Ult_Jovem_06_10_17_arte-300x181.jpg 300w, https:\/\/ultimato.com.br\/sites\/jovem\/files\/Ult_Jovem_06_10_17_arte.jpg 563w\" sizes=\"auto, (max-width: 300px) 100vw, 300px\" \/><\/p>\n<p>A arte tornou-se assunto privado, coisa reclusa \u00e0 vida pessoal. A este respeito, Walter Benjamin chegou a falar de uma perda da \u201caura\u201d das obras de arte. \u00c9 certo, portanto, como j\u00e1 observara Hegel, que a arte n\u00e3o desempenha entre n\u00f3s o papel central que desempenhava na vida coletiva, como era o caso com os antigos gregos.<\/p>\n<p>Ao inv\u00e9s de experi\u00eancia no sentido objetivo e coletivo, o que temos hoje s\u00e3o viv\u00eancias isoladas e fragmentadas da arte. Os homens solit\u00e1rios das grandes cidades s\u00e3o incapazes de compartilhar uma experi\u00eancia comum. Sim, estamos solit\u00e1rios: o artista est\u00e1 solit\u00e1rio e o espectador tamb\u00e9m. A comunica\u00e7\u00e3o entre ambos est\u00e1 se tornando desajustada.<\/p>\n<p>Os problemas da frustra\u00e7\u00e3o e desilus\u00e3o com a vida, vindas da proposta iniciada no Renascimento e depois retomada pelo Iluminismo, de que a ci\u00eancia e a tecnologia forneceriam recursos para uma vida mais justa, impactaram o final do s\u00e9culo 19, o que gerou uma arte ap\u00e1tica e sem esperan\u00e7a.<\/p>\n<p>Houve no campo das artes uma urg\u00eancia por ressignifica\u00e7\u00e3o, voltada a uma busca individual para as demandas da exist\u00eancia. Cada grupo ou artista foi buscar o elo perdido, e assim cada arte refletia uma busca individual.<\/p>\n<p>A arte \u00e9 e sempre ser\u00e1 a ilustra\u00e7\u00e3o do seu tempo. Se o tempo \u00e9 de paz, existe uma arte que corresponde a esse adjetivo. Se forem tempos de tens\u00e3o, haver\u00e1 uma arte com caracter\u00edsticas correspondentes a elementos tensos.<\/p>\n<p>O que um artista em meio a uma Alemanha p\u00f3s-guerra, desiludida e devastada existencialmente, teria para retratar? Ele pr\u00f3prio devia estar t\u00e3o devastado quanto seu meio. Se fosse um homem cheio de f\u00e9, poderia produzir uma arte que retratasse esperan\u00e7a; mas n\u00e3o podemos esperar isso de quem n\u00e3o tem essa convic\u00e7\u00e3o. A boca fala do que est\u00e1 cheio o cora\u00e7\u00e3o, e a arte \u00e9 o cora\u00e7\u00e3o do artista.<\/p>\n<p><!--more-->Acredito que precisamos ter um olhar maduro ao ver a contemporaneidade. Precisamos ser maduros para compreender tempos passados, a produ\u00e7\u00e3o e o desenvolvimento da arte naqueles momentos, e para compreender os v\u00ednculos aos quais determinada est\u00e9tica estava ligada. H\u00e1 sempre um clamor por tr\u00e1s da imagem.<\/p>\n<p><img loading=\"lazy\" decoding=\"async\" class=\"alignleft size-thumbnail wp-image-6254\" src=\"http:\/\/ultimato.com.br\/sites\/jovem\/files\/selo-encontroscomarte-150x150.jpg\" alt=\"\" width=\"150\" height=\"150\" \/>A arte desta \u00e9poca, como est\u00e1 sendo produzida, pode ser uma oportunidade para abrir nossos olhos para os problemas contempor\u00e2neos, para buscarmos lidar e responder a eles com responsabilidade, amor e sabedoria. Somos respons\u00e1veis pela reden\u00e7\u00e3o da cultura, que ser\u00e1 alcan\u00e7ada com ora\u00e7\u00e3o para que Deus prepare o terreno &#8211; os cora\u00e7\u00f5es -, para que possamos falar do Seu amor.<\/p>\n<ul>\n<li><strong>Rafaela Senfft\u00a0<\/strong>\u00e9 artista pl\u00e1stica formada pela Escola Guignard\/UEMG, onde \u00e9 professora de Hist\u00f3ria da Arte Ocidental no curso de extens\u00e3o. \u00c9 membro de CIVA (Christian in Visual Arts) e congrega na Caverna de Adul\u00e3o, em BH.<\/li>\n<\/ul>\n","protected":false},"excerpt":{"rendered":"<p>Por Rafaela Senfft A arte tornou-se assunto privado, coisa reclusa \u00e0 vida pessoal. A este respeito, Walter Benjamin chegou a falar de uma perda da \u201caura\u201d das obras de arte. \u00c9 certo, portanto, como j\u00e1 observara Hegel, que a arte n\u00e3o desempenha entre n\u00f3s o papel central que desempenhava na vida coletiva, como era o [&hellip;]<\/p>\n","protected":false},"author":19,"featured_media":0,"comment_status":"open","ping_status":"open","sticky":false,"template":"","format":"standard","meta":{"ngg_post_thumbnail":0,"footnotes":""},"categories":[5312],"tags":[33,36314,29832,34052],"class_list":["post-6316","post","type-post","status-publish","format-standard","hentry","category-campanha","tag-arte","tag-contemporanea","tag-coracao","tag-rafaela-senfft"],"_links":{"self":[{"href":"https:\/\/ultimato.com.br\/sites\/jovem\/wp-json\/wp\/v2\/posts\/6316","targetHints":{"allow":["GET"]}}],"collection":[{"href":"https:\/\/ultimato.com.br\/sites\/jovem\/wp-json\/wp\/v2\/posts"}],"about":[{"href":"https:\/\/ultimato.com.br\/sites\/jovem\/wp-json\/wp\/v2\/types\/post"}],"author":[{"embeddable":true,"href":"https:\/\/ultimato.com.br\/sites\/jovem\/wp-json\/wp\/v2\/users\/19"}],"replies":[{"embeddable":true,"href":"https:\/\/ultimato.com.br\/sites\/jovem\/wp-json\/wp\/v2\/comments?post=6316"}],"version-history":[{"count":4,"href":"https:\/\/ultimato.com.br\/sites\/jovem\/wp-json\/wp\/v2\/posts\/6316\/revisions"}],"predecessor-version":[{"id":6321,"href":"https:\/\/ultimato.com.br\/sites\/jovem\/wp-json\/wp\/v2\/posts\/6316\/revisions\/6321"}],"wp:attachment":[{"href":"https:\/\/ultimato.com.br\/sites\/jovem\/wp-json\/wp\/v2\/media?parent=6316"}],"wp:term":[{"taxonomy":"category","embeddable":true,"href":"https:\/\/ultimato.com.br\/sites\/jovem\/wp-json\/wp\/v2\/categories?post=6316"},{"taxonomy":"post_tag","embeddable":true,"href":"https:\/\/ultimato.com.br\/sites\/jovem\/wp-json\/wp\/v2\/tags?post=6316"}],"curies":[{"name":"wp","href":"https:\/\/api.w.org\/{rel}","templated":true}]}}