{"id":6271,"date":"2017-09-22T16:05:02","date_gmt":"2017-09-22T19:05:02","guid":{"rendered":"http:\/\/ultimato.com.br\/sites\/jovem\/?p=6271"},"modified":"2017-09-22T16:05:02","modified_gmt":"2017-09-22T19:05:02","slug":"flor-de-arte","status":"publish","type":"post","link":"https:\/\/ultimato.com.br\/sites\/jovem\/2017\/09\/22\/flor-de-arte\/","title":{"rendered":"Flor de arte"},"content":{"rendered":"<p><em><img loading=\"lazy\" decoding=\"async\" class=\"alignright size-medium wp-image-6272\" src=\"http:\/\/ultimato.com.br\/sites\/jovem\/files\/Ult_Jovem_22_09_17_flor-300x225.jpg\" alt=\"\" width=\"300\" height=\"225\" srcset=\"https:\/\/ultimato.com.br\/sites\/jovem\/files\/Ult_Jovem_22_09_17_flor-300x225.jpg 300w, https:\/\/ultimato.com.br\/sites\/jovem\/files\/Ult_Jovem_22_09_17_flor.jpg 404w\" sizes=\"auto, (max-width: 300px) 100vw, 300px\" \/>Por Daniel Theodoro<\/em><\/p>\n<p>O recente cancelamento da mostra Queermuseu, em Porto Alegre, motivado por protestos nas redes sociais, revela como pode ser dif\u00edcil pintar um quadro sobre a arte no Brasil em tempos atuais t\u00e3o monocrom\u00e1ticos. Anda tudo t\u00e3o preto no branco, t\u00e3o branco no preto, que nem parece que, na realidade, vivemos dilu\u00eddos em uma aquarela divina, um caldo de cores misturado na paleta do Artista.<\/p>\n<p>Contudo, caso n\u00e3o exista outra sa\u00edda para o debate art\u00edstico, sugiro que a gente abra uma exce\u00e7\u00e3o e eleve, provisoriamente, a Arte ao est\u00e1gio de quarta pessoa da trindade humana \u201cFutebol, Religi\u00e3o e Pol\u00edtica\u201d. Assim, antes mesmo de iniciar uma briga, conclui-se que n\u00e3o existe conclus\u00e3o.<\/p>\n<p>Confesso ao leitor que n\u00e3o vou discutir arte nestes poucos par\u00e1grafos que me s\u00e3o permitidos. Al\u00e9m de fugir de webdiscuss\u00f5es, ando muito ocupado apreciando a mais nova exposi\u00e7\u00e3o que Deus inaugurou aqui na sacada de casa. Uma orqu\u00eddea amarela floresceu! Nem mesmo o museu do Louvre em toda sua gl\u00f3ria pode se comparar ao ateli\u00ea divino que o Criador acaba de instalar aqui no meu balc\u00e3o.<\/p>\n<p>\u00c9 uma orqu\u00eddea chuva-de-ouro, dona de um amarelo quase indecente se observada de longe.\u00a0Parei para admir\u00e1-la. Pr\u00f3xima aos olhos, ela revela nas p\u00e9talas sutis pinceladas originalmente marrons, mas que se esparramam alcan\u00e7ando um leve tom de vermelho. Para contemplar melhor a obra de arte, tiro uma foto com o celular e expando o retrato com os dedos. Evidencia-se o sobressalente labelo, que para meu pobre repert\u00f3rio lembra muito um v\u00e9u de noiva ca\u00eddo sobre as p\u00e9talas da cauda vestido. H\u00e1 muitos outros detalhes imposs\u00edveis de descrever, poss\u00edveis apenas de sentir. Afinal, o que \u00e9 a arte sen\u00e3o a manifesta\u00e7\u00e3o reveladora das coisas?<!--more--><\/p>\n<p>Fecho os olhos\u00a0para absorver melhor e n\u00e3o deixar vazar o instante de profunda alegria.\u00a0Vem \u00e0 mente o pensamento de que a pequena orqu\u00eddea amarela instalada em minha sacada carrega no DNA a assinatura do Artista, um sujeito que tamb\u00e9m talha madeira, rege ondas, conta par\u00e1bolas e reescreve hist\u00f3rias com pinceladas de vermelho carmesim.<\/p>\n<p><img loading=\"lazy\" decoding=\"async\" class=\"alignleft size-thumbnail wp-image-6254\" src=\"http:\/\/ultimato.com.br\/sites\/jovem\/files\/selo-encontroscomarte-150x150.jpg\" alt=\"\" width=\"150\" height=\"150\" \/>De qualquer modo, a realidade \u00e9 que nem mesmo na sacada l\u00e1 de casa tudo s\u00e3o flores. O pr\u00f3ximo grande debate art\u00edstico ser\u00e1 travado ali mesmo. Ao lado da impressionista orqu\u00eddea amarela, d\u00e1 sinais de nova florada o l\u00edrio, esse surrealista soberbo que, no passado, deixou Salom\u00e3o no chinelo. Um duelo de pura arte que n\u00e3o irei perder por nada.<\/p>\n<ul>\n<li><strong>Daniel Theodoro<\/strong>, 33 anos. Crist\u00e3o \u201cem reforma\u201d e membro nascido na Igreja Presbiteriana Maranata de Santo Andr\u00e9 (SP). Casado com a Fernanda. Formado em Jornalismo e Letras.<\/li>\n<\/ul>\n","protected":false},"excerpt":{"rendered":"<p>Por Daniel Theodoro O recente cancelamento da mostra Queermuseu, em Porto Alegre, motivado por protestos nas redes sociais, revela como pode ser dif\u00edcil pintar um quadro sobre a arte no Brasil em tempos atuais t\u00e3o monocrom\u00e1ticos. Anda tudo t\u00e3o preto no branco, t\u00e3o branco no preto, que nem parece que, na realidade, vivemos dilu\u00eddos em [&hellip;]<\/p>\n","protected":false},"author":19,"featured_media":0,"comment_status":"open","ping_status":"open","sticky":false,"template":"","format":"standard","meta":{"ngg_post_thumbnail":0,"footnotes":""},"categories":[5312],"tags":[33,31854,36309],"class_list":["post-6271","post","type-post","status-publish","format-standard","hentry","category-campanha","tag-arte","tag-daniel-theodoro","tag-flor"],"_links":{"self":[{"href":"https:\/\/ultimato.com.br\/sites\/jovem\/wp-json\/wp\/v2\/posts\/6271","targetHints":{"allow":["GET"]}}],"collection":[{"href":"https:\/\/ultimato.com.br\/sites\/jovem\/wp-json\/wp\/v2\/posts"}],"about":[{"href":"https:\/\/ultimato.com.br\/sites\/jovem\/wp-json\/wp\/v2\/types\/post"}],"author":[{"embeddable":true,"href":"https:\/\/ultimato.com.br\/sites\/jovem\/wp-json\/wp\/v2\/users\/19"}],"replies":[{"embeddable":true,"href":"https:\/\/ultimato.com.br\/sites\/jovem\/wp-json\/wp\/v2\/comments?post=6271"}],"version-history":[{"count":2,"href":"https:\/\/ultimato.com.br\/sites\/jovem\/wp-json\/wp\/v2\/posts\/6271\/revisions"}],"predecessor-version":[{"id":6274,"href":"https:\/\/ultimato.com.br\/sites\/jovem\/wp-json\/wp\/v2\/posts\/6271\/revisions\/6274"}],"wp:attachment":[{"href":"https:\/\/ultimato.com.br\/sites\/jovem\/wp-json\/wp\/v2\/media?parent=6271"}],"wp:term":[{"taxonomy":"category","embeddable":true,"href":"https:\/\/ultimato.com.br\/sites\/jovem\/wp-json\/wp\/v2\/categories?post=6271"},{"taxonomy":"post_tag","embeddable":true,"href":"https:\/\/ultimato.com.br\/sites\/jovem\/wp-json\/wp\/v2\/tags?post=6271"}],"curies":[{"name":"wp","href":"https:\/\/api.w.org\/{rel}","templated":true}]}}