{"id":6177,"date":"2017-08-21T12:42:12","date_gmt":"2017-08-21T15:42:12","guid":{"rendered":"http:\/\/ultimato.com.br\/sites\/jovem\/?p=6177"},"modified":"2017-08-21T12:42:12","modified_gmt":"2017-08-21T15:42:12","slug":"uma-igreja-viva-investe-tempo-para-caminhar-junta","status":"publish","type":"post","link":"https:\/\/ultimato.com.br\/sites\/jovem\/2017\/08\/21\/uma-igreja-viva-investe-tempo-para-caminhar-junta\/","title":{"rendered":"Uma igreja viva investe tempo para caminhar junta"},"content":{"rendered":"<p><em><img loading=\"lazy\" decoding=\"async\" class=\"alignright size-medium wp-image-6178\" src=\"http:\/\/ultimato.com.br\/sites\/jovem\/files\/Ult_Jovem_21_08_17_caminha-300x200.jpeg\" alt=\"\" width=\"300\" height=\"200\" srcset=\"https:\/\/ultimato.com.br\/sites\/jovem\/files\/Ult_Jovem_21_08_17_caminha-300x200.jpeg 300w, https:\/\/ultimato.com.br\/sites\/jovem\/files\/Ult_Jovem_21_08_17_caminha.jpeg 640w\" sizes=\"auto, (max-width: 300px) 100vw, 300px\" \/>Por Renan Vin\u00edcius<\/em><\/p>\n<p>Quando falamos em igreja viva, \u00e9 grande a tend\u00eancia de nos lembrarmos daquela igreja em que os irm\u00e3os compartilhavam o que tinham livremente e com amor:<\/p>\n<p>&#8220;Da multid\u00e3o dos que creram, uma era a mente e um o cora\u00e7\u00e3o. Ningu\u00e9m considerava unicamente sua coisa alguma que possu\u00edsse, mas compartilhavam tudo o que tinham. N\u00e3o havia pessoas necessitadas entre eles, pois os que possu\u00edam terras ou casas as vendiam, traziam o dinheiro da venda e o colocavam aos p\u00e9s dos ap\u00f3stolos, que o distribu\u00edam segundo a necessidade de cada um&#8221; (Atos 4:32,34-35 NVI).<\/p>\n<p>Ao lermos este relato, usualmente pensamos no qu\u00e3o distante estamos de compartilharmos aquilo que \u00e9 nosso com o pr\u00f3ximo, com o nosso irm\u00e3o. \u00c9 um sentimento pelo qual at\u00e9 ansiamos, mas de que logo esquecemos quando pensamos nos pr\u00f3ximos boletos que teremos que pagar.<\/p>\n<p>Ao lermos esta passagem, costumamos refletir sobre o dinheiro, mas eu gostaria de abordar aqui um elemento valioso que costumamos n\u00e3o associar a esse contexto. Este elemento n\u00e3o s\u00f3 parece estar em escassez nos \u00faltimos tempos, como tamb\u00e9m n\u00e3o somos capazes de comprar com nosso dinheiro: o tempo.<\/p>\n<p>Quando converso com amigos e familiares, sempre surgem ideias de coisas que gostar\u00edamos de fazer, mas que n\u00e3o fazemos porque &#8220;nos falta tempo&#8221;.\u00a0Certa vez, refletindo sobre isso, escrevi que o tempo \u00e9 algo muito democr\u00e1tico: seja um \u00edndio no meio da floresta, seja um paulistano preso no engarrafamento na volta do trabalho, o dia de todos tem as mesmas 24 horas. Como gastamos esse tempo \u00e9, de certa forma, uma escolha e um reflexo do ambiente no qual vivemos.<\/p>\n<p>N\u00e3o pense que o objetivo deste texto \u00e9 criticar um ou outro estilo de vida.\u00a0O ponto aqui \u00e9 que, em meio aos estudos, ao trabalho e \u00e0s responsabilidades com as quais nos comprometemos, at\u00e9 mesmo na igreja local, deixamos de lado ou negligenciamos n\u00e3o apenas momentos de ora\u00e7\u00e3o e de leitura da palavra de Deus, mas tamb\u00e9m de caminhada com nossos irm\u00e3os.<!--more--><\/p>\n<p>Muitas vezes, em meio \u00e0s nossas atividades &#8211; boa parte delas voltadas a este mundo -, n\u00e3o temos tempo sequer para tomar um caf\u00e9 com aquele irm\u00e3o com quem servimos h\u00e1 anos em nossa igreja local para compartilharmos anseios e caminharmos juntos.<\/p>\n<p>N\u00e3o temos tempo para procurar aquela pessoa que h\u00e1 tempos n\u00e3o tem frequentado os cultos. N\u00e3o temos tempo para ouvir as necessidades daqueles que est\u00e3o ao nosso redor ou para visitar algu\u00e9m que est\u00e1 no hospital. Pior: at\u00e9 mesmo inconscientemente, temos a tend\u00eancia de terceirizarmos isso para o pastor, quando na realidade esse tamb\u00e9m \u00e9 nosso papel.<\/p>\n<p>Pare para refletir: como igreja (corpo de Cristo), voc\u00ea tem sido parte de uma s\u00f3 mente e um s\u00f3 cora\u00e7\u00e3o? Voc\u00ea tem dado import\u00e2ncia \u00e0s demais parte deste corpo? Quando estiver com lutas em sua caminhada, h\u00e1 algu\u00e9m de sua igreja local com quem voc\u00ea possa contar? Voc\u00ea tem sido algu\u00e9m com quem algu\u00e9m de sua igreja local pode caminhar?<\/p>\n<p><img loading=\"lazy\" decoding=\"async\" class=\"alignleft size-medium wp-image-6091\" src=\"http:\/\/ultimato.com.br\/sites\/jovem\/files\/2017\/07\/selo_igrejaviva-300x165.jpg\" alt=\"\" width=\"300\" height=\"165\" \/>Creio que um dos sinais de uma igreja viva \u00e9 uma igreja que caminha junto. Uma igreja viva se preocupa verdadeiramente com os irm\u00e3os e n\u00e3o s\u00f3 almeja o crescimento espiritual de seus pares, como tamb\u00e9m est\u00e1 disposta a fortalec\u00ea-los na caminhada quando os passos estiverem fracos. Uma igreja viva \u00e9 uma igreja que est\u00e1 unida, como um s\u00f3 corpo, e que n\u00e3o se limita \u00e0s paredes do templo durante os cultos de domingo. Uma igreja viva vai al\u00e9m, muito al\u00e9m.<\/p>\n<p>Que o Senhor, com sua imensa gra\u00e7a, nos aperfei\u00e7oe continuamente.<\/p>\n<ul>\n<li><strong>Renan Vin\u00edcius, 23 anos<\/strong>. \u00c9 paulista de certid\u00e3o e goiano de cora\u00e7\u00e3o.\u00a0\u00c9 membro da Igreja Presbiteriana de Higien\u00f3polis, em S\u00e3o Paulo. Escreve em seu blog pessoal, Assim eu sou. Escreve em seu blog pessoal,\u00a0<a href=\"http:\/\/tudoaver.com.br\/blogs\/assim-eu-sou\/\">Assim eu sou<\/a>.<\/li>\n<\/ul>\n","protected":false},"excerpt":{"rendered":"<p>Por Renan Vin\u00edcius Quando falamos em igreja viva, \u00e9 grande a tend\u00eancia de nos lembrarmos daquela igreja em que os irm\u00e3os compartilhavam o que tinham livremente e com amor: &#8220;Da multid\u00e3o dos que creram, uma era a mente e um o cora\u00e7\u00e3o. Ningu\u00e9m considerava unicamente sua coisa alguma que possu\u00edsse, mas compartilhavam tudo o que [&hellip;]<\/p>\n","protected":false},"author":19,"featured_media":0,"comment_status":"open","ping_status":"open","sticky":false,"template":"","format":"standard","meta":{"ngg_post_thumbnail":0,"footnotes":""},"categories":[5312],"tags":[34070,31843],"class_list":["post-6177","post","type-post","status-publish","format-standard","hentry","category-campanha","tag-igreja-viva","tag-renan-vinicius"],"_links":{"self":[{"href":"https:\/\/ultimato.com.br\/sites\/jovem\/wp-json\/wp\/v2\/posts\/6177","targetHints":{"allow":["GET"]}}],"collection":[{"href":"https:\/\/ultimato.com.br\/sites\/jovem\/wp-json\/wp\/v2\/posts"}],"about":[{"href":"https:\/\/ultimato.com.br\/sites\/jovem\/wp-json\/wp\/v2\/types\/post"}],"author":[{"embeddable":true,"href":"https:\/\/ultimato.com.br\/sites\/jovem\/wp-json\/wp\/v2\/users\/19"}],"replies":[{"embeddable":true,"href":"https:\/\/ultimato.com.br\/sites\/jovem\/wp-json\/wp\/v2\/comments?post=6177"}],"version-history":[{"count":2,"href":"https:\/\/ultimato.com.br\/sites\/jovem\/wp-json\/wp\/v2\/posts\/6177\/revisions"}],"predecessor-version":[{"id":6180,"href":"https:\/\/ultimato.com.br\/sites\/jovem\/wp-json\/wp\/v2\/posts\/6177\/revisions\/6180"}],"wp:attachment":[{"href":"https:\/\/ultimato.com.br\/sites\/jovem\/wp-json\/wp\/v2\/media?parent=6177"}],"wp:term":[{"taxonomy":"category","embeddable":true,"href":"https:\/\/ultimato.com.br\/sites\/jovem\/wp-json\/wp\/v2\/categories?post=6177"},{"taxonomy":"post_tag","embeddable":true,"href":"https:\/\/ultimato.com.br\/sites\/jovem\/wp-json\/wp\/v2\/tags?post=6177"}],"curies":[{"name":"wp","href":"https:\/\/api.w.org\/{rel}","templated":true}]}}