{"id":6172,"date":"2017-08-18T13:32:43","date_gmt":"2017-08-18T16:32:43","guid":{"rendered":"http:\/\/ultimato.com.br\/sites\/jovem\/?p=6172"},"modified":"2017-08-18T13:32:43","modified_gmt":"2017-08-18T16:32:43","slug":"cabeca-ombro-joelho-e-pe-um-corpo-saudavel-para-uma-sociedade-doente","status":"publish","type":"post","link":"https:\/\/ultimato.com.br\/sites\/jovem\/2017\/08\/18\/cabeca-ombro-joelho-e-pe-um-corpo-saudavel-para-uma-sociedade-doente\/","title":{"rendered":"Cabe\u00e7a, ombro, joelho e p\u00e9: um corpo saud\u00e1vel para uma sociedade doente"},"content":{"rendered":"<p><em><img loading=\"lazy\" decoding=\"async\" class=\"alignright size-medium wp-image-6173\" src=\"http:\/\/ultimato.com.br\/sites\/jovem\/files\/Ult_Jovem_18_08_17_cabeca-200x300.jpg\" alt=\"\" width=\"200\" height=\"300\" srcset=\"https:\/\/ultimato.com.br\/sites\/jovem\/files\/Ult_Jovem_18_08_17_cabeca-200x300.jpg 200w, https:\/\/ultimato.com.br\/sites\/jovem\/files\/Ult_Jovem_18_08_17_cabeca-768x1152.jpg 768w, https:\/\/ultimato.com.br\/sites\/jovem\/files\/Ult_Jovem_18_08_17_cabeca-683x1024.jpg 683w, https:\/\/ultimato.com.br\/sites\/jovem\/files\/Ult_Jovem_18_08_17_cabeca-732x1098.jpg 732w, https:\/\/ultimato.com.br\/sites\/jovem\/files\/Ult_Jovem_18_08_17_cabeca-1140x1710.jpg 1140w\" sizes=\"auto, (max-width: 200px) 100vw, 200px\" \/>Por <\/em><em>Jo\u00e3o Paulo de Assis<\/em><\/p>\n<p>\u00c9 triste observar a situa\u00e7\u00e3o pela qual nossa sociedade passa. Todos os dias vemos not\u00edcias sobre as mais variadas situa\u00e7\u00f5es, sejam elas na pol\u00edtica, economia ou na vida urbana, retratando o que todos que s\u00e3o crist\u00e3os sabem (ou deveriam saber): a necessidade que o ser humano tem de Deus.<\/p>\n<p>\u201cExiste um vazio no cora\u00e7\u00e3o do homem do tamanho de Deus\u201d \u00e9 uma frase bastante conhecida em nosso meio crist\u00e3o. O problema \u00e9 quando a ouvimos, mas ela n\u00e3o nos incomoda. O modo confort\u00e1vel como a maioria de n\u00f3s, que somos a igreja do Senhor, tem levado a vida crist\u00e3 deveria ser preocupante. Onde \u00e9 que est\u00e1 entrando a a\u00e7\u00e3o da igreja nessa hist\u00f3ria? N\u00f3s temos deixado de ser uma influ\u00eancia na sociedade e acabamos sendo influenciados por ela.<\/p>\n<p>\u00c9 fundamental ter uma igreja saud\u00e1vel se queremos ser relevantes no mundo em que vivemos. Paulo, na sua carta aos cor\u00edntios, faz uma analogia muito interessante da igreja sendo um corpo, sendo que n\u00f3s sendo membros desse corpo (1 Cor\u00edntios 12). Nesse sentido, podemos analisar quatro partes desse corpo que s\u00e3o vitais para a sa\u00fade da igreja atual, para consequentemente sermos sal e luz para nossa sociedade.<\/p>\n<p><strong>Cabe\u00e7a<\/strong><\/p>\n<p>Esse \u00e9 um membro fundamental para o corpo, porque \u00e9 nele que est\u00e1 o \u00f3rg\u00e3o que coordena as respostas para as mais variadas situa\u00e7\u00f5es. Mas em nossas igrejas, atualmente, podemos estar nos esquecendo de dar aten\u00e7\u00e3o a essa parte, nos esquecendo \u00a0principalmente de quem \u00e9 o cabe\u00e7a da igreja.<\/p>\n<p>A gan\u00e2ncia pelo poder e falta de humildade de muitos l\u00edderes em reconhecer seu lugar t\u00eam levado igrejas \u00e0 destrui\u00e7\u00e3o. Mas afinal, quem \u00e9 o cabe\u00e7a? Cristo! <u>\u00c9<\/u> Ele quem deve ser o l\u00edder das nossas igrejas! Vemos na B\u00edblia v\u00e1rias refer\u00eancias sobre isso (como em Ef\u00e9sios 1.22; 4.15; 5.23). Por mais que seja a presen\u00e7a de bons l\u00edderes nas nossas igrejas seja necess\u00e1ria, Cristo deve estar no centro, pois \u00e9 Ele quem tem autoridade sobre tudo e todos. Consequentemente, a palavra final deve vir dele.<!--more--><\/p>\n<p><strong>Ombros<\/strong><\/p>\n<p>A nossa igreja precisa aprender a sofrer. A carregar nos ombros o custo do discipulado e a sofrer por aquilo em que cr\u00ea. John Stott, em seu livro <a href=\"http:\/\/www.ultimato.com.br\/loja\/produtos\/a-igreja-autentica\">A igreja aut\u00eantica<\/a>, diz uma frase extremamente interessante e impactante: \u201cO sofrimento \u00e9 um teste de nossa autenticidade\u201d.<\/p>\n<p>Ser\u00e1 que temos entendido a import\u00e2ncia dessa parte do corpo nas nossas igrejas? Ou a temos negligenciado? Se n\u00e3o estamos prontos para isso, talvez n\u00f3s n\u00e3o tenhamos entendido algumas quest\u00f5es do evangelho. Cristo foi o servo sofredor (Isa\u00edas 53). Nesse mundo em que as pessoas n\u00e3o querem sofrer por nada, aprendermos a sofrer pela causa do evangelho \u00e9 o maior testemunho em que podemos dar.<\/p>\n<p><strong>Joelhos<\/strong><\/p>\n<p>Existe uma m\u00fasica crist\u00e3 antiga que diz em um de seus versos: \u201cEu creio no poder dos joelhos que se dobram; eu creio no poder da ora\u00e7\u00e3o\u201d. A ora\u00e7\u00e3o \u00e9 o que impulsiona a igreja, aquilo que d\u00e1 respaldo e poder para avan\u00e7armos nos nossos objetivos. \u00c9 incr\u00edvel como poucas igrejas t\u00eam sido reconhecidas por serem igrejas que <em>oram muito<\/em>. Se n\u00f3s somos uma igreja que n\u00e3o ora, somos uma igreja que n\u00e3o tem comunh\u00e3o com Deus.<\/p>\n<p><strong>P\u00e9s<\/strong><\/p>\n<p>N\u00e3o podemos nos esquecer da import\u00e2ncia do evangelismo em nossas igrejas. N\u00f3s fomos chamados pra fora, n\u00e3o para dentro. N\u00e3o podemos ser t\u00e3o ego\u00edstas a ponto de guardamos aquilo que nos trouxe vida apenas pra n\u00f3s mesmos, enquanto muitas pessoas l\u00e1 fora morrem. Precisamos ser uma igreja que cumpre o Ide, seja para o nosso vizinho, seja para a pessoa que est\u00e1 do outro lado do mundo. A B\u00edblia diz que os p\u00e9s daqueles que anunciam as boas novas s\u00e3o belos (Isa\u00edas 52.7). Como est\u00e3o os nossos p\u00e9s?<\/p>\n<p><img loading=\"lazy\" decoding=\"async\" class=\"alignleft size-medium wp-image-6091\" src=\"http:\/\/ultimato.com.br\/sites\/jovem\/files\/2017\/07\/selo_igrejaviva-300x165.jpg\" alt=\"\" width=\"300\" height=\"165\" \/>Se a sociedade est\u00e1 se corrompendo cada vez mais, a culpa tamb\u00e9m \u00e9 nossa. Como Stott mesmo diz, a sociedade est\u00e1 apenas seguindo seu curso natural. A quest\u00e3o \u00e9: onde est\u00e1 o sal? E onde est\u00e1 a luz? Somente sendo uma igreja com uma boa cabe\u00e7a, que tem ombros largos, joelhos calejados e belos p\u00e9s \u00e9 que poderemos influenciar a sociedade ao nosso redor. Avante!<\/p>\n<ul>\n<li><strong>Jo\u00e3o Paulo de Assis, 24 anos<\/strong>. \u00c9 estudante de Biomedicina e membro da Primeira Igreja Batista, Bela Vista de Goi\u00e1s\/GO. Participa do projeto Estufa Stott.<\/li>\n<\/ul>\n","protected":false},"excerpt":{"rendered":"<p>Por Jo\u00e3o Paulo de Assis \u00c9 triste observar a situa\u00e7\u00e3o pela qual nossa sociedade passa. Todos os dias vemos not\u00edcias sobre as mais variadas situa\u00e7\u00f5es, sejam elas na pol\u00edtica, economia ou na vida urbana, retratando o que todos que s\u00e3o crist\u00e3os sabem (ou deveriam saber): a necessidade que o ser humano tem de Deus. \u201cExiste [&hellip;]<\/p>\n","protected":false},"author":19,"featured_media":0,"comment_status":"open","ping_status":"open","sticky":false,"template":"","format":"standard","meta":{"ngg_post_thumbnail":0,"footnotes":""},"categories":[5312],"tags":[34071,34070],"class_list":["post-6172","post","type-post","status-publish","format-standard","hentry","category-campanha","tag-estufa-stott","tag-igreja-viva"],"_links":{"self":[{"href":"https:\/\/ultimato.com.br\/sites\/jovem\/wp-json\/wp\/v2\/posts\/6172","targetHints":{"allow":["GET"]}}],"collection":[{"href":"https:\/\/ultimato.com.br\/sites\/jovem\/wp-json\/wp\/v2\/posts"}],"about":[{"href":"https:\/\/ultimato.com.br\/sites\/jovem\/wp-json\/wp\/v2\/types\/post"}],"author":[{"embeddable":true,"href":"https:\/\/ultimato.com.br\/sites\/jovem\/wp-json\/wp\/v2\/users\/19"}],"replies":[{"embeddable":true,"href":"https:\/\/ultimato.com.br\/sites\/jovem\/wp-json\/wp\/v2\/comments?post=6172"}],"version-history":[{"count":3,"href":"https:\/\/ultimato.com.br\/sites\/jovem\/wp-json\/wp\/v2\/posts\/6172\/revisions"}],"predecessor-version":[{"id":6176,"href":"https:\/\/ultimato.com.br\/sites\/jovem\/wp-json\/wp\/v2\/posts\/6172\/revisions\/6176"}],"wp:attachment":[{"href":"https:\/\/ultimato.com.br\/sites\/jovem\/wp-json\/wp\/v2\/media?parent=6172"}],"wp:term":[{"taxonomy":"category","embeddable":true,"href":"https:\/\/ultimato.com.br\/sites\/jovem\/wp-json\/wp\/v2\/categories?post=6172"},{"taxonomy":"post_tag","embeddable":true,"href":"https:\/\/ultimato.com.br\/sites\/jovem\/wp-json\/wp\/v2\/tags?post=6172"}],"curies":[{"name":"wp","href":"https:\/\/api.w.org\/{rel}","templated":true}]}}