{"id":6141,"date":"2017-08-04T16:43:36","date_gmt":"2017-08-04T19:43:36","guid":{"rendered":"http:\/\/ultimato.com.br\/sites\/jovem\/?p=6141"},"modified":"2017-08-07T12:56:35","modified_gmt":"2017-08-07T15:56:35","slug":"altas-indicacoes-a-crianca-a-igreja-e-a-missao","status":"publish","type":"post","link":"https:\/\/ultimato.com.br\/sites\/jovem\/2017\/08\/04\/altas-indicacoes-a-crianca-a-igreja-e-a-missao\/","title":{"rendered":"Altas Indica\u00e7\u00f5es: A Crian\u00e7a, a Igreja e a Miss\u00e3o"},"content":{"rendered":"<p><em><img loading=\"lazy\" decoding=\"async\" class=\"alignright size-medium wp-image-6142\" src=\"http:\/\/ultimato.com.br\/sites\/jovem\/files\/2017\/08\/capa_crianca-232x300.jpg\" alt=\"\" width=\"232\" height=\"300\" srcset=\"https:\/\/ultimato.com.br\/sites\/jovem\/files\/2017\/08\/capa_crianca-232x300.jpg 232w, https:\/\/ultimato.com.br\/sites\/jovem\/files\/2017\/08\/capa_crianca-768x992.jpg 768w, https:\/\/ultimato.com.br\/sites\/jovem\/files\/2017\/08\/capa_crianca-793x1024.jpg 793w, https:\/\/ultimato.com.br\/sites\/jovem\/files\/2017\/08\/capa_crianca-732x946.jpg 732w, https:\/\/ultimato.com.br\/sites\/jovem\/files\/2017\/08\/capa_crianca-1140x1473.jpg 1140w, https:\/\/ultimato.com.br\/sites\/jovem\/files\/2017\/08\/capa_crianca.jpg 1772w\" sizes=\"auto, (max-width: 232px) 100vw, 232px\" \/>Por Ana Beatriz de Jesus<\/em><\/p>\n<p>Conheci \u201c<a href=\"http:\/\/www.ultimato.com.br\/loja\/produtos\/a-crianca-a-igreja-e-a-missao\">A Crian\u00e7a, a Igreja e a Miss\u00e3o<\/a>\u201d por uma divulga\u00e7\u00e3o nas redes sociais. Como trabalho com o minist\u00e9rio infantil, a tem\u00e1tica do livro me chamou bastante aten\u00e7\u00e3o e resolvi adquiri-lo. O livro traz muitas quest\u00f5es importantes pra quem trabalha com crian\u00e7as na igreja, e tamb\u00e9m para os pais na cria\u00e7\u00e3o delas.<\/p>\n<p>O livro aborda a crian\u00e7a na perspectiva b\u00edblica, com o que a B\u00edblia vai dizer sobre a crian\u00e7a, abordando a import\u00e2ncia de um trabalho com os pequenos de forma hol\u00edstica, num desenvolvimento integral.<\/p>\n<p>Na segunda parte, a obra aborda qual deve ser o papel da igreja, j\u00e1 que o cuidado com a crian\u00e7a \u00e9 uma responsabilidade da igreja local tamb\u00e9m. E na terceira parte do livro, o autor vai focar na crian\u00e7a na igreja. O trabalho que ela pode exercer na comunidade, seu desenvolvimento na f\u00e9, as caracter\u00edsticas de uma igreja que \u00e9 amiga da crian\u00e7a.<\/p>\n<p>Uma parte muito importante nessa parte \u00e9 sobre a quest\u00e3o da prote\u00e7\u00e3o da crian\u00e7a nos ambientes da igreja, tocando no assunto do abuso sexual, e como identific\u00e1-lo. Na quarta parte o foco \u00e9 a miss\u00e3o da igreja, e como envolver tamb\u00e9m a crian\u00e7a nessa miss\u00e3o. E por \u00faltimo, a quinta parte entra na quest\u00e3o dos direitos da crian\u00e7a, com o que a ONU diz sobre a defesa da crian\u00e7a.<\/p>\n<p><!--more-->Super indico e recomendo esse livro para quem est\u00e1 envolvido com algum minist\u00e9rio infantil, para l\u00edderes e pastores de igreja locais, e, n\u00e3o esquecendo, para os pr\u00f3prios pais.<\/p>\n<ul>\n<li><strong>Ana Beatriz de Jesus,\u00a026 anos. <\/strong>\u00c9 professora, membra da Assembleia de Deus em Guaratiba (RJ). Faz parte do Projeto Mara Mission\u00e1rio e tamb\u00e9m comp\u00f5e a equipe de mobiliza\u00e7\u00e3o do VOCARE e AMTB.<\/li>\n<\/ul>\n","protected":false},"excerpt":{"rendered":"<p>Por Ana Beatriz de Jesus Conheci \u201cA Crian\u00e7a, a Igreja e a Miss\u00e3o\u201d por uma divulga\u00e7\u00e3o nas redes sociais. Como trabalho com o minist\u00e9rio infantil, a tem\u00e1tica do livro me chamou bastante aten\u00e7\u00e3o e resolvi adquiri-lo. O livro traz muitas quest\u00f5es importantes pra quem trabalha com crian\u00e7as na igreja, e tamb\u00e9m para os pais na [&hellip;]<\/p>\n","protected":false},"author":19,"featured_media":0,"comment_status":"open","ping_status":"open","sticky":false,"template":"","format":"standard","meta":{"ngg_post_thumbnail":0,"footnotes":""},"categories":[5152],"tags":[61,38],"class_list":["post-6141","post","type-post","status-publish","format-standard","hentry","category-altas-indicacoes","tag-crianca","tag-igreja"],"_links":{"self":[{"href":"https:\/\/ultimato.com.br\/sites\/jovem\/wp-json\/wp\/v2\/posts\/6141","targetHints":{"allow":["GET"]}}],"collection":[{"href":"https:\/\/ultimato.com.br\/sites\/jovem\/wp-json\/wp\/v2\/posts"}],"about":[{"href":"https:\/\/ultimato.com.br\/sites\/jovem\/wp-json\/wp\/v2\/types\/post"}],"author":[{"embeddable":true,"href":"https:\/\/ultimato.com.br\/sites\/jovem\/wp-json\/wp\/v2\/users\/19"}],"replies":[{"embeddable":true,"href":"https:\/\/ultimato.com.br\/sites\/jovem\/wp-json\/wp\/v2\/comments?post=6141"}],"version-history":[{"count":3,"href":"https:\/\/ultimato.com.br\/sites\/jovem\/wp-json\/wp\/v2\/posts\/6141\/revisions"}],"predecessor-version":[{"id":6151,"href":"https:\/\/ultimato.com.br\/sites\/jovem\/wp-json\/wp\/v2\/posts\/6141\/revisions\/6151"}],"wp:attachment":[{"href":"https:\/\/ultimato.com.br\/sites\/jovem\/wp-json\/wp\/v2\/media?parent=6141"}],"wp:term":[{"taxonomy":"category","embeddable":true,"href":"https:\/\/ultimato.com.br\/sites\/jovem\/wp-json\/wp\/v2\/categories?post=6141"},{"taxonomy":"post_tag","embeddable":true,"href":"https:\/\/ultimato.com.br\/sites\/jovem\/wp-json\/wp\/v2\/tags?post=6141"}],"curies":[{"name":"wp","href":"https:\/\/api.w.org\/{rel}","templated":true}]}}