{"id":6136,"date":"2017-08-02T16:11:38","date_gmt":"2017-08-02T19:11:38","guid":{"rendered":"http:\/\/ultimato.com.br\/sites\/jovem\/?p=6136"},"modified":"2017-08-02T16:11:38","modified_gmt":"2017-08-02T19:11:38","slug":"igreja-viva","status":"publish","type":"post","link":"https:\/\/ultimato.com.br\/sites\/jovem\/2017\/08\/02\/igreja-viva\/","title":{"rendered":"Igreja Viva"},"content":{"rendered":"<p><em>Por Joyce Hencklein<\/em><\/p>\n<p><img loading=\"lazy\" decoding=\"async\" class=\"aligncenter wp-image-6137 size-medium\" src=\"http:\/\/ultimato.com.br\/sites\/jovem\/files\/2017\/08\/Ult_Jovem_02_08_17_igreja-300x200.jpg\" alt=\"\" width=\"300\" height=\"200\" srcset=\"https:\/\/ultimato.com.br\/sites\/jovem\/files\/2017\/08\/Ult_Jovem_02_08_17_igreja-300x200.jpg 300w, https:\/\/ultimato.com.br\/sites\/jovem\/files\/2017\/08\/Ult_Jovem_02_08_17_igreja.jpg 600w\" sizes=\"auto, (max-width: 300px) 100vw, 300px\" \/><\/p>\n<p>&nbsp;<\/p>\n<p>Igreja viva \u00e9 o que queremos ter,<br \/>\nMas antes devemos primeiro ser<br \/>\nSer crist\u00e3os com os olhos de Jesus<br \/>\nSem esquecer da sombra da rude cruz<\/p>\n<p>Igreja viva que seja b\u00edblica<br \/>\nEnsinando, pregando e vivendo Jesus<br \/>\nTendo seus valores como estilo de vida<br \/>\nE na terra sendo sal e luz<\/p>\n<p>Igreja viva que canta e adora,<br \/>\nQue prostrada incessantemente ora<br \/>\nBuscando a Deus e sua justi\u00e7a<br \/>\nCom ousadia sem ser omissa<\/p>\n<p>Igreja viva que acolha com amor<br \/>\nAbra\u00e7ando doentes e necessitados com fervor<br \/>\nDemonstrando carinho e cuidado com o pr\u00f3ximo<br \/>\nAjudando-os com seus prop\u00f3sitos<\/p>\n<p>Igreja viva que sirva fazendo o bem<br \/>\nFazendo o bem sem ver a quem<br \/>\nEstendendo a m\u00e3o aos carentes<br \/>\nOrando para que eles sejam crentes<\/p>\n<p><img loading=\"lazy\" decoding=\"async\" class=\"alignright wp-image-6091 size-medium\" src=\"http:\/\/ultimato.com.br\/sites\/jovem\/files\/2017\/07\/selo_igrejaviva-300x165.jpg\" alt=\"\" width=\"300\" height=\"165\" \/>Igreja viva que espera em Deus<br \/>\nVivendo sobre a gra\u00e7a que Ele nos deu<br \/>\nAguardando sua gloriosa vinda<br \/>\nEstando prontos e restaurados pra subida.<\/p>\n<p>&nbsp;<\/p>\n<ul>\n<li><strong>Joyce Hencklein<\/strong>, 23 anos. \u00c9 formada em Gest\u00e3o Empresarial, faz parte da Igreja Presbiteriana de Leme (SP), e \u00e9 amante da leitura e escrita.<\/li>\n<\/ul>\n","protected":false},"excerpt":{"rendered":"<p>Por Joyce Hencklein &nbsp; Igreja viva \u00e9 o que queremos ter, Mas antes devemos primeiro ser Ser crist\u00e3os com os olhos de Jesus Sem esquecer da sombra da rude cruz Igreja viva que seja b\u00edblica Ensinando, pregando e vivendo Jesus Tendo seus valores como estilo de vida E na terra sendo sal e luz Igreja [&hellip;]<\/p>\n","protected":false},"author":19,"featured_media":0,"comment_status":"open","ping_status":"open","sticky":false,"template":"","format":"standard","meta":{"ngg_post_thumbnail":0,"footnotes":""},"categories":[5312],"tags":[38,34070,160],"class_list":["post-6136","post","type-post","status-publish","format-standard","hentry","category-campanha","tag-igreja","tag-igreja-viva","tag-poesia"],"_links":{"self":[{"href":"https:\/\/ultimato.com.br\/sites\/jovem\/wp-json\/wp\/v2\/posts\/6136","targetHints":{"allow":["GET"]}}],"collection":[{"href":"https:\/\/ultimato.com.br\/sites\/jovem\/wp-json\/wp\/v2\/posts"}],"about":[{"href":"https:\/\/ultimato.com.br\/sites\/jovem\/wp-json\/wp\/v2\/types\/post"}],"author":[{"embeddable":true,"href":"https:\/\/ultimato.com.br\/sites\/jovem\/wp-json\/wp\/v2\/users\/19"}],"replies":[{"embeddable":true,"href":"https:\/\/ultimato.com.br\/sites\/jovem\/wp-json\/wp\/v2\/comments?post=6136"}],"version-history":[{"count":2,"href":"https:\/\/ultimato.com.br\/sites\/jovem\/wp-json\/wp\/v2\/posts\/6136\/revisions"}],"predecessor-version":[{"id":6139,"href":"https:\/\/ultimato.com.br\/sites\/jovem\/wp-json\/wp\/v2\/posts\/6136\/revisions\/6139"}],"wp:attachment":[{"href":"https:\/\/ultimato.com.br\/sites\/jovem\/wp-json\/wp\/v2\/media?parent=6136"}],"wp:term":[{"taxonomy":"category","embeddable":true,"href":"https:\/\/ultimato.com.br\/sites\/jovem\/wp-json\/wp\/v2\/categories?post=6136"},{"taxonomy":"post_tag","embeddable":true,"href":"https:\/\/ultimato.com.br\/sites\/jovem\/wp-json\/wp\/v2\/tags?post=6136"}],"curies":[{"name":"wp","href":"https:\/\/api.w.org\/{rel}","templated":true}]}}