{"id":6105,"date":"2017-07-19T10:01:39","date_gmt":"2017-07-19T13:01:39","guid":{"rendered":"http:\/\/ultimato.com.br\/sites\/jovem\/?p=6105"},"modified":"2017-07-19T10:01:39","modified_gmt":"2017-07-19T13:01:39","slug":"tudo-e-serio-na-vida","status":"publish","type":"post","link":"https:\/\/ultimato.com.br\/sites\/jovem\/2017\/07\/19\/tudo-e-serio-na-vida\/","title":{"rendered":"Tudo \u00e9 s\u00e9rio na vida"},"content":{"rendered":"<p><em><img loading=\"lazy\" decoding=\"async\" class=\"alignright size-medium wp-image-6106\" src=\"http:\/\/ultimato.com.br\/sites\/jovem\/files\/2017\/07\/Ult_Jovem_19_07_17_espiritualidade-220x300.jpg\" alt=\"\" width=\"220\" height=\"300\" srcset=\"https:\/\/ultimato.com.br\/sites\/jovem\/files\/2017\/07\/Ult_Jovem_19_07_17_espiritualidade-220x300.jpg 220w, https:\/\/ultimato.com.br\/sites\/jovem\/files\/2017\/07\/Ult_Jovem_19_07_17_espiritualidade.jpg 564w\" sizes=\"auto, (max-width: 220px) 100vw, 220px\" \/>Por\u00a0Carolina Selles<\/em><\/p>\n<p>Estou aprendendo a viver uma\u00a0espiritualidade integral\u00a0\u2013 tentando n\u00e3o mais separar o\u00a0<em>espiritual<\/em>\u00a0do\u00a0<em>ordin\u00e1rio<\/em>. Racionalmente eu sei que essa separa\u00e7\u00e3o entre o\u00a0<em>sagrado<\/em>\u00a0e o\u00a0<em>profano\u00a0<\/em>n\u00e3o existe e para algumas \u00e1reas da vida fica f\u00e1cil identificar essa dicotomia e viver integralmente essa verdade. Mas para outras \u00e1reas da minha vida j\u00e1 n\u00e3o posso dizer o mesmo\u2026 Vira e mexe me pego caindo na cilada em fatiar a minha vida de um jeito que acabo diminuindo esse Deus que \u00e9 t\u00e3o gigante \u2013 achando que Ele n\u00e3o se importa, ou pior, que Ele n\u00e3o pode resolver um \u201cproblema\u201d que aos meus olhos parece imposs\u00edvel de ser resolvido.<\/p>\n<p>N\u00e3o sei quando come\u00e7amos a achar que Deus n\u00e3o ouve ou n\u00e3o se importa com as coisas simples, triviais e corriqueiras de nossas vidas. Ou a achar que determinadas fun\u00e7\u00f5es s\u00e3o mais espirituais do que outras. Se tudo procede dEle, foi criado e permitido por Ele, como algo poderia ser considerado menos importante por Ele mesmo?<\/p>\n<p>No livro &#8220;Aventuras na Ora\u00e7\u00e3o&#8221;, de\u00a0Catherine Marshall\u00a0(a Luciana j\u00e1 falou sobre esse livro neste\u00a0<em><a href=\"https:\/\/santapaciencia.etc.br\/2017\/02\/13\/melancolica-sim-mas-ganhando-um-novo-olhar-sobre-a-vida\/\">post<\/a><\/em>), a autora discorre sobre v\u00e1rios tipos de ora\u00e7\u00e3o e traz de forma leve o poder e a simplicidade da ora\u00e7\u00e3o:<\/p>\n<blockquote><p><em>Recentemente uma amiga relatou-me o seguinte incidente. Sua filha, Elizabeth, arranjara um emprego para o ver\u00e3o, a fim de conseguir o dinheiro necess\u00e1rio para custear suas despesas na faculdade. Sua tarefa era preparar embalagens de carne para o balc\u00e3o frigor\u00edfico de um supermercado. Certo dia, pouco antes de sair para o trabalho, Elizabeth deu pela falta de uma de suas lentes de contato. E embora sua m\u00e3e a auxiliasse na busca, n\u00e3o encontrou a lente em parte alguma.<\/em><\/p>\n<p>&nbsp;<\/p>\n<p><em>Ap\u00f3s a mo\u00e7a haver sa\u00eddo para o servi\u00e7o, usando os \u00f3culos, a m\u00e3e assentou-se para tomar uma x\u00edcara de caf\u00e9, ponderando a respeito do problema. Havia milhares de cantinhos onde aquela fina escama de pl\u00e1stico poderia ter ca\u00eddo. Ent\u00e3o ela pensou:\u00a0<strong>\u201cSer\u00e1 que devo orar a respeito disso? Ou ser\u00e1 que o problema \u00e9 trivial demais?\u201d Esta amiga, Tib Sherrill, tinha enorme avers\u00e3o a ora\u00e7\u00f5es que tratam o Criador do universo como se ele fora um garoto de recados ou como um Papai Noel celestial.<\/strong><\/em><\/p>\n<p>&nbsp;<\/p>\n<p><em>Mas Tib sabia que Elizabeth precisaria gastar a quarta parte do sal\u00e1rio para adquirir outra lente, e a mo\u00e7a contava com esse dinheiro para despesas na faculdade. Isso significaria tamb\u00e9m mais uma semana de desconforto no sal\u00e3o refrigerado onde ela trabalhava e mais dedos queimados no arame quente da m\u00e1quina de embalar.<\/em><\/p>\n<p>&nbsp;<\/p>\n<p><strong><em>Acudiu-lhe \u00e0 mente, ent\u00e3o, a par\u00e1bola que Jesus narrara acerca da mulher que procurara uma moeda de prata perdida \u2014 um objeto valioso. (Lc 15.8-10)<\/em><\/strong><\/p>\n<p>&nbsp;<\/p>\n<p><strong><em>\u201cEsta hist\u00f3ria revela\u201d, pensou consigo mesma, \u201cque Jesus se importa com tais coisas, n\u00e3o porque sejam importantes em si mesmas, mas por que o s\u00e3o para n\u00f3s.<\/em><\/strong><\/p>\n<p>&nbsp;<\/p>\n<p><em>\u201cEst\u00e1 bem, Senhor\u201d, concluiu ela, \u201cn\u00f3s precisamos do teu aux\u00edlio nesta quest\u00e3o. Podes mostrar-me onde est\u00e1 a lente?\u201d<\/em><\/p>\n<p>&nbsp;<\/p>\n<p><em>Sem qualquer raz\u00e3o plaus\u00edvel, ela se levantou e encaminhou-se para o banheiro. Abaixou-se e correu os dedos cuidadosamente pela superf\u00edcie peluda do tapete. Nada!<\/em><\/p>\n<p>&nbsp;<\/p>\n<p><em>Ergueu-se de novo e olhou para a pia.<\/em><\/p>\n<p>&nbsp;<\/p>\n<p><em>\u201cBem\u201d, pensou, \u201cpode ter ca\u00eddo aqui e descido pelo cano.\u201d<\/em><\/p>\n<p>&nbsp;<\/p>\n<p><em>Levantou o ralo cromado para olhar dentro do cano. E ali, bem na ponta do pino central do ralo achava-se a lente desaparecida, agarrada no metal como uma got\u00edcula de \u00e1gua. A primeira vez que algu\u00e9m abrisse a torneira, ela seria levada embora.<\/em><\/p>\n<p>&nbsp;<\/p>\n<p><em>\u201cTranscorrera menos de um minuto desde que eu fizera aquela ora\u00e7\u00e3o na cozinha\u201d, contou-me ela. \u201cE eu poderia ter procurado em todos os lugares, mas nunca me ocorreria retirar aquela pe\u00e7a.\u201d<\/em><\/p>\n<p>&nbsp;<\/p>\n<p><strong><em>Cap\u00edtulo Um \u2013 Orar \u00e9 Pedir<\/em><\/strong><\/p><\/blockquote>\n<p><!--more--><\/p>\n<p>\u00c9 verdade, n\u00f3s n\u00e3o sabemos orar e \u00e9 Deus que tamb\u00e9m nos capacita para conseguir tal proeza.\u00a0Obrigada Esp\u00edrito Santo por me ajudar a pedir aquilo que eu mais necessito, mas obrigada tamb\u00e9m a me ensinar a pedir pelos meus sonhos mais inusitados ou pelas minhas queixas, aparentemente, banais. Obrigada por me ensinar a agradecer pela geleia de frutas vermelhas, pelo ch\u00e1 de hibisco e pelo netflix. Pois, como j\u00e1 disse\u00a0Tom\u00e1s de Kempis\u00a0em &#8220;Imita\u00e7\u00e3o de Cristo&#8221;, \u201cTudo \u00e9 s\u00e9rio na vida\u201d, e como \u00e9 bom saber que o Senhor \u00e9 senhor de TODA a minha vida\u00a0\u2013 n\u00e3o apenas de uma ou outra \u00e1rea qualquer. Voc\u00ea me sust\u00e9m de maneira\u00a0<strong>sobre<\/strong>natural.<\/p>\n<p>&nbsp;<\/p>\n<ul>\n<li><strong>Carolina Selles, 33 anos.<\/strong>\u00a0\u00c9 designer,\u00a0graduada em Arte &amp; Tecnologia, frequenta a igreja Projeto 242 em S\u00e3o Paulo e \u00e9 uma das idealizadoras do <a href=\"https:\/\/santapaciencia.etc.br\">Santa Paci\u00eancia<\/a>.<\/li>\n<\/ul>\n<p>Ilustra\u00e7\u00e3o: Brunna Mancuso<\/p>\n","protected":false},"excerpt":{"rendered":"<p>Por\u00a0Carolina Selles Estou aprendendo a viver uma\u00a0espiritualidade integral\u00a0\u2013 tentando n\u00e3o mais separar o\u00a0espiritual\u00a0do\u00a0ordin\u00e1rio. Racionalmente eu sei que essa separa\u00e7\u00e3o entre o\u00a0sagrado\u00a0e o\u00a0profano\u00a0n\u00e3o existe e para algumas \u00e1reas da vida fica f\u00e1cil identificar essa dicotomia e viver integralmente essa verdade. Mas para outras \u00e1reas da minha vida j\u00e1 n\u00e3o posso dizer o mesmo\u2026 Vira e mexe [&hellip;]<\/p>\n","protected":false},"author":19,"featured_media":0,"comment_status":"open","ping_status":"open","sticky":false,"template":"","format":"standard","meta":{"ngg_post_thumbnail":0,"footnotes":""},"categories":[9],"tags":[34075,4783,124],"class_list":["post-6105","post","type-post","status-publish","format-standard","hentry","category-sem-categoria","tag-carolina-selles","tag-espiritualidade","tag-oracao"],"_links":{"self":[{"href":"https:\/\/ultimato.com.br\/sites\/jovem\/wp-json\/wp\/v2\/posts\/6105","targetHints":{"allow":["GET"]}}],"collection":[{"href":"https:\/\/ultimato.com.br\/sites\/jovem\/wp-json\/wp\/v2\/posts"}],"about":[{"href":"https:\/\/ultimato.com.br\/sites\/jovem\/wp-json\/wp\/v2\/types\/post"}],"author":[{"embeddable":true,"href":"https:\/\/ultimato.com.br\/sites\/jovem\/wp-json\/wp\/v2\/users\/19"}],"replies":[{"embeddable":true,"href":"https:\/\/ultimato.com.br\/sites\/jovem\/wp-json\/wp\/v2\/comments?post=6105"}],"version-history":[{"count":4,"href":"https:\/\/ultimato.com.br\/sites\/jovem\/wp-json\/wp\/v2\/posts\/6105\/revisions"}],"predecessor-version":[{"id":6110,"href":"https:\/\/ultimato.com.br\/sites\/jovem\/wp-json\/wp\/v2\/posts\/6105\/revisions\/6110"}],"wp:attachment":[{"href":"https:\/\/ultimato.com.br\/sites\/jovem\/wp-json\/wp\/v2\/media?parent=6105"}],"wp:term":[{"taxonomy":"category","embeddable":true,"href":"https:\/\/ultimato.com.br\/sites\/jovem\/wp-json\/wp\/v2\/categories?post=6105"},{"taxonomy":"post_tag","embeddable":true,"href":"https:\/\/ultimato.com.br\/sites\/jovem\/wp-json\/wp\/v2\/tags?post=6105"}],"curies":[{"name":"wp","href":"https:\/\/api.w.org\/{rel}","templated":true}]}}