{"id":6094,"date":"2017-07-12T16:03:24","date_gmt":"2017-07-12T19:03:24","guid":{"rendered":"http:\/\/ultimato.com.br\/sites\/jovem\/?p=6094"},"modified":"2017-07-12T16:03:24","modified_gmt":"2017-07-12T19:03:24","slug":"boto-fe-deise-jacinto","status":"publish","type":"post","link":"https:\/\/ultimato.com.br\/sites\/jovem\/2017\/07\/12\/boto-fe-deise-jacinto\/","title":{"rendered":"Boto F\u00e9 &#8211; Deise Jacinto"},"content":{"rendered":"<p><em>Por Diego Stallone <\/em><\/p>\n<p>Conheci o som da Deise Jacinto por acaso. Zapeando pela infinitude de canais na TV, parei na Rede Novo Tempo (n\u00e3o lembro o programa), em que uma mo\u00e7a com um viol\u00e3o no colo cantava.<\/p>\n<p>O &#8220;abalo&#8221; foi profundo! N\u00e3o apenas a m\u00fasica, que \u00e9 maravilhosa, mas tamb\u00e9m a poesia, a letra, que \u00e9 pensada, \u00e9 profunda, \u00e9 b\u00edblica. \u00c9 beleza que fala \u00e0 mente e ao cora\u00e7\u00e3o.<\/p>\n<p>A\u00ed fui procur\u00e1-la, primeiro no Youtube, depois no Spotify, e que alegria ver que estava l\u00e1, o \u00e1lbum completo. Se fosse CD ou vinil, agora j\u00e1 estaria &#8220;furado&#8221; de tanto tocar.<\/p>\n<p>Uma ap\u00f3s a outra, as can\u00e7\u00f5es revelam algu\u00e9m que entende de m\u00fasica e entende da B\u00edblia, conseguindo traduzir em verso, prosa e melodia verdades maravilhosas, como na m\u00fasica &#8220;Me Leva&#8221;, para mim, a melhor!<br \/>\n<em><br \/>\n\u201cMe leva onde o tempo n\u00e3o me encontre<br \/>\nOnde o aroma seja flores<br \/>\nOnde a hist\u00f3ria seja Tua<br \/>\nE eu conviva com os autores<br \/>\nOnde o som seja bonito<br \/>\nE do medo n\u00e3o me lembre<br \/>\nOnde o cora\u00e7\u00e3o aumente<br \/>\nPra caber o infinito<br \/>\nOnde a luz seja o tudo<br \/>\nPra entender o que \u00e9 pra sempre&#8230;\u201d<\/em><!--more--><\/p>\n<p>Me faz pensar nas lutas e limita\u00e7\u00f5es do presente, mas tamb\u00e9m lembra que aqui e agora j\u00e1 podemos vislumbrar e desfrutar aquilo que Deus tem preparado para aqueles que o amam!<\/p>\n<p>Que Deus aben\u00e7oe a Deise e continue inspirando essa mo\u00e7a para louvar o Seu Nome, aben\u00e7oando as nossas vidas!<\/p>\n<p>Boto muita f\u00e9!<\/p>\n<p><iframe loading=\"lazy\" src=\"https:\/\/www.youtube.com\/embed\/cVaX5SR1yv4\" width=\"560\" height=\"315\" frameborder=\"0\" allowfullscreen=\"allowfullscreen\"><\/iframe><\/p>\n<p><strong><img loading=\"lazy\" decoding=\"async\" class=\"alignleft size-thumbnail wp-image-6097\" src=\"http:\/\/ultimato.com.br\/sites\/jovem\/files\/2017\/07\/Ult_Jovem_12_07_17_diego-150x150.jpg\" alt=\"\" width=\"150\" height=\"150\" \/><\/strong><\/p>\n<p>&nbsp;<\/p>\n<p><strong>Diego Stallone, 33 anos<\/strong>. Filho de Deus pela Gra\u00e7a, \u00e9 pai do Davi e esposo da Bianca. Apaixonado por filmes e s\u00e9ries. Serve como pastor auxiliar na Igreja Presbiteriana de Botafogo (RJ).<\/p>\n","protected":false},"excerpt":{"rendered":"<p>Por Diego Stallone Conheci o som da Deise Jacinto por acaso. Zapeando pela infinitude de canais na TV, parei na Rede Novo Tempo (n\u00e3o lembro o programa), em que uma mo\u00e7a com um viol\u00e3o no colo cantava. O &#8220;abalo&#8221; foi profundo! N\u00e3o apenas a m\u00fasica, que \u00e9 maravilhosa, mas tamb\u00e9m a poesia, a letra, que [&hellip;]<\/p>\n","protected":false},"author":19,"featured_media":0,"comment_status":"open","ping_status":"open","sticky":false,"template":"","format":"standard","meta":{"ngg_post_thumbnail":0,"footnotes":""},"categories":[5152,10182],"tags":[18330,31321,34073,18],"class_list":["post-6094","post","type-post","status-publish","format-standard","hentry","category-altas-indicacoes","category-boto-fe","tag-boto-fe-2","tag-deise-jacinto","tag-diego-stallone","tag-musica"],"_links":{"self":[{"href":"https:\/\/ultimato.com.br\/sites\/jovem\/wp-json\/wp\/v2\/posts\/6094","targetHints":{"allow":["GET"]}}],"collection":[{"href":"https:\/\/ultimato.com.br\/sites\/jovem\/wp-json\/wp\/v2\/posts"}],"about":[{"href":"https:\/\/ultimato.com.br\/sites\/jovem\/wp-json\/wp\/v2\/types\/post"}],"author":[{"embeddable":true,"href":"https:\/\/ultimato.com.br\/sites\/jovem\/wp-json\/wp\/v2\/users\/19"}],"replies":[{"embeddable":true,"href":"https:\/\/ultimato.com.br\/sites\/jovem\/wp-json\/wp\/v2\/comments?post=6094"}],"version-history":[{"count":4,"href":"https:\/\/ultimato.com.br\/sites\/jovem\/wp-json\/wp\/v2\/posts\/6094\/revisions"}],"predecessor-version":[{"id":6099,"href":"https:\/\/ultimato.com.br\/sites\/jovem\/wp-json\/wp\/v2\/posts\/6094\/revisions\/6099"}],"wp:attachment":[{"href":"https:\/\/ultimato.com.br\/sites\/jovem\/wp-json\/wp\/v2\/media?parent=6094"}],"wp:term":[{"taxonomy":"category","embeddable":true,"href":"https:\/\/ultimato.com.br\/sites\/jovem\/wp-json\/wp\/v2\/categories?post=6094"},{"taxonomy":"post_tag","embeddable":true,"href":"https:\/\/ultimato.com.br\/sites\/jovem\/wp-json\/wp\/v2\/tags?post=6094"}],"curies":[{"name":"wp","href":"https:\/\/api.w.org\/{rel}","templated":true}]}}