{"id":6083,"date":"2017-07-05T14:52:13","date_gmt":"2017-07-05T17:52:13","guid":{"rendered":"http:\/\/ultimato.com.br\/sites\/jovem\/?p=6083"},"modified":"2017-07-05T14:52:13","modified_gmt":"2017-07-05T17:52:13","slug":"nao-limitemos-deus-impressoes-sobre-os-simbolismos-em-a-cabana","status":"publish","type":"post","link":"https:\/\/ultimato.com.br\/sites\/jovem\/2017\/07\/05\/nao-limitemos-deus-impressoes-sobre-os-simbolismos-em-a-cabana\/","title":{"rendered":"N\u00e3o limitemos Deus &#8211; Impress\u00f5es sobre os simbolismos em A Cabana"},"content":{"rendered":"<p><em><img loading=\"lazy\" decoding=\"async\" class=\"alignright size-medium wp-image-6084\" src=\"http:\/\/ultimato.com.br\/sites\/jovem\/files\/2017\/07\/Ult_Jovem_05_07_17_cabana-300x200.jpg\" alt=\"\" width=\"300\" height=\"200\" srcset=\"https:\/\/ultimato.com.br\/sites\/jovem\/files\/2017\/07\/Ult_Jovem_05_07_17_cabana-300x200.jpg 300w, https:\/\/ultimato.com.br\/sites\/jovem\/files\/2017\/07\/Ult_Jovem_05_07_17_cabana-732x488.jpg 732w, https:\/\/ultimato.com.br\/sites\/jovem\/files\/2017\/07\/Ult_Jovem_05_07_17_cabana.jpg 754w\" sizes=\"auto, (max-width: 300px) 100vw, 300px\" \/>Por Rafaela Senfft<\/em><\/p>\n<p>Cheguei com certo atraso para registrar minhas impress\u00f5es sobre <em>A Cabana<\/em> (2017), este filme que gerou tanta pol\u00eamica entre os crist\u00e3os. Foram muitos textos levantando as heresias apresentadas na narrativa, que tem como personagem principal Mack, um homem atormentado ap\u00f3s o assassinato de sua filha mais nova. N\u00e3o li o livro, na \u00e9poca eu era um po\u00e7o de preconceitos e subestimava esse tipo de literatura.<\/p>\n<p>Eu tinha uma arrog\u00e2ncia intelectual muito forte e s\u00f3 me permitia ler autores doutores em teologia, apolog\u00e9tica e filosofia, e por a\u00ed vai&#8230; Mas Deus em suas infinitas miseric\u00f3rdias fez um trabalho de cura e liberta\u00e7\u00e3o em meu cora\u00e7\u00e3o me livrando desse tipo de pr\u00e9-conceito, abrindo meu cora\u00e7\u00e3o para o simples. S\u00f3 ganhei com isso, fiquei muito mais sens\u00edvel ao Esp\u00edrito Santo e recebi muito mais de Deus, pois Ele se revela pra quem quer e como quer.<\/p>\n<p>N\u00e3o vou me estender sobre esse processo de cura, mas mencion\u00e1-lo \u00e9 fundamental para muitas pessoas que me conhecem e se escandalizar\u00e3o por eu ter assistido <em>A Cabana<\/em> e ter achado inspirador. Espero que Deus tamb\u00e9m lhes tire as amarras. Eu sei que n\u00e3o podemos fazer isso pelos pr\u00f3prios esfor\u00e7os, pois nosso pecado s\u00f3 nos sabota e nos endurece. Enfim&#8230;<\/p>\n<p>Depois de ler v\u00e1rias cr\u00edticas e coment\u00e1rios de crist\u00e3os de v\u00e1rias denomina\u00e7\u00f5es sobre o filme, observei dois tipos de rea\u00e7\u00f5es: aqueles que passaram o filme inteiro como ca\u00e7adores de heresias e aqueles que conseguiram reter algo de belo, verdadeiro e bom atrav\u00e9s das met\u00e1foras e simbolismos.<\/p>\n<p>Pela gra\u00e7a de Deus, diferente de outrora, pude me encontrar na segunda categoria, e ganhei muito com isso. Claro que pode haver algumas escorregadas, mas pra quem est\u00e1 com sede de Deus, essas supostas heresias passam por irrelevantes diante de uma infinidade de coisas boas que o filme apresenta (\u201cN\u00e3o trateis com desd\u00e9m as profecias, mas, examinai todas as evid\u00eancias, retende o que \u00e9 bom\u201d 1Te 5:20,21).\u00a0 Por isso quero colocar aqui alguns pontos que me chamaram aten\u00e7\u00e3o, me tocaram profundamente e me levaram a uma reflex\u00e3o sens\u00edvel sobre Deus.<!--more--><\/p>\n<p><strong>A figura de Deus<\/strong><\/p>\n<p>Pra come\u00e7ar, me lembrei de que muitas pessoas criticaram o fato de Deus ser apresentado em forma de mulher, mas na narrativa isso tem um contexto muito mais valioso do que a discuss\u00e3o sobre essa representa\u00e7\u00e3o ser l\u00edcita ou n\u00e3o. O personagem principal tinha problemas com a figura paterna e no filme Deus se mostra n\u00e3o invasivo, respeitando o est\u00e1gio da alma do homem a quem se revelara.<\/p>\n<p>Essa foi uma das coisas que mais me fez refletir, pois creio nessa delicadeza de Deus quando se relaciona com a gente. Ele sabe em que est\u00e1gio cada um se encontra e seu toque respeita estas estruturas. Toda mudan\u00e7a vai sendo constru\u00edda com respeito e amor, como no processo de cura de Mack, personagem principal, na narrativa de <em>A Cabana<\/em>. Quando ele supera o problema com o pai terreno, Deus aparece como homem para outra tarefa, denotando o vigor de masculinidade exigido para a ocasi\u00e3o. Seria a tarefa mais dif\u00edcil da vida de Mack, mas tamb\u00e9m a mais libertadora e curativa.<\/p>\n<p><strong>A figura do Esp\u00edrito Santo<\/strong><\/p>\n<p>O Esp\u00edrito Santo aparece como uma mulher oriental. Para al\u00e9m das cr\u00edticas teol\u00f3gicas de plausibilidade, podemos tentar aprender com as met\u00e1foras, essa linguagem que traduz o sobrenatural em simbolismos, e de tanta criatividade. Penso que Deus \u00e9 t\u00e3o criativo que ele n\u00e3o pouparia elementos para falar com a gente, e se pudermos abrir nosso cora\u00e7\u00e3o para Sua simplicidade e Seu poder, podemos aprender e ser muito mais sens\u00edveis para v\u00ea-lo em todas as coisas.<\/p>\n<p>Pense comigo nos simbolismos para uma pessoa oriental: os orientais nos remetem a pessoas calmas, pacientes, que aprimoram t\u00e9cnicas milenares, que desenvolveram as mais primorosas t\u00e9cnicas de jardinagem, que apesar de fornecerem tanta tecnologia ainda trazem aquela atmosfera de rever\u00eancia e persist\u00eancia.<\/p>\n<p>Portando, nada mal para representar o Esp\u00edrito Santo, que \u00e9 a pessoa da trindade que consola o ser humano, representado por uma m\u00e3o feminina, leve e singular que acaricia suavemente e que coleciona l\u00e1grimas em um recipiente de cristal. Isso \u00e9 lindo e maternal! Os poderes sens\u00edveis dessas met\u00e1foras me enredaram em refletir que existe algu\u00e9m que se importa com cada l\u00e1grima que cai dos meus olhos, e isto \u00e9 muito melhor do que ficar ca\u00e7ando heresias.<\/p>\n<p><strong>Na cadeira do juiz<\/strong><\/p>\n<p>Outra cena que acho ser a mais importante pra nossa reflex\u00e3o \u00e9 a do encontro com a sabedoria e a proposta que ela faz a Mack, de se sentar na cadeira do juiz e julgar quem ele acha que \u00e9 digno ou indigno de salva\u00e7\u00e3o. Essa parte \u00e9 um belo soco no est\u00f4mago do crente, pois nos assentamos na cadeira do juiz o tempo todo, julgado as pessoas, falando mal de igrejas, subestimando denomina\u00e7\u00f5es, condenando pessoas ao inferno. \u00c9 a\u00ed onde \u00e9 revelada nossa defici\u00eancia em perdoar e rapidez em levantar as falhas dos outros. Gra\u00e7as a Deus, Ele mesmo n\u00e3o faz dessa forma.<\/p>\n<p>Interessante foi como um dia ap\u00f3s ter tido essa reflex\u00e3o, li no notici\u00e1rio que Suzanne von Richthofen, famosa por encomendar o assassinato dos pais por conta da heran\u00e7a, e havia se convertido e estava querendo se tornar mission\u00e1ria. Eu j\u00e1 estava habitualmente criticando tal atitude e tirando minhas \u00f3bvias conclus\u00f5es, at\u00e9 que me lembrei dessa parte do filme. L\u00e1 eu estava, me assentando na cadeira do juiz, determinando o que era justo ou n\u00e3o. Mas a\u00ed pensei: E se Deus quiser que ela seja mission\u00e1ria? E se Deus a salvar? Gente, isso foi surpreendente pra mim, que sempre tenho meus julgamentos na ponta da l\u00edngua! O filme pode ter x, y ou z heresias, mas s\u00f3 essa reflex\u00e3o pra mim j\u00e1 valeu o ano.<\/p>\n<p>Outra quest\u00e3o de peso no filme \u00e9 o tema do perd\u00e3o, muito forte na constru\u00e7\u00e3o da cura. O fato de Mack perdoar o pior inimigo de sua vida \u00e9 a parte crucial de seu processo de cura. Ele deixa Deus enterrar seu passado numa cerim\u00f4nia linda, cheia de cuidados e beleza, e a partir da\u00ed \u00e9 um novo homem. Sem falar na alegria do filme, que mostra Deus feliz, dan\u00e7ando, fazendo p\u00e3o, ouvindo boa m\u00fasica, mostra Jesus se divertindo com Mack, fazendo-o andar e correr sobre as \u00e1guas. Cenas lindas e impactantes, cheias de leveza; met\u00e1foras muito bem constru\u00eddas.<\/p>\n<p><strong>O valor dos simbolismos<\/strong><\/p>\n<p>Como artista pl\u00e1stica, vejo suma import\u00e2ncia nos simbolismos, porque s\u00e3o recursos visuais e po\u00e9ticos para tratar de coisas indiz\u00edveis. Se pudermos nos dar uma chance de aprender com eles, podemos ter uma vida bem divertida com Deus, porque Ele os usa o tempo inteiro.<\/p>\n<p>Proponho aos leitores que abram o cora\u00e7\u00e3o e n\u00e3o limitem Deus num recipiente herm\u00e9tico, ele \u00e9 cheio de nuances. Ele ama a diversidade. Criou cerca de 500 mil esp\u00e9cies de borboletas, aproximadamente 20 mil esp\u00e9cies de aves, 25 mil esp\u00e9cies de orqu\u00eddeas e voc\u00ea ainda acha que Ele tem limites para se revelar a seu povo?<\/p>\n<p>Deus respeita e ama a nossa individualidade, Ele nos fez seres individuais e diferentes. N\u00e3o precisamos tentar ser iguais aos outros porque s\u00f3 este ou aquele tipo de pessoa agrada a Deus, ou porque Deus s\u00f3 fala daquela ou desta forma e por a\u00ed vamos&#8230; criando paredes para aprisionar Deus.<\/p>\n<p>Estamos cheios de religiosidade, discuss\u00f5es e conflitos teol\u00f3gicos a respeito de Deus, e enquanto isso estamos perdendo a leveza da vida e a oportunidade de deixar Deus ser Deus em nossas vidas. Que saiamos da cadeira do juiz que n\u00e3o pertence a nenhum ser humano! Precisamos cultivar mais amor, mais afei\u00e7\u00e3o em nosso meio e buscar mais do Esp\u00edrito Santo. Ler bons livros, ouvir boa m\u00fasica, ser alegres em Cristo e buscar a leveza e a criatividade de Deus!<\/p>\n<ul>\n<li><strong>Rafaela Senfft<\/strong>\u00a0\u00e9 artista pl\u00e1stica formada pela Escola Guignard\/UEMG, onde \u00e9 professora de Hist\u00f3ria da Arte Ocidental no curso de extens\u00e3o. \u00c9 membro de\u00a0<a href=\"http:\/\/www.civa.org\/\">CIVA<\/a>\u00a0(Christian in Visual Arts) e\u00a0congrega na Igreja Esperan\u00e7a,\u00a0em BH.<\/li>\n<\/ul>\n","protected":false},"excerpt":{"rendered":"<p>Por Rafaela Senfft Cheguei com certo atraso para registrar minhas impress\u00f5es sobre A Cabana (2017), este filme que gerou tanta pol\u00eamica entre os crist\u00e3os. Foram muitos textos levantando as heresias apresentadas na narrativa, que tem como personagem principal Mack, um homem atormentado ap\u00f3s o assassinato de sua filha mais nova. N\u00e3o li o livro, na [&hellip;]<\/p>\n","protected":false},"author":19,"featured_media":0,"comment_status":"open","ping_status":"open","sticky":false,"template":"","format":"standard","meta":{"ngg_post_thumbnail":0,"footnotes":""},"categories":[6054],"tags":[34069,8392,5552,34052,10538],"class_list":["post-6083","post","type-post","status-publish","format-standard","hentry","category-textos","tag-a-cabana","tag-cinema","tag-filme","tag-rafaela-senfft","tag-resenha"],"_links":{"self":[{"href":"https:\/\/ultimato.com.br\/sites\/jovem\/wp-json\/wp\/v2\/posts\/6083","targetHints":{"allow":["GET"]}}],"collection":[{"href":"https:\/\/ultimato.com.br\/sites\/jovem\/wp-json\/wp\/v2\/posts"}],"about":[{"href":"https:\/\/ultimato.com.br\/sites\/jovem\/wp-json\/wp\/v2\/types\/post"}],"author":[{"embeddable":true,"href":"https:\/\/ultimato.com.br\/sites\/jovem\/wp-json\/wp\/v2\/users\/19"}],"replies":[{"embeddable":true,"href":"https:\/\/ultimato.com.br\/sites\/jovem\/wp-json\/wp\/v2\/comments?post=6083"}],"version-history":[{"count":3,"href":"https:\/\/ultimato.com.br\/sites\/jovem\/wp-json\/wp\/v2\/posts\/6083\/revisions"}],"predecessor-version":[{"id":6087,"href":"https:\/\/ultimato.com.br\/sites\/jovem\/wp-json\/wp\/v2\/posts\/6083\/revisions\/6087"}],"wp:attachment":[{"href":"https:\/\/ultimato.com.br\/sites\/jovem\/wp-json\/wp\/v2\/media?parent=6083"}],"wp:term":[{"taxonomy":"category","embeddable":true,"href":"https:\/\/ultimato.com.br\/sites\/jovem\/wp-json\/wp\/v2\/categories?post=6083"},{"taxonomy":"post_tag","embeddable":true,"href":"https:\/\/ultimato.com.br\/sites\/jovem\/wp-json\/wp\/v2\/tags?post=6083"}],"curies":[{"name":"wp","href":"https:\/\/api.w.org\/{rel}","templated":true}]}}