{"id":607,"date":"2011-04-15T12:00:47","date_gmt":"2011-04-15T15:00:47","guid":{"rendered":"http:\/\/ultimato.com.br\/sites\/jovem\/?p=607"},"modified":"2011-04-15T13:23:02","modified_gmt":"2011-04-15T16:23:02","slug":"limpa-brasil","status":"publish","type":"post","link":"https:\/\/ultimato.com.br\/sites\/jovem\/2011\/04\/15\/limpa-brasil\/","title":{"rendered":"Limpa Brasil"},"content":{"rendered":"<p><a href=\"http:\/\/ultimato.com.br\/sites\/jovem\/files\/2011\/04\/vassoura.jpg\" class=\"lightview\" data-lightview-group=\"group-607\" data-lightview-options=\"skin: 'dark', controls: 'relative', padding: '10', shadow: { color: '#000000', opacity: 0.08, blur: 3 }\" data-lightview-title=\"vassoura\"><img loading=\"lazy\" decoding=\"async\" class=\"alignright size-full wp-image-609\" title=\"vassoura\" src=\"http:\/\/ultimato.com.br\/sites\/jovem\/files\/2011\/04\/vassoura.jpg\" alt=\"\" width=\"205\" height=\"205\" srcset=\"https:\/\/ultimato.com.br\/sites\/jovem\/files\/2011\/04\/vassoura.jpg 320w, https:\/\/ultimato.com.br\/sites\/jovem\/files\/2011\/04\/vassoura-150x150.jpg 150w, https:\/\/ultimato.com.br\/sites\/jovem\/files\/2011\/04\/vassoura-300x300.jpg 300w, https:\/\/ultimato.com.br\/sites\/jovem\/files\/2011\/04\/vassoura-80x80.jpg 80w\" sizes=\"auto, (max-width: 205px) 100vw, 205px\" \/><\/a>Nos dias 5 e 6 de junho deste ano acontecer\u00e1, paralelamente, nas cidades do Rio de Janeiro e Bras\u00edlia um mutir\u00e3o de limpeza, chamado de Limpa Brasil (dias 11 e 12\/junho em Goi\u00e2nia; e dias 18 e 19 em BH).<\/p>\n<p>Inspirados pelo que aconteceu na Est\u00f4nia, pa\u00eds que foi limpo em 5 horas por 50 mil volunt\u00e1rios (v\u00eddeo da a\u00e7\u00e3o\u00a0<a href=\"http:\/\/www.youtube.com\/watch?v=T7GzfMD6LHs\" target=\"_blank\">Aqui<\/a>), a empresa Atitude Brasil trouxe o movimento para c\u00e1.<\/p>\n<p>N\u00f3s d&#8217;A Rocha apoiamos este movimento e nos prontificamos em divulgar e mobilizar nossos volunt\u00e1rios e igrejas cadastradas a participarem conosco deste grande mutir\u00e3o. Pois consideramos este evento como uma oportunidade de expressarmos nosso cuidado ao meio ambiente e aos seres humanos e nosso amor e obedi\u00eancia a Deus.<!--more--><\/p>\n<p>N\u00f3s, diretores d&#8217;A Rocha Brasil, estaremos no Rio com luvas e sacos nas m\u00e3os coletando o lixo da cidade e convocamos todos(as) a arrega\u00e7arem suas mangastamb\u00e9m e participarem do mutir\u00e3o no Rio de Janeiro, Bras\u00edlia, Goi\u00e2nia ou BH.<\/p>\n<p>Pastores, convoquem suas ovelhas. Professores, seus alunos. Empres\u00e1rios, seus funcion\u00e1rios. Pais, seus filhos.<\/p>\n<p>Para participar, voc\u00ea e sua comunidade devem se cadastrar no site do <a href=\"www.limpabrasil.com\/site\/seja-um-voluntario\/voluntario-para-o-dia-da-acao\" target=\"_blank\">Limpa Brasil<\/a>.<\/p>\n<p>Como estaremos apenas no RJ, A Rocha precisar\u00e1 de volunt\u00e1rios para registrar a a\u00e7\u00e3o em outras cidades, o envolvimento da comunidade crist\u00e3 e nos encaminhar relatos e fotos. Quem pode ser A Rocha em Bras\u00edlia, Goi\u00e2nia e BH nos dias do Limpa Brasil?<\/p>\n<p>Estamos confiantes que Deus mover\u00e1 seus cora\u00e7\u00f5es para o Limpa Brasil.<\/p>\n<p>Gra\u00e7a e Paz!<\/p>\n<p><em><strong>Raquel Arouca<\/strong><\/em><\/p>\n<p>Coordenadora de Campanhas d&#8217;A Rocha Brasil<\/p>\n<p>OBS: <em>Se voc\u00ea n\u00e3o est\u00e1 no RJ, Bras\u00edlia, Goi\u00e2nia ou BH, confira abaixo se sua cidade ser\u00e1 contemplada pelo Limpa Brasil:<\/em><\/p>\n<ul>\n<li>Rio de Janeiro &#8211;\u00a005 e 06 de junho<\/li>\n<li>Bras\u00edlia &#8211;\u00a005 e 06 de junho<\/li>\n<li>Goi\u00e2nia &#8211;\u00a011 e 12 de junho<\/li>\n<li>Belo Horizonte &#8211;\u00a018 e 19 de junho<\/li>\n<li>Guarulhos &#8211;\u00a006 e 07 de agosto<\/li>\n<li>S\u00e3o Paulo &#8211;\u00a013 de agosto a 18 de setembro<\/li>\n<li>Campinas &#8211;\u00a024 e 25 de setembro<\/li>\n<li>Recife &#8211;\u00a001 e 02 de outubro<\/li>\n<li>Fortaleza &#8211;\u00a008 e 09 de outubro<\/li>\n<li>Salvador &#8211;\u00a015 e 16 de outubro<\/li>\n<li>Manaus &#8211;\u00a022 e 23 de outubro<\/li>\n<li>Bel\u00e9m &#8211;\u00a005 e 06 de novembro<\/li>\n<li>Porto Alegre &#8211;\u00a012 e 13 de novembro<\/li>\n<li>Curitiba &#8211;\u00a019 e 20 de novembro<\/li>\n<\/ul>\n","protected":false},"excerpt":{"rendered":"<p>Nos dias 5 e 6 de junho deste ano acontecer\u00e1, paralelamente, nas cidades do Rio de Janeiro e Bras\u00edlia um mutir\u00e3o de limpeza, chamado de Limpa Brasil (dias 11 e 12\/junho em Goi\u00e2nia; e dias 18 e 19 em BH). Inspirados pelo que aconteceu na Est\u00f4nia, pa\u00eds que foi limpo em 5 horas por 50 [&hellip;]<\/p>\n","protected":false},"author":19,"featured_media":0,"comment_status":"open","ping_status":"open","sticky":false,"template":"","format":"standard","meta":{"ngg_post_thumbnail":0,"footnotes":""},"categories":[172,5152,8045],"tags":[],"class_list":["post-607","post","type-post","status-publish","format-standard","hentry","category-agenda","category-altas-indicacoes","category-outros-trecos"],"_links":{"self":[{"href":"https:\/\/ultimato.com.br\/sites\/jovem\/wp-json\/wp\/v2\/posts\/607","targetHints":{"allow":["GET"]}}],"collection":[{"href":"https:\/\/ultimato.com.br\/sites\/jovem\/wp-json\/wp\/v2\/posts"}],"about":[{"href":"https:\/\/ultimato.com.br\/sites\/jovem\/wp-json\/wp\/v2\/types\/post"}],"author":[{"embeddable":true,"href":"https:\/\/ultimato.com.br\/sites\/jovem\/wp-json\/wp\/v2\/users\/19"}],"replies":[{"embeddable":true,"href":"https:\/\/ultimato.com.br\/sites\/jovem\/wp-json\/wp\/v2\/comments?post=607"}],"version-history":[{"count":6,"href":"https:\/\/ultimato.com.br\/sites\/jovem\/wp-json\/wp\/v2\/posts\/607\/revisions"}],"predecessor-version":[{"id":612,"href":"https:\/\/ultimato.com.br\/sites\/jovem\/wp-json\/wp\/v2\/posts\/607\/revisions\/612"}],"wp:attachment":[{"href":"https:\/\/ultimato.com.br\/sites\/jovem\/wp-json\/wp\/v2\/media?parent=607"}],"wp:term":[{"taxonomy":"category","embeddable":true,"href":"https:\/\/ultimato.com.br\/sites\/jovem\/wp-json\/wp\/v2\/categories?post=607"},{"taxonomy":"post_tag","embeddable":true,"href":"https:\/\/ultimato.com.br\/sites\/jovem\/wp-json\/wp\/v2\/tags?post=607"}],"curies":[{"name":"wp","href":"https:\/\/api.w.org\/{rel}","templated":true}]}}