{"id":6021,"date":"2017-05-25T18:23:55","date_gmt":"2017-05-25T21:23:55","guid":{"rendered":"http:\/\/ultimato.com.br\/sites\/jovem\/?p=6021"},"modified":"2017-05-25T18:23:55","modified_gmt":"2017-05-25T21:23:55","slug":"familia-e-base-mas-base-do-que","status":"publish","type":"post","link":"https:\/\/ultimato.com.br\/sites\/jovem\/2017\/05\/25\/familia-e-base-mas-base-do-que\/","title":{"rendered":"Fam\u00edlia \u00e9 base. Mas base do qu\u00ea?"},"content":{"rendered":"<p><em>Por Maur\u00edcio Avoletta Junior<\/em><\/p>\n<p><img loading=\"lazy\" decoding=\"async\" class=\"alignright size-medium wp-image-6022\" src=\"http:\/\/ultimato.com.br\/sites\/jovem\/files\/2017\/05\/Ult_Jovem_25_05_17_base-300x200.jpeg\" alt=\"\" width=\"300\" height=\"200\" srcset=\"https:\/\/ultimato.com.br\/sites\/jovem\/files\/2017\/05\/Ult_Jovem_25_05_17_base-300x200.jpeg 300w, https:\/\/ultimato.com.br\/sites\/jovem\/files\/2017\/05\/Ult_Jovem_25_05_17_base.jpeg 640w\" sizes=\"auto, (max-width: 300px) 100vw, 300px\" \/>\u201c<em>Ent\u00e3o disse o homem: Esta \u00e9 agora osso dos meus ossos, e carne da minha carne; ela ser\u00e1 chamada varoa, porquanto do var\u00e3o foi tomada. Portanto deixar\u00e1 o homem a seu pai e a sua m\u00e3e, e unir-se-\u00e1 a sua mulher, e eles ser\u00e3o uma s\u00f3 carne<\/em>\u201d. (G\u00eanesis 2:23, 24)<\/p>\n<p>No primeiro ato do drama da cria\u00e7\u00e3o, logo na introdu\u00e7\u00e3o, onde somos apresentados ao autor e consumador da hist\u00f3ria, somos apresentados tamb\u00e9m \u00e0 base da humanidade: a fam\u00edlia. Sei que \u00e9 perigoso falarmos isso, especialmente diante do quadro pol\u00edtico que estamos vivendo em nosso pa\u00eds. Certas posi\u00e7\u00f5es foram batizadas por ideologias pol\u00edticas: defender a liberdade hoje \u00e9 bandeira da esquerda; defender a fam\u00edlia hoje \u00e9 bandeira da direita.<\/p>\n<p>Em meio \u00e0 tanta bagun\u00e7a, nos tornamos ref\u00e9ns da nossa pr\u00f3pria \u00e9poca. Contudo, hoje tentarei fazer a defesa de uma ideia eterna. Como costumava dizer Chesterton: n\u00e3o falarei nada de novo, pois muitos j\u00e1 disseram o mesmo antes de mim.<\/p>\n<p>\u00c9 comum encontrarmos discursos de \u201cdesconstru\u00e7\u00e3o\u201d nos mais diferentes lugares. Pessoas desconstroem tudo hoje em dia, desde g\u00eanero, at\u00e9 sexo, m\u00fasicas, livros e tamb\u00e9m a fam\u00edlia. Contudo, me parece que o conceito que mais desejam desconstruir \u00e9 a fam\u00edlia. Desejam tornar a fam\u00edlia em um conceito meramente afetivo.<\/p>\n<p>Fam\u00edlia se tornou tudo aquilo que \u00e9 constru\u00eddo na base do amor. Mas, o que realmente \u00e9 a fam\u00edlia? Respondendo de forma bem direta: pai, m\u00e3e e filhos. Sei que essa afirma\u00e7\u00e3o hoje \u00e9 digna de apedrejamentos, mas pretendo explicar meu pensamento \u2013 que n\u00e3o \u00e9 meu \u2013 no decorrer desse texto. Quando terminar, voc\u00ea pode decidir se me odiar\u00e1 ou se concordar\u00e1 comigo, mas at\u00e9 l\u00e1, leia at\u00e9 o final.<!--more--><\/p>\n<p>Antes de qualquer coisa, desejo colocar as cartas na mesa e me apresentar rapidamente para que todos entendam os meus pressupostos: sou crist\u00e3o protestante, geralmente me defino como neo-calvinista holand\u00eas, pois me alinho bastante com as ideias de Abraham Kuyper, contudo, estou mais para um cat\u00f3lico reformado no que diz respeito a tradi\u00e7\u00e3o Crist\u00e3. Sou conservador, mas isso n\u00e3o \u00e9 o que voc\u00ea imagina, pois n\u00e3o defendo as figuras pitorescas comumente referidas como conservadores, n\u00e3o me associe a eles, pois somos muito diferentes. Como conservador, entendo que certos valores devem ser conservados para o melhor desenvolvimento da sociedade, por\u00e9m, como crist\u00e3o, entendo que muitos desses valores ser\u00e3o seguidos apenas por aqueles que como eu, s\u00e3o conhecidos historicamente como crist\u00e3os.<\/p>\n<p>Defendo pautas que entendo que um crist\u00e3o deve obrigatoriamente defender, embora compreenda que a sociedade em geral recusar\u00e1 essas m\u00e1ximas \u2013 talvez um dia fale sobre isso, mas esse dia n\u00e3o ser\u00e1 hoje. Como crist\u00e3o, \u00e9 meu dever defender os valores que foram passados pela Igreja Cat\u00f3lica (Universal) de Cristo durante toda a hist\u00f3ria, mas n\u00e3o \u00e9 meu dever for\u00e7ar as pessoas a concordarem com esses valores, ainda que eu os entenda como eternos e absolutos.<\/p>\n<p>Bom, as cartas est\u00e3o na mesa, agora me sinto mais tranquilo para defender o que pretendo defender. Por que entendo que a fam\u00edlia, al\u00e9m de ser a base da sociedade \u00e9 primariamente constitu\u00edda de homem, mulher e filhos? Pois essa foi a estrutura inicial escolhida por Deus. Dessa forma, penso que devemos conservar aquilo que nos foi entregue.<\/p>\n<p>O que eu n\u00e3o quero dizer com isso? Eu n\u00e3o quero dizer que uma fam\u00edlia onde um dos pais morreu ou simplesmente abandonou a fam\u00edlia \u00e9 automaticamente descaracterizada como tal. Mas, pelo menos do meu ponto de vista, \u00e9 \u00f3bvio que essas situa\u00e7\u00f5es n\u00e3o deveriam existir. Uma pessoa que toma sobre si o dever de outra pessoa, independente do motivo, n\u00e3o conseguir\u00e1 fazer nem o seu papel e nem o papel do outro plenamente. Situa\u00e7\u00f5es como essas, embora sejam mais comuns do que muitos admitem, n\u00e3o s\u00e3o situa\u00e7\u00f5es que todos desejam \u2013 embora existam estranhas exce\u00e7\u00f5es -, mas s\u00e3o frutos de a\u00e7\u00f5es anteriores \u00e0 constitui\u00e7\u00e3o dessa fam\u00edlia em espec\u00edfico.<\/p>\n<p>Bom, acredito que ficou claro o que penso de fam\u00edlias \u201cn\u00e3o convencionais\u201d, como fam\u00edlias de pais ausentes, omissos ou falecidos, fam\u00edlias que tem parentes que n\u00e3o os pais como \u201ccabe\u00e7as da casa\u201d ou at\u00e9 mesmo fam\u00edlias de homossexuais, certo? Acredito que sejam fam\u00edlias e acredito que exista amor verdadeiro entre elas, mas elas foram baseadas em uma estrutura problem\u00e1tica: uma crian\u00e7a que \u00e9 privada da m\u00e3e ou do pai desde a mais tenra idade pode \u2013 e muito provavelmente ir\u00e1 \u2013 apresentar algum tipo de problema, psicol\u00f3gico, social ou qualquer outro.<\/p>\n<p>\u00c9 com a m\u00e3e que a crian\u00e7a aprende \u2013 ao menos deveria \u2013 a diferenciar as individualidades das pessoas. Com o pai, a crian\u00e7a aprende a respeitar autoridades e eventualmente a exercer autoridade. Com os dois, a crian\u00e7a aprende a viver em sociedade, pois lhe \u00e9 ensinada dentro desse n\u00facleo toda a tradi\u00e7\u00e3o que vem sendo passada gera\u00e7\u00e3o ap\u00f3s gera\u00e7\u00e3o.<\/p>\n<p>Por que creio que a fam\u00edlia \u00e9 base da sociedade? Pois \u00e9 dela que surge aquilo que chamamos de tradi\u00e7\u00e3o. A tradi\u00e7\u00e3o \u00e9 aquilo que mant\u00e9m uma cultura, pois todos, sem exce\u00e7\u00e3o, seguem alguma tradi\u00e7\u00e3o, e essas tradi\u00e7\u00f5es, creio eu, nascem dentro das fam\u00edlias. Somos o que somos pois fomos criados dentro de um n\u00facleo familiar, independente de como ele \u00e9 formado. \u00c9 necess\u00e1rio que o ser humano seja criado por uma fam\u00edlia, pois \u00e9 de l\u00e1 que surge o indiv\u00edduo e isso ser\u00e1 determinante para como esse indiv\u00edduo ir\u00e1 se portar diante da sociedade.<\/p>\n<p>Entendo que muitos v\u00e3o discordar de mim, mas isso \u00e9 resultado de expor opini\u00f5es. Meu dever, enquanto crist\u00e3o, \u00e9 afirmar as verdades eternas que chegaram at\u00e9 mim desde Abra\u00e3o, Isaque, Jac\u00f3, os Profetas, os Ap\u00f3stolos, os Santos Padres, a Escol\u00e1stica, a Reforma Protestante, os Doutores da Igreja, a Igreja Confessante, os Movimentos Avivalistas, os meus pais e todos os Santos M\u00e1rtires que entregaram sua vida por causa da propaga\u00e7\u00e3o do Evangelho de Cristo. Todos eles tomaram como base de suas vidas as Sagradas Escrituras, e por isso, defendiam a fam\u00edlia como a base da sociedade, como podemos ver tanto na Doutrina Social da Igreja, como nas doutrinas Calvinistas e tantas outras que falaram a respeito da sociedade.<\/p>\n<p><img loading=\"lazy\" decoding=\"async\" class=\"alignleft size-thumbnail wp-image-5999\" src=\"http:\/\/ultimato.com.br\/sites\/jovem\/files\/2017\/05\/selo_familia-150x150.jpg\" alt=\"\" width=\"150\" height=\"150\" \/>Acredito que os crist\u00e3os devem ter as bases da sua f\u00e9 muito bem fixadas e defend\u00ea-las, mas tamb\u00e9m acredito que os crist\u00e3os devem ter em mente o fato de que nossa f\u00e9 n\u00e3o \u00e9 a mesma f\u00e9 do mundo inteiro, por isso, devemos lembrar que nem todos v\u00e3o agir segundo os preceitos b\u00edblicos que a tradi\u00e7\u00e3o crist\u00e3 sempre defendeu. Devemos prezar pelas liberdades individuais de todas as pessoas, mas nunca deixar de dizer o que cremos ser verdadeiro, pois como ouvir\u00e3o se n\u00e3o h\u00e1 quem pregue?<\/p>\n<ul>\n<li><strong>Maur\u00edcio Avoletta Junior<\/strong>,\u00a022 anos. \u00c9 membro da Igreja Presbiteriana do Tucuruvi (SP). Em suas palavras, \u00e9\u00a0profissional em ser chato e futuramente um mestre em \u201cseja o que Deus quiser\u201d.<\/li>\n<\/ul>\n","protected":false},"excerpt":{"rendered":"<p>Por Maur\u00edcio Avoletta Junior \u201cEnt\u00e3o disse o homem: Esta \u00e9 agora osso dos meus ossos, e carne da minha carne; ela ser\u00e1 chamada varoa, porquanto do var\u00e3o foi tomada. Portanto deixar\u00e1 o homem a seu pai e a sua m\u00e3e, e unir-se-\u00e1 a sua mulher, e eles ser\u00e3o uma s\u00f3 carne\u201d. (G\u00eanesis 2:23, 24) No [&hellip;]<\/p>\n","protected":false},"author":19,"featured_media":0,"comment_status":"open","ping_status":"open","sticky":false,"template":"","format":"standard","meta":{"ngg_post_thumbnail":0,"footnotes":""},"categories":[5312],"tags":[8441,31893],"class_list":["post-6021","post","type-post","status-publish","format-standard","hentry","category-campanha","tag-familia","tag-mauricio-avoletta-junior"],"_links":{"self":[{"href":"https:\/\/ultimato.com.br\/sites\/jovem\/wp-json\/wp\/v2\/posts\/6021","targetHints":{"allow":["GET"]}}],"collection":[{"href":"https:\/\/ultimato.com.br\/sites\/jovem\/wp-json\/wp\/v2\/posts"}],"about":[{"href":"https:\/\/ultimato.com.br\/sites\/jovem\/wp-json\/wp\/v2\/types\/post"}],"author":[{"embeddable":true,"href":"https:\/\/ultimato.com.br\/sites\/jovem\/wp-json\/wp\/v2\/users\/19"}],"replies":[{"embeddable":true,"href":"https:\/\/ultimato.com.br\/sites\/jovem\/wp-json\/wp\/v2\/comments?post=6021"}],"version-history":[{"count":2,"href":"https:\/\/ultimato.com.br\/sites\/jovem\/wp-json\/wp\/v2\/posts\/6021\/revisions"}],"predecessor-version":[{"id":6024,"href":"https:\/\/ultimato.com.br\/sites\/jovem\/wp-json\/wp\/v2\/posts\/6021\/revisions\/6024"}],"wp:attachment":[{"href":"https:\/\/ultimato.com.br\/sites\/jovem\/wp-json\/wp\/v2\/media?parent=6021"}],"wp:term":[{"taxonomy":"category","embeddable":true,"href":"https:\/\/ultimato.com.br\/sites\/jovem\/wp-json\/wp\/v2\/categories?post=6021"},{"taxonomy":"post_tag","embeddable":true,"href":"https:\/\/ultimato.com.br\/sites\/jovem\/wp-json\/wp\/v2\/tags?post=6021"}],"curies":[{"name":"wp","href":"https:\/\/api.w.org\/{rel}","templated":true}]}}