{"id":6008,"date":"2017-05-16T17:36:52","date_gmt":"2017-05-16T20:36:52","guid":{"rendered":"http:\/\/ultimato.com.br\/sites\/jovem\/?p=6008"},"modified":"2017-05-16T17:36:52","modified_gmt":"2017-05-16T20:36:52","slug":"conflitos-aprendizados-perdas-e-ganhos-familia","status":"publish","type":"post","link":"https:\/\/ultimato.com.br\/sites\/jovem\/2017\/05\/16\/conflitos-aprendizados-perdas-e-ganhos-familia\/","title":{"rendered":"Conflitos, aprendizados, perdas e ganhos: fam\u00edlia"},"content":{"rendered":"<p><em>Por Jeverton \u201cMagr\u00e3o\u201d Ledo<\/em><\/p>\n<p><img loading=\"lazy\" decoding=\"async\" class=\"size-medium wp-image-6009 alignright\" src=\"http:\/\/ultimato.com.br\/sites\/jovem\/files\/2017\/05\/Ult_Jovem_16_05_17_jeverton-300x199.jpg\" alt=\"\" width=\"300\" height=\"199\" srcset=\"https:\/\/ultimato.com.br\/sites\/jovem\/files\/2017\/05\/Ult_Jovem_16_05_17_jeverton-300x199.jpg 300w, https:\/\/ultimato.com.br\/sites\/jovem\/files\/2017\/05\/Ult_Jovem_16_05_17_jeverton-768x510.jpg 768w, https:\/\/ultimato.com.br\/sites\/jovem\/files\/2017\/05\/Ult_Jovem_16_05_17_jeverton-732x486.jpg 732w, https:\/\/ultimato.com.br\/sites\/jovem\/files\/2017\/05\/Ult_Jovem_16_05_17_jeverton.jpg 820w\" sizes=\"auto, (max-width: 300px) 100vw, 300px\" \/>Por onde devo come\u00e7ar? Fam\u00edlia \u00e9 tudo igual ou ser\u00e1 que nossas hist\u00f3rias familiares se confundem e se cruzam pelo simples fato de todas as rela\u00e7\u00f5es pessoais estarem em descompasso com a ess\u00eancia do projeto?<\/p>\n<p>Projeto fam\u00edlia pode ser um bom ponto de partida. Afinal, todos somos envolvidos nesse n\u00facleo composto por um elenco com seus mais diferentes pap\u00e9is. Os pap\u00e9is aqui s\u00e3o bem definidos, e devem executar o script com todas as nuances e detalhes para que o enredo tenha um &#8220;<em>le grand finale<\/em>&#8220;!<\/p>\n<p>Infelizmente, nem tudo que por vezes come\u00e7a bem ter\u00e1 o final esperado, e sim, isso causa frustra\u00e7\u00e3o e desgaste ao longo do restante de uma caminhada.<\/p>\n<p>O pano de fundo \u00e9 o amor. Carregado do desejo de construir um ambiente onde todos os envolvidos cres\u00e7am e assim sigam dando continuidade a um ciclo. Esse deve perdurar, pois a fam\u00edlia \u00e9 o equil\u00edbrio dessa pir\u00e2mide.<\/p>\n<p>Me permita perguntar: qual \u00e9 sua hist\u00f3ria familiar? Ok, isso \u00e9 pessoal, mas cabe refletir! Penso eu que ainda h\u00e1 tempo para resgatar, reconciliar, e acima de tudo perdoar. Por vezes, e porque n\u00e3o dizer na maioria das vezes, a si mesmo.<\/p>\n<p>Minha pr\u00f3pria hist\u00f3ria me deixou aprendizados que jamais se apagar\u00e3o de minha mem\u00f3ria. Como tantos outros, sim, vivi conflitos, questionamentos. Por vezes e vezes, n\u00e3o entendia o posicionamento de meus pais. Sobrevivemos, superamos. E que doces lembran\u00e7as dos dias que n\u00e3o voltam mais.<\/p>\n<p>A fam\u00edlia \u00e9 um presente, mas sim, eu sei que muitas hist\u00f3rias est\u00e3o marcadas por dor, desconfian\u00e7a, trai\u00e7\u00f5es e uma total e completa desilus\u00e3o.<\/p>\n<p>O recome\u00e7o e o escrever de um novo cap\u00edtulo sempre ser\u00e1 poss\u00edvel quando n\u00e3o se perde a esperan\u00e7a e a f\u00e9 coerente. F\u00e9 essa que nos posiciona como falhos, limitados e incapazes de administrar tudo com margem de erro zero.<\/p>\n<p>Mas sim, creia que a constru\u00e7\u00e3o de uma nova fam\u00edlia n\u00e3o precisa ser a reprodu\u00e7\u00e3o daquilo que por vezes muitos de n\u00f3s tenhamos outrora experimentado em algum momento dessa caminhada.<\/p>\n<p><img loading=\"lazy\" decoding=\"async\" class=\"size-thumbnail wp-image-5999 alignleft\" src=\"http:\/\/ultimato.com.br\/sites\/jovem\/files\/2017\/05\/selo_familia-150x150.jpg\" alt=\"\" width=\"150\" height=\"150\" \/>Restaura\u00e7\u00e3o, constru\u00e7\u00e3o, pe\u00e7as em um tabuleiro que devem se permitir ser mexidas pelo Criador, arquiteto e idealizador da fam\u00edlia.<\/p>\n<p>Para finalizar, com saudade das terras de Minas, onde por alguns anos vivi, digo Fam\u00edlia: &#8220;\u00d4 trem b\u00e3o s\u00f4&#8221;.<\/p>\n<ul>\n<li><strong>Jeverton \u201cMagr\u00e3o\u201d Ledo<\/strong>\u00a0\u00e9 mission\u00e1rio e trabalha com juventude. Ele e a esposa est\u00e3o na B\u00e9lgica, onde v\u00e3o morar por um tempo.<\/li>\n<\/ul>\n","protected":false},"excerpt":{"rendered":"<p>Por Jeverton \u201cMagr\u00e3o\u201d Ledo Por onde devo come\u00e7ar? Fam\u00edlia \u00e9 tudo igual ou ser\u00e1 que nossas hist\u00f3rias familiares se confundem e se cruzam pelo simples fato de todas as rela\u00e7\u00f5es pessoais estarem em descompasso com a ess\u00eancia do projeto? Projeto fam\u00edlia pode ser um bom ponto de partida. Afinal, todos somos envolvidos nesse n\u00facleo composto [&hellip;]<\/p>\n","protected":false},"author":19,"featured_media":0,"comment_status":"open","ping_status":"open","sticky":false,"template":"","format":"standard","meta":{"ngg_post_thumbnail":0,"footnotes":""},"categories":[5312],"tags":[8441,5536,26686,9503],"class_list":["post-6008","post","type-post","status-publish","format-standard","hentry","category-campanha","tag-familia","tag-fe","tag-jeverton-magrao-ledo","tag-perdao"],"_links":{"self":[{"href":"https:\/\/ultimato.com.br\/sites\/jovem\/wp-json\/wp\/v2\/posts\/6008","targetHints":{"allow":["GET"]}}],"collection":[{"href":"https:\/\/ultimato.com.br\/sites\/jovem\/wp-json\/wp\/v2\/posts"}],"about":[{"href":"https:\/\/ultimato.com.br\/sites\/jovem\/wp-json\/wp\/v2\/types\/post"}],"author":[{"embeddable":true,"href":"https:\/\/ultimato.com.br\/sites\/jovem\/wp-json\/wp\/v2\/users\/19"}],"replies":[{"embeddable":true,"href":"https:\/\/ultimato.com.br\/sites\/jovem\/wp-json\/wp\/v2\/comments?post=6008"}],"version-history":[{"count":2,"href":"https:\/\/ultimato.com.br\/sites\/jovem\/wp-json\/wp\/v2\/posts\/6008\/revisions"}],"predecessor-version":[{"id":6011,"href":"https:\/\/ultimato.com.br\/sites\/jovem\/wp-json\/wp\/v2\/posts\/6008\/revisions\/6011"}],"wp:attachment":[{"href":"https:\/\/ultimato.com.br\/sites\/jovem\/wp-json\/wp\/v2\/media?parent=6008"}],"wp:term":[{"taxonomy":"category","embeddable":true,"href":"https:\/\/ultimato.com.br\/sites\/jovem\/wp-json\/wp\/v2\/categories?post=6008"},{"taxonomy":"post_tag","embeddable":true,"href":"https:\/\/ultimato.com.br\/sites\/jovem\/wp-json\/wp\/v2\/tags?post=6008"}],"curies":[{"name":"wp","href":"https:\/\/api.w.org\/{rel}","templated":true}]}}