{"id":6001,"date":"2017-05-12T10:15:53","date_gmt":"2017-05-12T13:15:53","guid":{"rendered":"http:\/\/ultimato.com.br\/sites\/jovem\/?p=6001"},"modified":"2017-05-12T10:15:53","modified_gmt":"2017-05-12T13:15:53","slug":"o-que-deus-tem-para-as-familias","status":"publish","type":"post","link":"https:\/\/ultimato.com.br\/sites\/jovem\/2017\/05\/12\/o-que-deus-tem-para-as-familias\/","title":{"rendered":"O que Deus tem para as fam\u00edlias?"},"content":{"rendered":"<p><em>Por Joyce\u00a0Hencklein<\/em><\/p>\n<p><img loading=\"lazy\" decoding=\"async\" class=\"alignright size-medium wp-image-6002\" src=\"http:\/\/ultimato.com.br\/sites\/jovem\/files\/2017\/05\/Ult_Jovem_12_05_17_familias-300x200.jpg\" alt=\"\" width=\"300\" height=\"200\" srcset=\"https:\/\/ultimato.com.br\/sites\/jovem\/files\/2017\/05\/Ult_Jovem_12_05_17_familias-300x200.jpg 300w, https:\/\/ultimato.com.br\/sites\/jovem\/files\/2017\/05\/Ult_Jovem_12_05_17_familias.jpg 435w\" sizes=\"auto, (max-width: 300px) 100vw, 300px\" \/>Quando pensamos em fam\u00edlia, pensamos em lar. E lar nos remete a um lugar de conforto, aconchego, uni\u00e3o, comida na mesa, harmonia e amor.<\/p>\n<p>Mas nossas fam\u00edlias nem sempre possuem essas caracter\u00edsticas t\u00e3o boas e satisfat\u00f3rias. Muitas vezes as fam\u00edlias se tornam extremamente conflituosas e o ambiente fica nada agrad\u00e1vel. Talvez at\u00e9 com muito rancor, tristeza e falta de recursos.<\/p>\n<p>A fam\u00edlia pode estar \u201cdoente\u201d, precisando de cuidados, de um \u201cexame m\u00e9dico\u201d para diagnosticarmos o problema e buscarmos a solu\u00e7\u00e3o.<\/p>\n<p>A B\u00edblia nos oferece muitos conselhos que servem perfeitamente como rem\u00e9dios para aprendermos a viver bem em fam\u00edlia e comunidade. Valores que s\u00e3o cruciais e que nos ajudam a expressar uma vida centrada em Jesus e seus ensinamentos:<\/p>\n<p><strong>&#8211; Para todos os filhos e pais a palavra de Deus diz:<\/strong> <em>\u201cFilhos, obedecei a vossos pais no Senhor, pois isto \u00e9 justo. Honra teu pai e tua m\u00e3e (que \u00e9 o 1\u00b0 mandamento com promessa), para que te v\u00e1 bem, e sejas de longa vida sobre a terra. E v\u00f3s, pais n\u00e3o provoqueis vossos filhos a ira, mas criai-vos na disciplina e na admoesta\u00e7\u00e3o do Senhor\u201d. <\/em>(Ef\u00e9sios 6.1-4)<!--more--><\/p>\n<p><strong>&#8211; Para um bom relacionamento familiar e em comunidade, a B\u00edblia nos fala sobre o fruto do Esp\u00edrito que, quando colocado em pr\u00e1tica, faz toda a diferen\u00e7a no dia a dia<\/strong>:<em> \u201cMas o fruto do Esp\u00edrito \u00e9: Amor, alegria, paz, longaminidade, benignidade, bondade, fidelidade, mansid\u00e3o e dom\u00ednio pr\u00f3prio. Contra essas cousas n\u00e3o h\u00e1 lei. E os que s\u00e3o de Cristo Jesus crucificaram a carne, com as suas paix\u00f5es e concupisc\u00eancias. Se vivemos no Esp\u00edrito, andemos tamb\u00e9m no Esp\u00edrito\u201d. <\/em>(G\u00e1latas 5.22-25)<\/p>\n<p><strong>\u00a0&#8211; Com rela\u00e7\u00e3o a perd\u00e3o, podemos aprender valores e conselhos na carta aos Colossenses:\u00a0<\/strong><em>\u201cSuportem-se uns aos outros e perdoem as queixas que tiverem uns contra os outros. Perdoem como o Senhor lhes perdoou. Acima de tudo, por\u00e9m, revistam-se do amor, que \u00e9 o elo perfeito. Que a paz de Cristo seja o juiz em seus cora\u00e7\u00f5es, visto que voc\u00eas foram chamados a viver em paz, como membros de um s\u00f3 corpo. E sejam agradecidos. Habite ricamente em voc\u00eas a palavra de Cristo; ensinem e aconselhem-se uns aos outros com toda a sabedoria, e cantem salmos, hinos e c\u00e2nticos espirituais com gratid\u00e3o a Deus em seus cora\u00e7\u00f5es. Tudo o que fizerem, seja em palavra ou em a\u00e7\u00e3o, fa\u00e7am-no em nome do Senhor Jesus, dando por meio dele gra\u00e7as a Deus Pai\u201d<\/em>. (3.13 -17)<\/p>\n<p><img loading=\"lazy\" decoding=\"async\" class=\"alignleft size-thumbnail wp-image-5999\" src=\"http:\/\/ultimato.com.br\/sites\/jovem\/files\/2017\/05\/selo_familia-150x150.jpg\" alt=\"\" width=\"150\" height=\"150\" \/>Que possamos crer nessas palavras e buscar em Jesus sabedoria e resposta para todas as quest\u00f5es de nossas fam\u00edlias. Que Deus nos aben\u00e7oe.<\/p>\n<ul>\n<li><strong>Joyce Hencklein<\/strong>, 23 anos. \u00c9 formada em Gest\u00e3o Empresarial, faz parte da Igreja Presbiteriana de Leme (SP), e \u00e9 amante da leitura e escrita.<\/li>\n<\/ul>\n<p><strong>Leia mais:<\/strong><\/p>\n<p><a href=\"http:\/\/www.ultimato.com.br\/loja\/produtos\/acontece-nas-melhores-familias\">Acontece nas melhores fam\u00edlias<\/a><\/p>\n","protected":false},"excerpt":{"rendered":"<p>Por Joyce\u00a0Hencklein Quando pensamos em fam\u00edlia, pensamos em lar. E lar nos remete a um lugar de conforto, aconchego, uni\u00e3o, comida na mesa, harmonia e amor. Mas nossas fam\u00edlias nem sempre possuem essas caracter\u00edsticas t\u00e3o boas e satisfat\u00f3rias. Muitas vezes as fam\u00edlias se tornam extremamente conflituosas e o ambiente fica nada agrad\u00e1vel. Talvez at\u00e9 com [&hellip;]<\/p>\n","protected":false},"author":19,"featured_media":0,"comment_status":"open","ping_status":"open","sticky":false,"template":"","format":"standard","meta":{"ngg_post_thumbnail":0,"footnotes":""},"categories":[5312],"tags":[8441,31858],"class_list":["post-6001","post","type-post","status-publish","format-standard","hentry","category-campanha","tag-familia","tag-joyce-hencklein"],"_links":{"self":[{"href":"https:\/\/ultimato.com.br\/sites\/jovem\/wp-json\/wp\/v2\/posts\/6001","targetHints":{"allow":["GET"]}}],"collection":[{"href":"https:\/\/ultimato.com.br\/sites\/jovem\/wp-json\/wp\/v2\/posts"}],"about":[{"href":"https:\/\/ultimato.com.br\/sites\/jovem\/wp-json\/wp\/v2\/types\/post"}],"author":[{"embeddable":true,"href":"https:\/\/ultimato.com.br\/sites\/jovem\/wp-json\/wp\/v2\/users\/19"}],"replies":[{"embeddable":true,"href":"https:\/\/ultimato.com.br\/sites\/jovem\/wp-json\/wp\/v2\/comments?post=6001"}],"version-history":[{"count":3,"href":"https:\/\/ultimato.com.br\/sites\/jovem\/wp-json\/wp\/v2\/posts\/6001\/revisions"}],"predecessor-version":[{"id":6005,"href":"https:\/\/ultimato.com.br\/sites\/jovem\/wp-json\/wp\/v2\/posts\/6001\/revisions\/6005"}],"wp:attachment":[{"href":"https:\/\/ultimato.com.br\/sites\/jovem\/wp-json\/wp\/v2\/media?parent=6001"}],"wp:term":[{"taxonomy":"category","embeddable":true,"href":"https:\/\/ultimato.com.br\/sites\/jovem\/wp-json\/wp\/v2\/categories?post=6001"},{"taxonomy":"post_tag","embeddable":true,"href":"https:\/\/ultimato.com.br\/sites\/jovem\/wp-json\/wp\/v2\/tags?post=6001"}],"curies":[{"name":"wp","href":"https:\/\/api.w.org\/{rel}","templated":true}]}}